{"id":4239,"date":"2025-07-08T20:47:58","date_gmt":"2025-07-08T20:47:58","guid":{"rendered":"https:\/\/www.rengoenlanoticia.cl\/prensa\/?p=4239"},"modified":"2025-07-08T20:48:00","modified_gmt":"2025-07-08T20:48:00","slug":"samex-renueva-certificacion-giro-limpio-2025-y-consolida-su-compromiso-con-la-logistica-sustentable","status":"publish","type":"post","link":"https:\/\/www.rengoenlanoticia.cl\/prensa\/2025\/07\/08\/samex-renueva-certificacion-giro-limpio-2025-y-consolida-su-compromiso-con-la-logistica-sustentable\/","title":{"rendered":"Samex renueva certificaci\u00f3n Giro Limpio 2025 y consolida su compromiso con la log\u00edstica sustentable"},"content":{"rendered":"\n<p>\u00b7&nbsp;&nbsp;&nbsp;&nbsp;&nbsp;&nbsp;&nbsp;&nbsp;&nbsp;&nbsp;<em>Con esta renovaci\u00f3n, Samex no solo reafirma su responsabilidad con la eficiencia y la innovaci\u00f3n tecnol\u00f3gica, sino que tambi\u00e9n su rol activo en la construcci\u00f3n de una log\u00edstica m\u00e1s \u00e9tica, segura y respetuosa con el entorno.<\/em><\/p>\n\n\n\n<p>\u201cLa log\u00edstica debe ser eficiente, pero tambi\u00e9n segura, \u00e9tica y respetuosa con el medio ambiente\u201d, afirma Tania M\u00e9ndez, gerente de Estrategia y Desarrollo de Negocios de&nbsp;<strong>Samex<\/strong>&nbsp;,&nbsp;empresa de transporte de carga industrial y parte del&nbsp;<strong>Grupo Jedimar.<\/strong>&nbsp;Esta convicci\u00f3n se ha transformado en una premisa que mueve a la compa\u00f1\u00eda en cada una de sus decisiones y que se acaba de ver reflejada en la renovaci\u00f3n de la certificaci\u00f3n&nbsp;<strong>Giro Limpio 2025,<\/strong>&nbsp;lo que demuestra el buen rumbo que ha tomado la estrategia de sostenibilidad impulsada por la compa\u00f1\u00eda, y que se alinea con las metas nacionales de descarbonizaci\u00f3n.<\/p>\n\n\n\n<p>Giro Limpio, programa del Ministerio de Energ\u00eda y la Agencia de Sostenibilidad Energ\u00e9tica, reconoce a las empresas que adoptan medidas concretas para reducir el consumo de combustible y las emisiones de gases de efecto invernadero en el transporte de carga.<\/p>\n\n\n\n<p>\u201cPara Samex, esta certificaci\u00f3n representa un hito en nuestro camino hacia una operaci\u00f3n m\u00e1s eficiente, responsable y transparente. Ser parte de esta iniciativa nos ha permitido alinear nuestras operaciones con est\u00e1ndares reconocidos a nivel nacional, lo que fortalece nuestra credibilidad y compromiso frente a nuestros clientes, colaboradores y la comunidad\u201d, afirma Tania M\u00e9ndez.<\/p>\n\n\n\n<p>Samex realiza un monitoreo constante de indicadores clave, como el rendimiento energ\u00e9tico por viaje, el uso eficiente del combustible, el kilometraje recorrido y los kilogramos transportados. Gracias a la integraci\u00f3n de tecnolog\u00edas avanzadas -como la plataforma Mobicua, sistemas GPS y sensores de asistencia a la conducci\u00f3n, incluyendo mecanismos anti somnolencia- Samex obtiene informes en tiempo real que mejoran tanto la seguridad vial como la eficiencia operativa. Estas herramientas se complementan con programas de mantenimiento preventivo y capacitaci\u00f3n continua para todos los equipos.<\/p>\n\n\n\n<p>Para Samex. alcanzar esta certificaci\u00f3n, por segundo a\u00f1o consecutivo,ha requerido un trabajo sostenido y transversal. Uno de los pilares ha sido la implementaci\u00f3n de un&nbsp;<strong>Plan de Sostenibilidad<\/strong>&nbsp;anual, que permite establecer metas claras, calendarizar acciones concretas y monitorear avances desde un enfoque integral: social, ambiental y operativo. Adem\u00e1s, el proceso de renovaci\u00f3n involucr\u00f3 a diversas \u00e1reas de la empresa -operaciones, mantenimiento, prevenci\u00f3n, tecnolog\u00eda y recursos humanos- fortaleciendo una cultura organizacional en la que la sostenibilidad es un eje central.<\/p>\n\n\n\n<p>Con esta renovaci\u00f3n, Samex no solo reafirma su compromiso con la eficiencia y la innovaci\u00f3n tecnol\u00f3gica, sino que tambi\u00e9n consolida su rol activo en la construcci\u00f3n de una log\u00edstica m\u00e1s \u00e9tica.segura y respetuosa con el medio ambiente, aportando de manera concreta a los objetivos de descarbonizaci\u00f3n del pa\u00eds.<\/p>\n\n\n\n<p>\u00abEsta certificaci\u00f3n no es un punto de llegada, sino parte de una estrategia de largo plazo orientada a consolidar a Samex como una empresa l\u00edder en log\u00edstica sustentable. Creemos firmemente que el futuro de nuestro rubro debe construirse desde una perspectiva responsable, y nuestro compromiso es avanzar cada a\u00f1o, revisando, mejorando y ampliando nuestras acciones con una visi\u00f3n de futuro\u00bb, concluye Tania M\u00e9ndez.<\/p>\n","protected":false},"excerpt":{"rendered":"\u00b7&nbsp;&nbsp;&nbsp;&nbsp;&nbsp;&nbsp;&nbsp;&nbsp;&nbsp;&nbsp;Con esta renovaci\u00f3n, Samex no solo reafirma su responsabilidad con la eficiencia y la innovaci\u00f3n tecnol\u00f3gica, sino que&hellip;\n","protected":false},"author":2,"featured_media":4242,"comment_status":"open","ping_status":"open","sticky":false,"template":"","format":"standard","meta":{"_monsterinsights_skip_tracking":false,"_monsterinsights_sitenote_active":false,"_monsterinsights_sitenote_note":"","_monsterinsights_sitenote_category":0,"footnotes":""},"categories":[8],"tags":[],"class_list":{"0":"post-4239","1":"post","2":"type-post","3":"status-publish","4":"format-standard","5":"has-post-thumbnail","7":"category-portada"},"aioseo_notices":[],"_links":{"self":[{"href":"https:\/\/www.rengoenlanoticia.cl\/prensa\/wp-json\/wp\/v2\/posts\/4239","targetHints":{"allow":["GET"]}}],"collection":[{"href":"https:\/\/www.rengoenlanoticia.cl\/prensa\/wp-json\/wp\/v2\/posts"}],"about":[{"href":"https:\/\/www.rengoenlanoticia.cl\/prensa\/wp-json\/wp\/v2\/types\/post"}],"author":[{"embeddable":true,"href":"https:\/\/www.rengoenlanoticia.cl\/prensa\/wp-json\/wp\/v2\/users\/2"}],"replies":[{"embeddable":true,"href":"https:\/\/www.rengoenlanoticia.cl\/prensa\/wp-json\/wp\/v2\/comments?post=4239"}],"version-history":[{"count":3,"href":"https:\/\/www.rengoenlanoticia.cl\/prensa\/wp-json\/wp\/v2\/posts\/4239\/revisions"}],"predecessor-version":[{"id":4248,"href":"https:\/\/www.rengoenlanoticia.cl\/prensa\/wp-json\/wp\/v2\/posts\/4239\/revisions\/4248"}],"wp:featuredmedia":[{"embeddable":true,"href":"https:\/\/www.rengoenlanoticia.cl\/prensa\/wp-json\/wp\/v2\/media\/4242"}],"wp:attachment":[{"href":"https:\/\/www.rengoenlanoticia.cl\/prensa\/wp-json\/wp\/v2\/media?parent=4239"}],"wp:term":[{"taxonomy":"category","embeddable":true,"href":"https:\/\/www.rengoenlanoticia.cl\/prensa\/wp-json\/wp\/v2\/categories?post=4239"},{"taxonomy":"post_tag","embeddable":true,"href":"https:\/\/www.rengoenlanoticia.cl\/prensa\/wp-json\/wp\/v2\/tags?post=4239"}],"curies":[{"name":"wp","href":"https:\/\/api.w.org\/{rel}","templated":true}]}}