{"id":4208,"date":"2025-07-05T22:40:22","date_gmt":"2025-07-05T22:40:22","guid":{"rendered":"https:\/\/www.rengoenlanoticia.cl\/prensa\/?p=4208"},"modified":"2025-07-05T22:40:37","modified_gmt":"2025-07-05T22:40:37","slug":"avanzan-a-paso-firme-las-obras-en-el-estadio-codelco-el-teniente-de-cara-a-la-copa-mundial-sub-20-de-la-fifa-chile-2025","status":"publish","type":"post","link":"https:\/\/www.rengoenlanoticia.cl\/prensa\/2025\/07\/05\/avanzan-a-paso-firme-las-obras-en-el-estadio-codelco-el-teniente-de-cara-a-la-copa-mundial-sub-20-de-la-fifa-chile-2025\/","title":{"rendered":"Avanzan a paso firme las obras en el Estadio Codelco El Teniente de cara a la Copa Mundial Sub-20 de la FIFA Chile 2025"},"content":{"rendered":"\n<p>&nbsp;En el marco de los preparativos para la Copa Mundial Sub-20 de la FIFA Chile 2025, la sede de Rancagua presenta un significativo y sostenido avance en las obras de remodelaci\u00f3n y modernizaci\u00f3n del Estadio Codelco El Teniente. Los trabajos, que se concentran tanto en las zonas de competici\u00f3n como en las \u00e1reas destinadas a mejorar la experiencia de los espectadores, avanzan sin contratiempos y posicionan al recinto como un escenario de primer nivel para la cita planetaria.<\/p>\n\n\n\n<p>Uno de los hitos m\u00e1s destacados de la actual fase es la instalaci\u00f3n de un nuevo y moderno sistema de iluminaci\u00f3n. El estadio contar\u00e1 con luminarias LED de nivel B con una capacidad de 2.000 lux, un est\u00e1ndar que no solo cumple, sino que se alinea con las m\u00e1s altas exigencias de la FIFA para competiciones internacionales y transmisiones televisivas de alta definici\u00f3n.<\/p>\n\n\n\n<p>Las principales remodelaciones abarcan \u00e1reas cruciales para el desarrollo del torneo, incluyendo la modernizaci\u00f3n integral de camarines, zonas de prensa, la zona de competencia, \u00e1reas VIP y los puestos de transmisi\u00f3n. Estas mejoras buscan garantizar que tanto los atletas y sus delegaciones como los profesionales de los medios de comunicaci\u00f3n y el p\u00fablico en general, cuenten con instalaciones de clase mundial.<\/p>\n\n\n\n<p>Pablo Milad, Presidente de la Federaci\u00f3n de F\u00fatbol de Chile, destac\u00f3 el impacto a largo plazo de estas inversiones. \u201cLa Copa Mundial Sub-20 de la FIFA Chile 2025 dejar\u00e1 un importante legado de infraestructura al f\u00fatbol chileno: cuatro estadios que alcanzar\u00e1n el m\u00e1s alto est\u00e1ndar internacional, validado por FIFA y, por supuesto, CONMEBOL, y que quedar\u00e1n a disposici\u00f3n de las diferentes competencias nacionales e internacionales donde participan los clubes chilenos\u201d, se\u00f1al\u00f3.<\/p>\n\n\n\n<figure class=\"wp-block-image size-large\"><img loading=\"lazy\" decoding=\"async\" width=\"1024\" height=\"682\" src=\"https:\/\/www.rengoenlanoticia.cl\/prensa\/wp-content\/uploads\/2025\/07\/WhatsApp-Image-2025-07-05-at-18.38.26-1024x682.jpeg\" alt=\"\" class=\"wp-image-4210\" srcset=\"https:\/\/www.rengoenlanoticia.cl\/prensa\/wp-content\/uploads\/2025\/07\/WhatsApp-Image-2025-07-05-at-18.38.26-1024x682.jpeg 1024w, https:\/\/www.rengoenlanoticia.cl\/prensa\/wp-content\/uploads\/2025\/07\/WhatsApp-Image-2025-07-05-at-18.38.26-300x200.jpeg 300w, https:\/\/www.rengoenlanoticia.cl\/prensa\/wp-content\/uploads\/2025\/07\/WhatsApp-Image-2025-07-05-at-18.38.26-768x512.jpeg 768w, https:\/\/www.rengoenlanoticia.cl\/prensa\/wp-content\/uploads\/2025\/07\/WhatsApp-Image-2025-07-05-at-18.38.26-1536x1023.jpeg 1536w, https:\/\/www.rengoenlanoticia.cl\/prensa\/wp-content\/uploads\/2025\/07\/WhatsApp-Image-2025-07-05-at-18.38.26-110x73.jpeg 110w, https:\/\/www.rengoenlanoticia.cl\/prensa\/wp-content\/uploads\/2025\/07\/WhatsApp-Image-2025-07-05-at-18.38.26-200x133.jpeg 200w, https:\/\/www.rengoenlanoticia.cl\/prensa\/wp-content\/uploads\/2025\/07\/WhatsApp-Image-2025-07-05-at-18.38.26-380x253.jpeg 380w, https:\/\/www.rengoenlanoticia.cl\/prensa\/wp-content\/uploads\/2025\/07\/WhatsApp-Image-2025-07-05-at-18.38.26-255x170.jpeg 255w, https:\/\/www.rengoenlanoticia.cl\/prensa\/wp-content\/uploads\/2025\/07\/WhatsApp-Image-2025-07-05-at-18.38.26-550x366.jpeg 550w, https:\/\/www.rengoenlanoticia.cl\/prensa\/wp-content\/uploads\/2025\/07\/WhatsApp-Image-2025-07-05-at-18.38.26-800x533.jpeg 800w, https:\/\/www.rengoenlanoticia.cl\/prensa\/wp-content\/uploads\/2025\/07\/WhatsApp-Image-2025-07-05-at-18.38.26-1160x773.jpeg 1160w, https:\/\/www.rengoenlanoticia.cl\/prensa\/wp-content\/uploads\/2025\/07\/WhatsApp-Image-2025-07-05-at-18.38.26.jpeg 1600w\" sizes=\"auto, (max-width: 1024px) 100vw, 1024px\" \/><\/figure>\n\n\n\n<p>Por su parte, el Delegado Presidencial en la regi\u00f3n, subray\u00f3 el positivo desarrollo de los trabajos y el compromiso local con el evento. \u00abEstamos muy contentos con el ritmo y la calidad de las obras que se est\u00e1n llevando a cabo en Rancagua. El Estadio Codelco El Teniente, que ser\u00e1 uno de los epicentros de este importante evento deportivo, est\u00e1 experimentando una transformaci\u00f3n notable. Los avances son palpables y nos acercan cada d\u00eda m\u00e1s a tener una sede de primer nivel\u00bb, afirm\u00f3.<\/p>\n\n\n\n<p>El Delegado Presidencial tambi\u00e9n hizo hincapi\u00e9 en el esfuerzo coordinado entre las distintas entidades para que la ciudad est\u00e9 a la altura del desaf\u00edo. \u00abNo solo el estadio, sino tambi\u00e9n las obras complementarias en la ciudad est\u00e1n progresando de manera excelente. Esto incluye mejoras en infraestructura vial y servicios, todo con el objetivo de brindar la mejor experiencia tanto a los equipos participantes como a los aficionados que nos visitar\u00e1n\u00bb, agreg\u00f3.<\/p>\n\n\n\n<p>Con estos avances, Rancagua se prepara para recibir a miles de visitantes, confirmando su compromiso con el \u00e9xito de la Copa Mundial Sub-20 de la FIFA y el desarrollo del deporte en Chile.<\/p>\n","protected":false},"excerpt":{"rendered":"&nbsp;En el marco de los preparativos para la Copa Mundial Sub-20 de la FIFA Chile 2025, la sede&hellip;\n","protected":false},"author":2,"featured_media":4209,"comment_status":"open","ping_status":"open","sticky":false,"template":"","format":"standard","meta":{"_monsterinsights_skip_tracking":false,"_monsterinsights_sitenote_active":false,"_monsterinsights_sitenote_note":"","_monsterinsights_sitenote_category":0,"footnotes":""},"categories":[8],"tags":[],"class_list":{"0":"post-4208","1":"post","2":"type-post","3":"status-publish","4":"format-standard","5":"has-post-thumbnail","7":"category-portada"},"aioseo_notices":[],"_links":{"self":[{"href":"https:\/\/www.rengoenlanoticia.cl\/prensa\/wp-json\/wp\/v2\/posts\/4208","targetHints":{"allow":["GET"]}}],"collection":[{"href":"https:\/\/www.rengoenlanoticia.cl\/prensa\/wp-json\/wp\/v2\/posts"}],"about":[{"href":"https:\/\/www.rengoenlanoticia.cl\/prensa\/wp-json\/wp\/v2\/types\/post"}],"author":[{"embeddable":true,"href":"https:\/\/www.rengoenlanoticia.cl\/prensa\/wp-json\/wp\/v2\/users\/2"}],"replies":[{"embeddable":true,"href":"https:\/\/www.rengoenlanoticia.cl\/prensa\/wp-json\/wp\/v2\/comments?post=4208"}],"version-history":[{"count":2,"href":"https:\/\/www.rengoenlanoticia.cl\/prensa\/wp-json\/wp\/v2\/posts\/4208\/revisions"}],"predecessor-version":[{"id":4212,"href":"https:\/\/www.rengoenlanoticia.cl\/prensa\/wp-json\/wp\/v2\/posts\/4208\/revisions\/4212"}],"wp:featuredmedia":[{"embeddable":true,"href":"https:\/\/www.rengoenlanoticia.cl\/prensa\/wp-json\/wp\/v2\/media\/4209"}],"wp:attachment":[{"href":"https:\/\/www.rengoenlanoticia.cl\/prensa\/wp-json\/wp\/v2\/media?parent=4208"}],"wp:term":[{"taxonomy":"category","embeddable":true,"href":"https:\/\/www.rengoenlanoticia.cl\/prensa\/wp-json\/wp\/v2\/categories?post=4208"},{"taxonomy":"post_tag","embeddable":true,"href":"https:\/\/www.rengoenlanoticia.cl\/prensa\/wp-json\/wp\/v2\/tags?post=4208"}],"curies":[{"name":"wp","href":"https:\/\/api.w.org\/{rel}","templated":true}]}}