{"id":4204,"date":"2025-07-05T03:54:12","date_gmt":"2025-07-05T03:54:12","guid":{"rendered":"https:\/\/www.rengoenlanoticia.cl\/prensa\/?p=4204"},"modified":"2025-07-05T03:54:34","modified_gmt":"2025-07-05T03:54:34","slug":"declara-alerta-temprana-preventiva-regional","status":"publish","type":"post","link":"https:\/\/www.rengoenlanoticia.cl\/prensa\/2025\/07\/05\/declara-alerta-temprana-preventiva-regional\/","title":{"rendered":"DECLARA\u00a0ALERTA TEMPRANA PREVENTIVA REGIONAL"},"content":{"rendered":"\n<p>De acuerdo con la informaci\u00f3n proporcionada por la Direcci\u00f3n Meteorol\u00f3gica de Chile (DMC), mediante su Aviso Meteorol\u00f3gico&nbsp;A251-4\/2025 (actualizaci\u00f3n), el cual prev\u00e9 viento normal a moderado, en zonas de litoral y cordillera, entre las regiones de Coquimbo y La Araucan\u00eda, pronosticado entre la tarde del s\u00e1bado 05 de julio y la madrugada del domingo 06 de julio,&nbsp;en la Regi\u00f3n de O\u2019Higgins, seg\u00fan el siguiente detalle:<\/p>\n\n\n\n<p>&nbsp;&nbsp; &nbsp;&nbsp;&nbsp;&nbsp;&nbsp;&nbsp;&nbsp;&nbsp;&nbsp;&nbsp;&nbsp;&nbsp;Intensidad estimada del Viento en km\/h:<\/p>\n\n\n\n<figure class=\"wp-block-table\"><table class=\"has-fixed-layout\"><tbody><tr><td><strong>Zona<\/strong><\/td><td><strong>S\u00e1bado 05<\/strong><\/td><td><strong>Domingo 06<\/strong><\/td><\/tr><tr><td>Litoral<\/td><td>25 a 40 rachas 60<\/td><td>25 a 40 rachas 60<\/td><\/tr><tr><td>Cordillera<\/td><td>40 a 50 rachas 60<\/td><td>40 a 50 rachas 60<\/td><\/tr><\/tbody><\/table><\/figure>\n\n\n\n<p>En consideraci\u00f3n a estos antecedentes, que suponen un aumento del riesgo asociado a dichas variable meteorol\u00f3gica, la Direcci\u00f3n Regional de SENAPRED O\u2019Higgins,&nbsp;<strong>declara Alerta Temprana Preventiva Regional por Viento (ATR N\u00b0111)<\/strong>, vigente desde hoy y hasta que las condiciones del evento as\u00ed lo ameriten.<\/p>\n\n\n\n<p><strong>2.-<u>&nbsp;CURSOS DE ACCI\u00d3N<\/u><\/strong><\/p>\n\n\n\n<p>\u00b7&nbsp;&nbsp;&nbsp;&nbsp;&nbsp;&nbsp;&nbsp;&nbsp;&nbsp;Difusi\u00f3n de la presente Alerta Temprana Preventiva a Integrantes del Sistema Nacional de Prevenci\u00f3n y Respuesta ante Desastres.<\/p>\n\n\n\n<p>\u00b7&nbsp;&nbsp;&nbsp;&nbsp;&nbsp;&nbsp;&nbsp;&nbsp;&nbsp;La Unidad Regional de Alerta Temprana del SENAPRED mantendr\u00e1 monitoreo permanente con los integrantes del Sistema Regional de Prevenci\u00f3n y Respuesta ante Desastres hasta el t\u00e9rmino del evento.<\/p>\n\n\n\n<p>\u00b7&nbsp;&nbsp;&nbsp;&nbsp;&nbsp;&nbsp;&nbsp;&nbsp;&nbsp;Difusi\u00f3n a las empresas del sector energ\u00eda con faenas en precordillera.<\/p>\n\n\n\n<p>\u00b7&nbsp;&nbsp;&nbsp;&nbsp;&nbsp;&nbsp;&nbsp;&nbsp;&nbsp;Activaci\u00f3n preventiva de Comit\u00e9s para la Gesti\u00f3n del Riesgo.<\/p>\n\n\n\n<p>\u00b7&nbsp;&nbsp;&nbsp;&nbsp;&nbsp;&nbsp;&nbsp;&nbsp;&nbsp;Puesta a punto de enlaces de coordinaci\u00f3n y planificaci\u00f3n de operaciones de emergencia.<\/p>\n\n\n\n<p>\u00b7&nbsp;&nbsp;&nbsp;&nbsp;&nbsp;&nbsp;&nbsp;&nbsp;&nbsp;Detecci\u00f3n de zonas de riesgo y vulnerabilidades asociadas.<\/p>\n\n\n\n<p>\u00b7&nbsp;&nbsp;&nbsp;&nbsp;&nbsp;&nbsp;&nbsp;&nbsp;&nbsp;Actualizar de catastro de recursos disponibles y operativos a nivel regional, provincial y comunal.<\/p>\n\n\n\n<p>\u00b7&nbsp;&nbsp;&nbsp;&nbsp;&nbsp;&nbsp;&nbsp;&nbsp;&nbsp;Realizar mantenciones urbanas a fin de disminuir vulnerabilidades asociadas.<\/p>\n\n\n\n<p>\u00b7&nbsp;&nbsp;&nbsp;&nbsp;&nbsp;&nbsp;&nbsp;&nbsp;&nbsp;Monitoreo de los sectores m\u00e1s vulnerables correspondientes a aldeas y asentamientos irregulares.<\/p>\n\n\n\n<p>\u00b7&nbsp;&nbsp;&nbsp;&nbsp;&nbsp;&nbsp;&nbsp;&nbsp;&nbsp;Monitoreo de puntos cr\u00edticos identificados en el programa invierno 2023.<\/p>\n\n\n\n<p><strong>4.-&nbsp;<u>ORIENTACIONES A LA ALERTA<\/u><\/strong><\/p>\n\n\n\n<p>La declaraci\u00f3n de esta alerta se constituye como un estado de reforzamiento de la vigilancia, mediante el monitoreo preciso y riguroso de las condiciones de riesgo y las respectivas vulnerabilidades asociadas a la amenaza, coordinando y activando al Sistema Regional de Prevenci\u00f3n y Respuesta ante Desastres con el fin de actuar oportunamente frente a eventuales situaciones de emergencia.<\/p>\n\n\n\n<p><a><\/a><a>En atenci\u00f3n a la&nbsp;condici\u00f3n de&nbsp;<strong>viento<\/strong>, se deber\u00e1 mantener&nbsp;las coordinaciones necesarias para la&nbsp;<\/a><a>efectividad de los mecanismos de alerta y de gestiones de prevenci\u00f3n a fin de evitar situaciones de riesgo para la poblaci\u00f3n<\/a>, ya que se podr\u00eda generar afectaci\u00f3n por voladuras de techumbres, alteraci\u00f3n de conectividad, interrupci\u00f3n de suministro el\u00e9ctrico y telef\u00f3nico por ca\u00eddas de \u00e1rboles o parte de sus ramas en tendido el\u00e9ctrico, tanto en sectores rurales como urbanos, adem\u00e1s se podr\u00eda afectar muros y cierres de sitios en construcci\u00f3n. Se recomienda&nbsp;a la poblaci\u00f3n asegurar techumbre de las viviendas, realizar poda de \u00e1rboles y ramas y asegurar objetos colgantes que pudieran desprenderse por acci\u00f3n del viento, generando situaciones de emergencia.<\/p>\n","protected":false},"excerpt":{"rendered":"De acuerdo con la informaci\u00f3n proporcionada por la Direcci\u00f3n Meteorol\u00f3gica de Chile (DMC), mediante su Aviso Meteorol\u00f3gico&nbsp;A251-4\/2025 (actualizaci\u00f3n),&hellip;\n","protected":false},"author":1,"featured_media":4205,"comment_status":"open","ping_status":"open","sticky":false,"template":"","format":"standard","meta":{"_monsterinsights_skip_tracking":false,"_monsterinsights_sitenote_active":false,"_monsterinsights_sitenote_note":"","_monsterinsights_sitenote_category":0,"footnotes":""},"categories":[8],"tags":[],"class_list":{"0":"post-4204","1":"post","2":"type-post","3":"status-publish","4":"format-standard","5":"has-post-thumbnail","7":"category-portada"},"aioseo_notices":[],"_links":{"self":[{"href":"https:\/\/www.rengoenlanoticia.cl\/prensa\/wp-json\/wp\/v2\/posts\/4204","targetHints":{"allow":["GET"]}}],"collection":[{"href":"https:\/\/www.rengoenlanoticia.cl\/prensa\/wp-json\/wp\/v2\/posts"}],"about":[{"href":"https:\/\/www.rengoenlanoticia.cl\/prensa\/wp-json\/wp\/v2\/types\/post"}],"author":[{"embeddable":true,"href":"https:\/\/www.rengoenlanoticia.cl\/prensa\/wp-json\/wp\/v2\/users\/1"}],"replies":[{"embeddable":true,"href":"https:\/\/www.rengoenlanoticia.cl\/prensa\/wp-json\/wp\/v2\/comments?post=4204"}],"version-history":[{"count":2,"href":"https:\/\/www.rengoenlanoticia.cl\/prensa\/wp-json\/wp\/v2\/posts\/4204\/revisions"}],"predecessor-version":[{"id":4207,"href":"https:\/\/www.rengoenlanoticia.cl\/prensa\/wp-json\/wp\/v2\/posts\/4204\/revisions\/4207"}],"wp:featuredmedia":[{"embeddable":true,"href":"https:\/\/www.rengoenlanoticia.cl\/prensa\/wp-json\/wp\/v2\/media\/4205"}],"wp:attachment":[{"href":"https:\/\/www.rengoenlanoticia.cl\/prensa\/wp-json\/wp\/v2\/media?parent=4204"}],"wp:term":[{"taxonomy":"category","embeddable":true,"href":"https:\/\/www.rengoenlanoticia.cl\/prensa\/wp-json\/wp\/v2\/categories?post=4204"},{"taxonomy":"post_tag","embeddable":true,"href":"https:\/\/www.rengoenlanoticia.cl\/prensa\/wp-json\/wp\/v2\/tags?post=4204"}],"curies":[{"name":"wp","href":"https:\/\/api.w.org\/{rel}","templated":true}]}}