{"id":4198,"date":"2025-07-05T03:44:48","date_gmt":"2025-07-05T03:44:48","guid":{"rendered":"https:\/\/www.rengoenlanoticia.cl\/prensa\/?p=4198"},"modified":"2025-07-05T03:44:50","modified_gmt":"2025-07-05T03:44:50","slug":"autoridades-visitan-en-rancagua-la-capacitacion-para-la-enusc-2025-y-relevan-su-importancia-para-la-region","status":"publish","type":"post","link":"https:\/\/www.rengoenlanoticia.cl\/prensa\/2025\/07\/05\/autoridades-visitan-en-rancagua-la-capacitacion-para-la-enusc-2025-y-relevan-su-importancia-para-la-region\/","title":{"rendered":"Autoridades visitan en Rancagua la Capacitaci\u00f3n para la ENUSC 2025 y Relevan su Importancia para la Regi\u00f3n"},"content":{"rendered":"\n<p>En el marco de los preparativos para el pr\u00f3ximo levantamiento de la Encuesta Nacional Urbana de Seguridad Ciudadana (ENUSC) 2025, el Delegado Presidencial Regional, Fabio L\u00f3pez Aguilera, junto al Director Regional del INE O&#8217;Higgins, Ren\u00e9 Gonzalez, visitaron hoy las dependencias de AIEP Rancagua para supervisar la capacitaci\u00f3n que reciben los y las encuestadoras que desplegar\u00e1n este crucial instrumento en la regi\u00f3n.<\/p>\n\n\n\n<p>Durante la visita, las autoridades pudieron conversar con el equipo en formaci\u00f3n, conociendo de primera fuente el riguroso proceso de preparaci\u00f3n que busca garantizar la calidad y confiabilidad de los datos que se recoger\u00e1n en los pr\u00f3ximos meses en los hogares de la regi\u00f3n y el pa\u00eds.<\/p>\n\n\n\n<p>El Delegado Presidencial Regional, Fabio L\u00f3pez Aguilera, destac\u00f3 la relevancia de la encuesta como un pilar para la toma de decisiones del gobierno. <strong>\u201cEsta capacitaci\u00f3n es fundamental, porque el trabajo que realizar\u00e1n estos encuestadores en terreno nos entregar\u00e1 una radiograf\u00eda precisa de la realidad que viven nuestros vecinos en materia de seguridad. La ENUSC es una herramienta clave para el dise\u00f1o y la evaluaci\u00f3n de pol\u00edticas p\u00fablicas basadas en evidencia. El compromiso del Gobierno del Presidente Gabriel Boric es con la seguridad de las personas, y para ser efectivos, necesitamos datos certeros que nos permitan enfocar los recursos y las estrategias donde m\u00e1s se necesitan\u201d<\/strong>, se\u00f1al\u00f3 la m\u00e1xima autoridad regional.<\/p>\n\n\n\n<figure class=\"wp-block-image size-large\"><img loading=\"lazy\" decoding=\"async\" width=\"1024\" height=\"768\" src=\"https:\/\/www.rengoenlanoticia.cl\/prensa\/wp-content\/uploads\/2025\/07\/WhatsApp-Image-2025-07-03-at-16.41.17-1024x768.jpeg\" alt=\"\" class=\"wp-image-4199\" srcset=\"https:\/\/www.rengoenlanoticia.cl\/prensa\/wp-content\/uploads\/2025\/07\/WhatsApp-Image-2025-07-03-at-16.41.17-1024x768.jpeg 1024w, https:\/\/www.rengoenlanoticia.cl\/prensa\/wp-content\/uploads\/2025\/07\/WhatsApp-Image-2025-07-03-at-16.41.17-300x225.jpeg 300w, https:\/\/www.rengoenlanoticia.cl\/prensa\/wp-content\/uploads\/2025\/07\/WhatsApp-Image-2025-07-03-at-16.41.17-768x576.jpeg 768w, https:\/\/www.rengoenlanoticia.cl\/prensa\/wp-content\/uploads\/2025\/07\/WhatsApp-Image-2025-07-03-at-16.41.17-1536x1152.jpeg 1536w, https:\/\/www.rengoenlanoticia.cl\/prensa\/wp-content\/uploads\/2025\/07\/WhatsApp-Image-2025-07-03-at-16.41.17-110x83.jpeg 110w, https:\/\/www.rengoenlanoticia.cl\/prensa\/wp-content\/uploads\/2025\/07\/WhatsApp-Image-2025-07-03-at-16.41.17-200x150.jpeg 200w, https:\/\/www.rengoenlanoticia.cl\/prensa\/wp-content\/uploads\/2025\/07\/WhatsApp-Image-2025-07-03-at-16.41.17-380x285.jpeg 380w, https:\/\/www.rengoenlanoticia.cl\/prensa\/wp-content\/uploads\/2025\/07\/WhatsApp-Image-2025-07-03-at-16.41.17-255x191.jpeg 255w, https:\/\/www.rengoenlanoticia.cl\/prensa\/wp-content\/uploads\/2025\/07\/WhatsApp-Image-2025-07-03-at-16.41.17-550x413.jpeg 550w, https:\/\/www.rengoenlanoticia.cl\/prensa\/wp-content\/uploads\/2025\/07\/WhatsApp-Image-2025-07-03-at-16.41.17-800x600.jpeg 800w, https:\/\/www.rengoenlanoticia.cl\/prensa\/wp-content\/uploads\/2025\/07\/WhatsApp-Image-2025-07-03-at-16.41.17-1160x870.jpeg 1160w, https:\/\/www.rengoenlanoticia.cl\/prensa\/wp-content\/uploads\/2025\/07\/WhatsApp-Image-2025-07-03-at-16.41.17.jpeg 1600w\" sizes=\"auto, (max-width: 1024px) 100vw, 1024px\" \/><\/figure>\n\n\n\n<p>Por su parte, el Director Regional del INE, Ren\u00e9 Gonzalez, enfatiz\u00f3 el rigor t\u00e9cnico del proceso y la importancia de la colaboraci\u00f3n ciudadana. <strong>\u201cDesde el Instituto Nacional de Estad\u00edsticas aseguramos que cada etapa de la ENUSC cumple con los m\u00e1s altos est\u00e1ndares de calidad. Esta capacitaci\u00f3n prepara a nuestros equipos para aplicar el cuestionario de manera profesional, resguardando en todo momento la m\u00e1s estricta confidencialidad de la informaci\u00f3n entregada por los hogares. Hacemos un llamado a la ciudadan\u00eda a abrir sus puertas y a participar; sus respuestas son an\u00f3nimas, seguras y esenciales para que todos contemos con un panorama fidedigno de la seguridad en nuestra regi\u00f3n y en Chile\u201d<\/strong>, indic\u00f3 Gonzalez.<\/p>\n\n\n\n<h3 id=\"despliegue-de-la-enusc-2025-en-ohiggins\" class=\"wp-block-heading\"><strong>Despliegue de la ENUSC 2025 en O&#8217;Higgins<\/strong><strong><\/strong><\/h3>\n\n\n\n<p>La Encuesta Nacional Urbana de Seguridad Ciudadana (ENUSC) 2025 es un instrumento clave para la obtenci\u00f3n de informaci\u00f3n en terreno. Su objetivo es generar indicadores sobre victimizaci\u00f3n en hogares y personas durante los \u00faltimos 12 meses, as\u00ed como tambi\u00e9n sobre la percepci\u00f3n de inseguridad y personas que han sido v\u00edctimas del delito en zonas urbanas del pa\u00eds.<\/p>\n\n\n\n<p>El trabajo en terreno para este nuevo ciclo se extender\u00e1 <strong>desde el pr\u00f3ximo 7 de julio hasta el 31 de diciembre de 2025<\/strong>. En la Regi\u00f3n de O\u00b4Higgins, la muestra seleccionada por el INE integra las comunas de <strong>Mostazal, Graneros, Rancagua, Machal\u00ed, Do\u00f1ihue, San Vicente, Rengo, San Fernando, Chimbarongo, Santa Cruz y Pichilemu.<\/strong><\/p>\n\n\n\n<p>Desde su primera aplicaci\u00f3n en 2003, la ENUSC se ha consolidado como una de las series de datos m\u00e1s largas y robustas en la medici\u00f3n de la victimizaci\u00f3n y la inseguridad en el pa\u00eds, siendo un insumo indispensable para el Estado, la academia y la sociedad civil en el monitoreo de los desaf\u00edos de seguridad ciudadana.<\/p>\n","protected":false},"excerpt":{"rendered":"En el marco de los preparativos para el pr\u00f3ximo levantamiento de la Encuesta Nacional Urbana de Seguridad Ciudadana&hellip;\n","protected":false},"author":2,"featured_media":4200,"comment_status":"open","ping_status":"open","sticky":false,"template":"","format":"standard","meta":{"_monsterinsights_skip_tracking":false,"_monsterinsights_sitenote_active":false,"_monsterinsights_sitenote_note":"","_monsterinsights_sitenote_category":0,"footnotes":""},"categories":[8],"tags":[],"class_list":{"0":"post-4198","1":"post","2":"type-post","3":"status-publish","4":"format-standard","5":"has-post-thumbnail","7":"category-portada"},"aioseo_notices":[],"_links":{"self":[{"href":"https:\/\/www.rengoenlanoticia.cl\/prensa\/wp-json\/wp\/v2\/posts\/4198","targetHints":{"allow":["GET"]}}],"collection":[{"href":"https:\/\/www.rengoenlanoticia.cl\/prensa\/wp-json\/wp\/v2\/posts"}],"about":[{"href":"https:\/\/www.rengoenlanoticia.cl\/prensa\/wp-json\/wp\/v2\/types\/post"}],"author":[{"embeddable":true,"href":"https:\/\/www.rengoenlanoticia.cl\/prensa\/wp-json\/wp\/v2\/users\/2"}],"replies":[{"embeddable":true,"href":"https:\/\/www.rengoenlanoticia.cl\/prensa\/wp-json\/wp\/v2\/comments?post=4198"}],"version-history":[{"count":3,"href":"https:\/\/www.rengoenlanoticia.cl\/prensa\/wp-json\/wp\/v2\/posts\/4198\/revisions"}],"predecessor-version":[{"id":4203,"href":"https:\/\/www.rengoenlanoticia.cl\/prensa\/wp-json\/wp\/v2\/posts\/4198\/revisions\/4203"}],"wp:featuredmedia":[{"embeddable":true,"href":"https:\/\/www.rengoenlanoticia.cl\/prensa\/wp-json\/wp\/v2\/media\/4200"}],"wp:attachment":[{"href":"https:\/\/www.rengoenlanoticia.cl\/prensa\/wp-json\/wp\/v2\/media?parent=4198"}],"wp:term":[{"taxonomy":"category","embeddable":true,"href":"https:\/\/www.rengoenlanoticia.cl\/prensa\/wp-json\/wp\/v2\/categories?post=4198"},{"taxonomy":"post_tag","embeddable":true,"href":"https:\/\/www.rengoenlanoticia.cl\/prensa\/wp-json\/wp\/v2\/tags?post=4198"}],"curies":[{"name":"wp","href":"https:\/\/api.w.org\/{rel}","templated":true}]}}