{"id":4193,"date":"2025-07-05T03:35:06","date_gmt":"2025-07-05T03:35:06","guid":{"rendered":"https:\/\/www.rengoenlanoticia.cl\/prensa\/?p=4193"},"modified":"2025-07-05T03:35:35","modified_gmt":"2025-07-05T03:35:35","slug":"la-corporacion-cultural-de-mostazal-da-vida-al-mes-del-teatro-en-la-comuna","status":"publish","type":"post","link":"https:\/\/www.rengoenlanoticia.cl\/prensa\/2025\/07\/05\/la-corporacion-cultural-de-mostazal-da-vida-al-mes-del-teatro-en-la-comuna\/","title":{"rendered":"La Corporaci\u00f3n Cultural de Mostazal da vida al \u201cMes del Teatro\u201d en la comuna"},"content":{"rendered":"\n<p>Entre el 12 y el 26 de julio, el Teatro Municipal de Mostazal se convertir\u00e1 en el epicentro de las artes esc\u00e9nicas en la regi\u00f3n, con una programaci\u00f3n gratuita que contempla seis presentaciones teatrales e intervenciones art\u00edsticas, abiertas a toda la comunidad.<\/p>\n\n\n\n<p>La iniciativa, impulsada por la Corporaci\u00f3n Cultural de Mostazal, busca ofrecer un panorama cultural de invierno a vecinas, vecinos y visitantes, con propuestas que incluyen comedias, obras dram\u00e1ticas, espect\u00e1culos de t\u00edtulos, documentales y arte callejero.<\/p>\n\n\n\n<p>Las actividades comenzar\u00e1n el viernes 12 de julio a las 20:00 horas, con una jornada dedicada a las tradiciones locales. Se proyectar\u00e1 el cortometraje documental \u201cEl \u00faltimo Yerbatero\u201d, de Jes\u00fas Rojas (UOH, 2018), seguido de la obra \u201cAntes todo esto era Campo\u201d, del colectivo Territorio Invisible (Rancagua), que rescata la memoria campesina de la zona.<\/p>\n\n\n\n<p>El martes 16 a las 19:00 horas, ser\u00e1 el turno de \u201cSilencios que Cuidan\u201d, una emotiva obra de la Compa\u00f1\u00eda de Teatro Keka Salam\u00e9, que narra desde la experiencia personal el complejo camino de quienes cuidan a familiares con dependencia severa. La puesta en escena forma parte del programa municipal de apoyo a personas cuidadoras.<\/p>\n\n\n\n<p>La misma compa\u00f1\u00eda regresar\u00e1 al escenario el viernes 19 de julio a las 20:00 horas con la comedia \u201cUna Cosa de Locos\u201d, una divertida reversi\u00f3n teatral del cl\u00e1sico hom\u00f3nimo, que retrata la vida al interior de un internado psiqui\u00e1trico desde una mirada ir\u00f3nica y l\u00fadica.<\/p>\n\n\n\n<p>El ciclo culminar\u00e1 el viernes 26 de julio desde las 18:30 horas, con \u201cUna Noche de Variet\u00e9\u201d inspirada en leyendas y mitos populares. El programa incluye la obra \u201cEl borracho y el Diablo\u201d, de la Compa\u00f1\u00eda de T\u00edteres Candilejas (Rancagua), seguida de la intervenci\u00f3n de \u201cFrana la Mime\u201d (Mostazal), y el cierre con la obra \u201cMartes Hoy, Martes Ma\u00f1ana\u201d, de la Compa\u00f1\u00eda de Teatro Los Grandes, que revive la leyenda de una bruja en el antiguo San Francisco.<\/p>\n\n\n\n<figure class=\"wp-block-image size-full\"><img loading=\"lazy\" decoding=\"async\" width=\"768\" height=\"960\" src=\"https:\/\/www.rengoenlanoticia.cl\/prensa\/wp-content\/uploads\/2025\/07\/cartelera-.jpg\" alt=\"\" class=\"wp-image-4194\" srcset=\"https:\/\/www.rengoenlanoticia.cl\/prensa\/wp-content\/uploads\/2025\/07\/cartelera-.jpg 768w, https:\/\/www.rengoenlanoticia.cl\/prensa\/wp-content\/uploads\/2025\/07\/cartelera--240x300.jpg 240w, https:\/\/www.rengoenlanoticia.cl\/prensa\/wp-content\/uploads\/2025\/07\/cartelera--110x137.jpg 110w, https:\/\/www.rengoenlanoticia.cl\/prensa\/wp-content\/uploads\/2025\/07\/cartelera--200x250.jpg 200w, https:\/\/www.rengoenlanoticia.cl\/prensa\/wp-content\/uploads\/2025\/07\/cartelera--380x475.jpg 380w, https:\/\/www.rengoenlanoticia.cl\/prensa\/wp-content\/uploads\/2025\/07\/cartelera--255x318.jpg 255w, https:\/\/www.rengoenlanoticia.cl\/prensa\/wp-content\/uploads\/2025\/07\/cartelera--300x375.jpg 300w, https:\/\/www.rengoenlanoticia.cl\/prensa\/wp-content\/uploads\/2025\/07\/cartelera--550x687.jpg 550w\" sizes=\"auto, (max-width: 768px) 100vw, 768px\" \/><figcaption class=\"wp-element-caption\">MES DEL TEATRO<\/figcaption><\/figure>\n\n\n\n<p>Adem\u00e1s, tras cada funci\u00f3n, el p\u00fablico podr\u00e1 disfrutar de un espacio al aire libre en la Plaza de Armas, con m\u00fasica en vivo, caf\u00e9 y una muestra gastron\u00f3mica ofrecida por emprendedores locales, en un entorno acogedor y familiar.<\/p>\n\n\n\n<p>\u201cInvitamos a la comunidad a disfrutar y maravillarse con la magia y el talento de nuestros artistas, gracias a esta hermosa cartelera gratuita y abierta a todo p\u00fablico\u201d, expres\u00f3 la alcaldesa de Mostazal, Ver\u00f3nica Arroyo.<\/p>\n\n\n\n<p>Por su parte, el director de la Corporaci\u00f3n Cultural, H\u00e9ctor Sancho, destac\u00f3 el car\u00e1cter integrador de la iniciativa: \u00abQueremos que este tipo de propuestas culturales no solo convoquen a los vecinos de Mostazal, sino tambi\u00e9n a las comunas alejadas y otros rincones de la regi\u00f3n. Desde la Corporaci\u00f3n impulsamos la articulaci\u00f3n provincial y regional en cultura, patrimonio y turismo, promoviendo la circulaci\u00f3n de artistas y p\u00fablicos para fortalecer nuestro ecosistema creativo\u00bb.<\/p>\n\n\n\n<p>Las entradas son totalmente gratuitas, pero las cupos son limitadas seg\u00fan la capacidad del Teatro Municipal. Para asegurar un lugar, las personas interesadas pueden reservar sus entradas en l\u00ednea a trav\u00e9s de&nbsp;<a href=\"http:\/\/www.ecopass.cl\/\" target=\"_blank\" rel=\"noreferrer noopener\">www.ecopass.cl<\/a>&nbsp;(buscando \u201cteatro\u201d) o en el sitio web de la Corporaci\u00f3n Cultural:&nbsp;<a href=\"http:\/\/www.culturamostazal.cl\/\" target=\"_blank\" rel=\"noreferrer noopener\">www.culturamostazal.cl<\/a>&nbsp;. Tambi\u00e9n se pueden retirar entradas f\u00edsicas en los siguientes puntos:<\/p>\n\n\n\n<p>&#8211; Municipalidad de Mostazal (Plaza de Armas)<br>&#8211; Anexo Municipal de La Punta<br>&#8211; Centro Cultural Estaci\u00f3n Mostazal<\/p>\n","protected":false},"excerpt":{"rendered":"Entre el 12 y el 26 de julio, el Teatro Municipal de Mostazal se convertir\u00e1 en el epicentro&hellip;\n","protected":false},"author":2,"featured_media":4195,"comment_status":"open","ping_status":"open","sticky":false,"template":"","format":"standard","meta":{"_monsterinsights_skip_tracking":false,"_monsterinsights_sitenote_active":false,"_monsterinsights_sitenote_note":"","_monsterinsights_sitenote_category":0,"footnotes":""},"categories":[8],"tags":[],"class_list":{"0":"post-4193","1":"post","2":"type-post","3":"status-publish","4":"format-standard","5":"has-post-thumbnail","7":"category-portada"},"aioseo_notices":[],"_links":{"self":[{"href":"https:\/\/www.rengoenlanoticia.cl\/prensa\/wp-json\/wp\/v2\/posts\/4193","targetHints":{"allow":["GET"]}}],"collection":[{"href":"https:\/\/www.rengoenlanoticia.cl\/prensa\/wp-json\/wp\/v2\/posts"}],"about":[{"href":"https:\/\/www.rengoenlanoticia.cl\/prensa\/wp-json\/wp\/v2\/types\/post"}],"author":[{"embeddable":true,"href":"https:\/\/www.rengoenlanoticia.cl\/prensa\/wp-json\/wp\/v2\/users\/2"}],"replies":[{"embeddable":true,"href":"https:\/\/www.rengoenlanoticia.cl\/prensa\/wp-json\/wp\/v2\/comments?post=4193"}],"version-history":[{"count":2,"href":"https:\/\/www.rengoenlanoticia.cl\/prensa\/wp-json\/wp\/v2\/posts\/4193\/revisions"}],"predecessor-version":[{"id":4197,"href":"https:\/\/www.rengoenlanoticia.cl\/prensa\/wp-json\/wp\/v2\/posts\/4193\/revisions\/4197"}],"wp:featuredmedia":[{"embeddable":true,"href":"https:\/\/www.rengoenlanoticia.cl\/prensa\/wp-json\/wp\/v2\/media\/4195"}],"wp:attachment":[{"href":"https:\/\/www.rengoenlanoticia.cl\/prensa\/wp-json\/wp\/v2\/media?parent=4193"}],"wp:term":[{"taxonomy":"category","embeddable":true,"href":"https:\/\/www.rengoenlanoticia.cl\/prensa\/wp-json\/wp\/v2\/categories?post=4193"},{"taxonomy":"post_tag","embeddable":true,"href":"https:\/\/www.rengoenlanoticia.cl\/prensa\/wp-json\/wp\/v2\/tags?post=4193"}],"curies":[{"name":"wp","href":"https:\/\/api.w.org\/{rel}","templated":true}]}}