{"id":4136,"date":"2025-07-04T22:11:22","date_gmt":"2025-07-04T22:11:22","guid":{"rendered":"https:\/\/www.rengoenlanoticia.cl\/prensa\/?p=4136"},"modified":"2025-07-04T22:11:59","modified_gmt":"2025-07-04T22:11:59","slug":"carabineros-realiza-servicio-de-ronda-focalizada-en-la-comuna","status":"publish","type":"post","link":"https:\/\/www.rengoenlanoticia.cl\/prensa\/2025\/07\/04\/carabineros-realiza-servicio-de-ronda-focalizada-en-la-comuna\/","title":{"rendered":"CARABINEROS REALIZA SERVICIO DE RONDA FOCALIZADA EN LA COMUNA DE RENGO."},"content":{"rendered":"\n<p>Con el objetivo de reforzar la seguridad y la prevenci\u00f3n del delito, Carabineros de la 4ta Comisaria de <a><\/a>Rengo, llev\u00f3 a cabo un operativo de ronda focalizada en diversos sectores de la comuna. La acci\u00f3n policial contempl\u00f3 patrullajes preventivos, controles de identidad, fiscalizaci\u00f3n de veh\u00edculos y revisi\u00f3n de locales comerciales.<\/p>\n\n\n\n<p>Durante el operativo, se desplegaron efectivos policiales en puntos estrat\u00e9gicos previamente identificados por su alta concurrencia o incidencia delictual, lo que permiti\u00f3 entregar una respuesta r\u00e1pida a las necesidades de la comunidad.<\/p>\n\n\n\n<p>El Capit\u00e1n Nicolas Mu\u00f1oz Urbina, destac\u00f3 que estas rondas focalizadas se seguir\u00e1n realizando de manera peri\u00f3dica, como parte de una estrategia integral para aumentar la percepci\u00f3n de seguridad entre los vecinos y combatir hechos delictivos de forma m\u00e1s eficiente. Las cuales dieron como resultado, la detenci\u00f3n de cinco sujetos por \u00f3rdenes de detenci\u00f3n vigente el primero por el delito de desacato, un segundo por lesiones menos graves, dos de ellos por robo con violencia y un quinto por el delito de microtr\u00e1fico, quienes adicionalmente registraban prontuarios policiales por la comisi\u00f3n de diversos otros delitos, durante el servicio se cursan infracciones al tr\u00e1nsito, fiscalizaciones a locales de alcoholes y comerciales, manifiesto el oficial.<\/p>\n\n\n\n<p><a href=\"https:\/\/www.facebook.com\/1120355040\/videos\/pcb.10227959086178752\/2206089733199484?__cft__[0]=AZWcF0CQgd8rA_6qkfaRXZ0B11hu9DFwH00Jcrg7K8Rgb8B0YnsjixN5ysQhyjp8flQsAMYzwEO5RzHhd83by07ezhs4SWQ1Xso5gtfq_Ut_G8sdaoPNOUW3E29UM-kIXvjemGDBGr5TzMaOVc4qy2qPCarL180Sm_9OC61n5GU5v7wipfEwGjrCvdb-3K0E9GU&amp;__tn__=*b0H-R\"><\/a><\/p>\n","protected":false},"excerpt":{"rendered":"Con el objetivo de reforzar la seguridad y la prevenci\u00f3n del delito, Carabineros de la 4ta Comisaria de&hellip;\n","protected":false},"author":2,"featured_media":4137,"comment_status":"open","ping_status":"open","sticky":false,"template":"","format":"standard","meta":{"_monsterinsights_skip_tracking":false,"_monsterinsights_sitenote_active":false,"_monsterinsights_sitenote_note":"","_monsterinsights_sitenote_category":0,"footnotes":""},"categories":[5,8],"tags":[],"class_list":{"0":"post-4136","1":"post","2":"type-post","3":"status-publish","4":"format-standard","5":"has-post-thumbnail","7":"category-policial","8":"category-portada"},"aioseo_notices":[],"_links":{"self":[{"href":"https:\/\/www.rengoenlanoticia.cl\/prensa\/wp-json\/wp\/v2\/posts\/4136","targetHints":{"allow":["GET"]}}],"collection":[{"href":"https:\/\/www.rengoenlanoticia.cl\/prensa\/wp-json\/wp\/v2\/posts"}],"about":[{"href":"https:\/\/www.rengoenlanoticia.cl\/prensa\/wp-json\/wp\/v2\/types\/post"}],"author":[{"embeddable":true,"href":"https:\/\/www.rengoenlanoticia.cl\/prensa\/wp-json\/wp\/v2\/users\/2"}],"replies":[{"embeddable":true,"href":"https:\/\/www.rengoenlanoticia.cl\/prensa\/wp-json\/wp\/v2\/comments?post=4136"}],"version-history":[{"count":3,"href":"https:\/\/www.rengoenlanoticia.cl\/prensa\/wp-json\/wp\/v2\/posts\/4136\/revisions"}],"predecessor-version":[{"id":4146,"href":"https:\/\/www.rengoenlanoticia.cl\/prensa\/wp-json\/wp\/v2\/posts\/4136\/revisions\/4146"}],"wp:featuredmedia":[{"embeddable":true,"href":"https:\/\/www.rengoenlanoticia.cl\/prensa\/wp-json\/wp\/v2\/media\/4137"}],"wp:attachment":[{"href":"https:\/\/www.rengoenlanoticia.cl\/prensa\/wp-json\/wp\/v2\/media?parent=4136"}],"wp:term":[{"taxonomy":"category","embeddable":true,"href":"https:\/\/www.rengoenlanoticia.cl\/prensa\/wp-json\/wp\/v2\/categories?post=4136"},{"taxonomy":"post_tag","embeddable":true,"href":"https:\/\/www.rengoenlanoticia.cl\/prensa\/wp-json\/wp\/v2\/tags?post=4136"}],"curies":[{"name":"wp","href":"https:\/\/api.w.org\/{rel}","templated":true}]}}