{"id":4130,"date":"2025-07-04T22:11:14","date_gmt":"2025-07-04T22:11:14","guid":{"rendered":"https:\/\/www.rengoenlanoticia.cl\/prensa\/?p=4130"},"modified":"2025-07-04T22:11:18","modified_gmt":"2025-07-04T22:11:18","slug":"diputado-raul-soto-inicia-proceso-de-fiscalizacion-por-cambio-masivo-de-medidores-de-agua-potable-en-la-region-de-ohiggins","status":"publish","type":"post","link":"https:\/\/www.rengoenlanoticia.cl\/prensa\/2025\/07\/04\/diputado-raul-soto-inicia-proceso-de-fiscalizacion-por-cambio-masivo-de-medidores-de-agua-potable-en-la-region-de-ohiggins\/","title":{"rendered":"Diputado Ra\u00fal Soto inicia proceso de fiscalizaci\u00f3n por cambio masivo de medidores de agua potable en la Regi\u00f3n de O\u2019Higgins"},"content":{"rendered":"\n<p><a><\/a>El parlamentario ofici\u00f3 a la Superintendencia de Servicios Sanitarios (SISS) para que se inicie una exhaustiva fiscalizaci\u00f3n a la empresa ESSBIO S.A.<\/p>\n\n\n\n<p>Esto, tras recibir diversas denuncias ciudadanas de reemplazo de medidores en casos donde no existir\u00eda una recomendaci\u00f3n t\u00e9cnica para dicho procedimiento.<\/p>\n\n\n\n<p>\u201cEl reemplazo de medidores debe regirse por criterios t\u00e9cnicos claros, transparentes y respetuosos de los derechos de los usuarios. No se puede permitir que familias sean forzadas a aceptar un cambio que podr\u00eda implicar un aumento injustificado en sus cuentas, sin informaci\u00f3n suficiente ni garant\u00edas de resguardo a la econom\u00eda familiar\u201d, se\u00f1al\u00f3 el diputado Soto.<\/p>\n\n\n\n<p>En varios de estos casos, los usuarios fueron informados v\u00eda WhatsApp de que sus medidores ser\u00edan reemplazados por dispositivos digitales, indicando que esta instrucci\u00f3n provendr\u00eda de la propia Superintendencia. Adem\u00e1s, se advirti\u00f3 que, en caso de rechazo al cambio, se aplicar\u00eda un cobro estimativo del consumo, lo que ha despertado serias dudas sobre la legalidad y la transparencia del proceso.<\/p>\n\n\n\n<p>El parlamentario por el distrito 15 agreg\u00f3 que esta situaci\u00f3n no es aislada: m\u00faltiples vecinos han reportado que, tras el cambio de medidor, sus cuentas presentan incrementos significativos, sin una explicaci\u00f3n t\u00e9cnica clara.<\/p>\n\n\n\n<p>Por lo anterior, Soto pidi\u00f3 a la Superintendencia disponer una fiscalizaci\u00f3n formal a ESSBIO, tanto por la legalidad del procedimiento como por sus eventuales impactos tarifarios.<\/p>\n\n\n\n<p>\u201cEstamos frente a un proceso que debe ser revisado con m\u00e1xima rigurosidad. Es deber del Estado velar por la justicia tarifaria, la transparencia en los servicios p\u00fablicos y la protecci\u00f3n de la econom\u00eda de las familias chilenas\u201d, sentenci\u00f3.<\/p>\n","protected":false},"excerpt":{"rendered":"El parlamentario ofici\u00f3 a la Superintendencia de Servicios Sanitarios (SISS) para que se inicie una exhaustiva fiscalizaci\u00f3n a&hellip;\n","protected":false},"author":1,"featured_media":4134,"comment_status":"open","ping_status":"open","sticky":false,"template":"","format":"standard","meta":{"_monsterinsights_skip_tracking":false,"_monsterinsights_sitenote_active":false,"_monsterinsights_sitenote_note":"","_monsterinsights_sitenote_category":0,"footnotes":""},"categories":[11,8],"tags":[],"class_list":{"0":"post-4130","1":"post","2":"type-post","3":"status-publish","4":"format-standard","5":"has-post-thumbnail","7":"category-politica","8":"category-portada"},"aioseo_notices":[],"_links":{"self":[{"href":"https:\/\/www.rengoenlanoticia.cl\/prensa\/wp-json\/wp\/v2\/posts\/4130","targetHints":{"allow":["GET"]}}],"collection":[{"href":"https:\/\/www.rengoenlanoticia.cl\/prensa\/wp-json\/wp\/v2\/posts"}],"about":[{"href":"https:\/\/www.rengoenlanoticia.cl\/prensa\/wp-json\/wp\/v2\/types\/post"}],"author":[{"embeddable":true,"href":"https:\/\/www.rengoenlanoticia.cl\/prensa\/wp-json\/wp\/v2\/users\/1"}],"replies":[{"embeddable":true,"href":"https:\/\/www.rengoenlanoticia.cl\/prensa\/wp-json\/wp\/v2\/comments?post=4130"}],"version-history":[{"count":3,"href":"https:\/\/www.rengoenlanoticia.cl\/prensa\/wp-json\/wp\/v2\/posts\/4130\/revisions"}],"predecessor-version":[{"id":4145,"href":"https:\/\/www.rengoenlanoticia.cl\/prensa\/wp-json\/wp\/v2\/posts\/4130\/revisions\/4145"}],"wp:featuredmedia":[{"embeddable":true,"href":"https:\/\/www.rengoenlanoticia.cl\/prensa\/wp-json\/wp\/v2\/media\/4134"}],"wp:attachment":[{"href":"https:\/\/www.rengoenlanoticia.cl\/prensa\/wp-json\/wp\/v2\/media?parent=4130"}],"wp:term":[{"taxonomy":"category","embeddable":true,"href":"https:\/\/www.rengoenlanoticia.cl\/prensa\/wp-json\/wp\/v2\/categories?post=4130"},{"taxonomy":"post_tag","embeddable":true,"href":"https:\/\/www.rengoenlanoticia.cl\/prensa\/wp-json\/wp\/v2\/tags?post=4130"}],"curies":[{"name":"wp","href":"https:\/\/api.w.org\/{rel}","templated":true}]}}