{"id":4128,"date":"2025-07-04T22:11:03","date_gmt":"2025-07-04T22:11:03","guid":{"rendered":"https:\/\/www.rengoenlanoticia.cl\/prensa\/?p=4128"},"modified":"2025-07-04T22:11:09","modified_gmt":"2025-07-04T22:11:09","slug":"diputada-natalia-romero-celebra-suspension-del-traspaso-del-slep-cachapoal-ganamos-una-batalla-importante-que-va-en-beneficio-de-toda-la-comunidad-escolar","status":"publish","type":"post","link":"https:\/\/www.rengoenlanoticia.cl\/prensa\/2025\/07\/04\/diputada-natalia-romero-celebra-suspension-del-traspaso-del-slep-cachapoal-ganamos-una-batalla-importante-que-va-en-beneficio-de-toda-la-comunidad-escolar\/","title":{"rendered":"DIPUTADA NATALIA ROMERO CELEBRA SUSPENSI\u00d3N DEL TRASPASO DEL SLEP CACHAPOAL: \u00abGANAMOS UNA BATALLA IMPORTANTE QUE VA EN BENEFICIO DE TODA LA COMUNIDAD ESCOLAR\u00bb"},"content":{"rendered":"\n<p><a><\/a>La parlamentaria valor\u00f3 la decisi\u00f3n del Ministerio de Educaci\u00f3n y destac\u00f3 el trabajo conjunto con autoridades locales y el senador Javier Macaya para defender la educaci\u00f3n p\u00fablica de la comuna.<\/p>\n\n\n\n<p>La diputada por la Regi\u00f3n de O\u2019Higgins, Natalia Romero, celebr\u00f3 este mi\u00e9rcoles la suspensi\u00f3n oficial del traspaso del Servicio Local de Educaci\u00f3n P\u00fablica (SLEP) de Cachapoal, luego de que el ministro de Educaci\u00f3n informara formalmente la decisi\u00f3n en el marco de la Comisi\u00f3n de Hacienda de la C\u00e1mara.<\/p>\n\n\n\n<p>\u201cHoy nos enteramos oficialmente de que el Ministerio ha decidido suspender el traspaso del SLEP de Cachapoal, y creemos que es una muy buena noticia para la comunidad de Rengo. Nosotros estuvimos peleando bastante por esto, por lo que quiero agradecer a todos quienes se sumaron a esta causa, especialmente al alcalde y al senador Javier Macaya, con quienes coordinamos varias gestiones\u201d, se\u00f1al\u00f3 la diputada Romero.<\/p>\n\n\n\n<p>La legisladora explic\u00f3 que la suspensi\u00f3n del proceso responde a las m\u00faltiples alertas y cr\u00edticas planteadas desde la comunidad educativa y autoridades locales, quienes han manifestado su preocupaci\u00f3n por los efectos negativos que podr\u00eda tener una implementaci\u00f3n apresurada del nuevo sistema.<\/p>\n\n\n\n<p>\u201cNo se trata simplemente de frenar por frenar, sino de garantizar que la educaci\u00f3n en Rengo siga siendo una prioridad y se mantenga bajo un liderazgo que conozca de cerca la realidad local. Por eso, seguiremos trabajando para que esta suspensi\u00f3n no sea s\u00f3lo temporal, sino que se revise completamente el proceso de traspaso\u201d, recalc\u00f3.<\/p>\n\n\n\n<p>Durante su intervenci\u00f3n, la congresista tambi\u00e9n destac\u00f3 el compromiso del alcalde de Rengo con la educaci\u00f3n comunal: \u201cCuando el trabajo se hace en equipo y pensando en los estudiantes, los resultados llegan. Esta es una demostraci\u00f3n de que se est\u00e1 hablando por los intereses de las familias que se educan en los colegios de Rengo\u201d.<\/p>\n\n\n\n<p>La diputada Romero concluy\u00f3 se\u00f1alando que esta decisi\u00f3n es solo un paso en la direcci\u00f3n correcta, pero que seguir\u00e1 vigilante para que se resguarde la calidad de la educaci\u00f3n p\u00fablica en la regi\u00f3n.<\/p>\n\n\n\n<p>\u201cEste no es el final de la discusi\u00f3n. Es el comienzo de una nueva etapa donde vamos a seguir defendiendo con fuerza la educaci\u00f3n de nuestras comunidades, porque no aceptaremos que se tomen decisiones desde Santiago sin escuchar a las regiones. Hoy ganamos una batalla importante, pero vamos a seguir dando la pelea por lo que creemos justo\u201d, sentenci\u00f3.<\/p>\n","protected":false},"excerpt":{"rendered":"La parlamentaria valor\u00f3 la decisi\u00f3n del Ministerio de Educaci\u00f3n y destac\u00f3 el trabajo conjunto con autoridades locales y&hellip;\n","protected":false},"author":1,"featured_media":3738,"comment_status":"open","ping_status":"open","sticky":false,"template":"","format":"standard","meta":{"_monsterinsights_skip_tracking":false,"_monsterinsights_sitenote_active":false,"_monsterinsights_sitenote_note":"","_monsterinsights_sitenote_category":0,"footnotes":""},"categories":[11,8],"tags":[],"class_list":{"0":"post-4128","1":"post","2":"type-post","3":"status-publish","4":"format-standard","5":"has-post-thumbnail","7":"category-politica","8":"category-portada"},"aioseo_notices":[],"_links":{"self":[{"href":"https:\/\/www.rengoenlanoticia.cl\/prensa\/wp-json\/wp\/v2\/posts\/4128","targetHints":{"allow":["GET"]}}],"collection":[{"href":"https:\/\/www.rengoenlanoticia.cl\/prensa\/wp-json\/wp\/v2\/posts"}],"about":[{"href":"https:\/\/www.rengoenlanoticia.cl\/prensa\/wp-json\/wp\/v2\/types\/post"}],"author":[{"embeddable":true,"href":"https:\/\/www.rengoenlanoticia.cl\/prensa\/wp-json\/wp\/v2\/users\/1"}],"replies":[{"embeddable":true,"href":"https:\/\/www.rengoenlanoticia.cl\/prensa\/wp-json\/wp\/v2\/comments?post=4128"}],"version-history":[{"count":3,"href":"https:\/\/www.rengoenlanoticia.cl\/prensa\/wp-json\/wp\/v2\/posts\/4128\/revisions"}],"predecessor-version":[{"id":4142,"href":"https:\/\/www.rengoenlanoticia.cl\/prensa\/wp-json\/wp\/v2\/posts\/4128\/revisions\/4142"}],"wp:featuredmedia":[{"embeddable":true,"href":"https:\/\/www.rengoenlanoticia.cl\/prensa\/wp-json\/wp\/v2\/media\/3738"}],"wp:attachment":[{"href":"https:\/\/www.rengoenlanoticia.cl\/prensa\/wp-json\/wp\/v2\/media?parent=4128"}],"wp:term":[{"taxonomy":"category","embeddable":true,"href":"https:\/\/www.rengoenlanoticia.cl\/prensa\/wp-json\/wp\/v2\/categories?post=4128"},{"taxonomy":"post_tag","embeddable":true,"href":"https:\/\/www.rengoenlanoticia.cl\/prensa\/wp-json\/wp\/v2\/tags?post=4128"}],"curies":[{"name":"wp","href":"https:\/\/api.w.org\/{rel}","templated":true}]}}