{"id":4118,"date":"2025-07-02T18:46:15","date_gmt":"2025-07-02T18:46:15","guid":{"rendered":"https:\/\/www.rengoenlanoticia.cl\/prensa\/?p=4118"},"modified":"2025-07-02T18:54:37","modified_gmt":"2025-07-02T18:54:37","slug":"inscribete-como-voluntario-al-servicio-militar-y-haz-historia","status":"publish","type":"post","link":"https:\/\/www.rengoenlanoticia.cl\/prensa\/2025\/07\/02\/inscribete-como-voluntario-al-servicio-militar-y-haz-historia\/","title":{"rendered":"\u00a1Inscr\u00edbete como voluntario al Servicio Militar y haz historia!"},"content":{"rendered":"\n<p>El cant\u00f3n de reclutamiento de Rengo y San Vicente de Tagua Tagua, invita a todos los j\u00f3venes con vocaci\u00f3n de servicio y compromiso con la patria a <strong>inscribirse como voluntarios al Servicio Militar<\/strong>. Esta es tu oportunidad de formar parte de una instituci\u00f3n que forja ciudadanos responsables, disciplinados y comprometidos con el futuro del pa\u00eds.<\/p>\n\n\n\n<p>El encargado del Cant\u00f3n de Reclutamiento, Carlos Bascu\u00f1an, hizo un llamado a todos los j\u00f3venes del cant\u00f3n y sus alrededores para que se inscriban como <strong>voluntarios al Servicio Militar<\/strong>.<\/p>\n\n\n\n<p><em>\u201cInvitamos a la juventud a dar este importante paso. El Servicio Militar no solo fortalece el car\u00e1cter, sino que ofrece herramientas para el futuro personal y profesional de cada ciudadano\u201d,<\/em> afirm\u00f3.<\/p>\n\n\n\n<p><strong>\u00bfA qui\u00e9n est\u00e1 dirigido?<\/strong><br>A j\u00f3venes mayores de edad (18 a 24 a\u00f1os) que deseen contribuir al desarrollo de su naci\u00f3n, recibir formaci\u00f3n integral y fortalecer sus valores c\u00edvicos y personales.<\/p>\n\n\n\n<p>&nbsp;<strong>Beneficios de formar parte del Servicio Militar:<\/strong><\/p>\n\n\n\n<ul class=\"wp-block-list\">\n<li>Nivelaci\u00f3n de estudios b\u00e1sicos o ense\u00f1anza media<\/li>\n\n\n\n<li>Cursos de capacitaci\u00f3n laboral<\/li>\n\n\n\n<li>Sistema de reinserci\u00f3n laboral<\/li>\n\n\n\n<li>Obtenci\u00f3n puntos para la postulaci\u00f3n del subsidio habitacional<\/li>\n\n\n\n<li>Asignaci\u00f3n mensual, entre otros.<\/li>\n\n\n\n<li>Mayor informaci\u00f3n o consultas, comun\u00edcate al whatsapp +569 42746849 o al tel\u00e9fono 72 2610719.<\/li>\n<\/ul>\n\n\n\n<p><a href=\"http:\/\/www.serviciomilitar.cl\/\">http:\/\/www.serviciomilitar.cl\/<\/a><\/p>\n\n\n\n<p><em>\u00abServir a tu pa\u00eds es un honor. S\u00e9 parte del cambio, s\u00e9 parte del Ej\u00e9rcito.\u00bb<\/em><\/p>\n","protected":false},"excerpt":{"rendered":"El cant\u00f3n de reclutamiento de Rengo y San Vicente de Tagua Tagua, invita a todos los j\u00f3venes con&hellip;\n","protected":false},"author":2,"featured_media":4119,"comment_status":"open","ping_status":"open","sticky":false,"template":"","format":"standard","meta":{"_monsterinsights_skip_tracking":false,"_monsterinsights_sitenote_active":false,"_monsterinsights_sitenote_note":"","_monsterinsights_sitenote_category":0,"footnotes":""},"categories":[8],"tags":[],"class_list":{"0":"post-4118","1":"post","2":"type-post","3":"status-publish","4":"format-standard","5":"has-post-thumbnail","7":"category-portada"},"aioseo_notices":[],"_links":{"self":[{"href":"https:\/\/www.rengoenlanoticia.cl\/prensa\/wp-json\/wp\/v2\/posts\/4118","targetHints":{"allow":["GET"]}}],"collection":[{"href":"https:\/\/www.rengoenlanoticia.cl\/prensa\/wp-json\/wp\/v2\/posts"}],"about":[{"href":"https:\/\/www.rengoenlanoticia.cl\/prensa\/wp-json\/wp\/v2\/types\/post"}],"author":[{"embeddable":true,"href":"https:\/\/www.rengoenlanoticia.cl\/prensa\/wp-json\/wp\/v2\/users\/2"}],"replies":[{"embeddable":true,"href":"https:\/\/www.rengoenlanoticia.cl\/prensa\/wp-json\/wp\/v2\/comments?post=4118"}],"version-history":[{"count":4,"href":"https:\/\/www.rengoenlanoticia.cl\/prensa\/wp-json\/wp\/v2\/posts\/4118\/revisions"}],"predecessor-version":[{"id":4124,"href":"https:\/\/www.rengoenlanoticia.cl\/prensa\/wp-json\/wp\/v2\/posts\/4118\/revisions\/4124"}],"wp:featuredmedia":[{"embeddable":true,"href":"https:\/\/www.rengoenlanoticia.cl\/prensa\/wp-json\/wp\/v2\/media\/4119"}],"wp:attachment":[{"href":"https:\/\/www.rengoenlanoticia.cl\/prensa\/wp-json\/wp\/v2\/media?parent=4118"}],"wp:term":[{"taxonomy":"category","embeddable":true,"href":"https:\/\/www.rengoenlanoticia.cl\/prensa\/wp-json\/wp\/v2\/categories?post=4118"},{"taxonomy":"post_tag","embeddable":true,"href":"https:\/\/www.rengoenlanoticia.cl\/prensa\/wp-json\/wp\/v2\/tags?post=4118"}],"curies":[{"name":"wp","href":"https:\/\/api.w.org\/{rel}","templated":true}]}}