{"id":4102,"date":"2025-07-02T18:17:14","date_gmt":"2025-07-02T18:17:14","guid":{"rendered":"https:\/\/www.rengoenlanoticia.cl\/prensa\/?p=4102"},"modified":"2025-07-02T18:18:05","modified_gmt":"2025-07-02T18:18:05","slug":"carta-abierta-a-la-comunidad-de-rengo-y-a-las-autoridades-regionales","status":"publish","type":"post","link":"https:\/\/www.rengoenlanoticia.cl\/prensa\/2025\/07\/02\/carta-abierta-a-la-comunidad-de-rengo-y-a-las-autoridades-regionales\/","title":{"rendered":"Carta Abierta a la Comunidad de Rengo y a las Autoridades Regionales"},"content":{"rendered":"\n<p><em>De<\/em><em> <\/em><em>parte<\/em><em> <\/em><em>de<\/em><em> <\/em><em>las<\/em><em> <\/em><em>familias<\/em><em> <\/em><em>del<\/em><em> <\/em><em>Campamento<\/em><em> <\/em><em>Galvarino,<\/em><em> <\/em><em>sector<\/em><em> <\/em><em>La<\/em><em> <\/em><em>Isla<\/em><em><\/em><\/p>\n\n\n\n<p><strong>Rengo,<\/strong><strong> <\/strong><strong>01<\/strong><strong> <\/strong><strong>de<\/strong><strong> <\/strong><strong>julio<\/strong><strong> <\/strong><strong>de<\/strong><strong> <\/strong><strong>2025<\/strong><strong><\/strong><\/p>\n\n\n\n<p>\u01eaueremos escribir estas palabras con respeto y desde lo m\u00e1s sincero de nuestro sentir. No buscamos dividir, atacar ni generar conflicto. Todo lo contrario: queremos que esta carta sea una invitaci\u00f3n a mirar con humanidad y justicia una realidad que muchas veces se simplifica o se juzga sin conocerla.<\/p>\n\n\n\n<p>En el Campamento Galvarino al igual que en otros asentamientos de la comuna, la regi\u00f3n y el pa\u00eds vivimos familias de diversas realidades. Algunas nacimos y crecimos en esta tierra de Rengo; otras venimos de distintas partes de Chile o de otros pa\u00edses. Pero todas compartimos un mismo anhelo: contar con un lugar seguro donde vivir, criar a nuestros hijos e hijas, y dejar de vivir con el miedo constante de no saber qu\u00e9 ocurrir\u00e1 ma\u00f1ana.<\/p>\n\n\n\n<p>No llegamos aqu\u00ed por elecci\u00f3n. Llegamos porque no tuvimos otra alternativa. Porque el acceso a una vivienda digna ha sido una promesa lejana. Porque cuando no hay redes, no hay recursos, no hay informaci\u00f3n clara ni planes visibles, lo \u00fanico que queda es buscar una soluci\u00f3n por cuenta propia, incluso si eso significa vivir en condiciones precarias.<\/p>\n\n\n\n<p>Sabemos que en Rengo hay muchas familias que tambi\u00e9n enfrentan carencias. Por eso no pedimos privilegios. Lo que pedimos es algo b\u00e1sico y justo: ser tratados con respeto, con dignidad, y con los mismos derechos que cualquier otro vecino o vecina de esta comuna.<\/p>\n\n\n\n<p>En los \u00faltimos d\u00edas hemos vivido momentos de gran angustia. Se ha hablado de desalojo, pero no hay claridad sobre la propiedad del terreno, ni se nos han mostrado documentos oficiales que acrediten legalmente esta situaci\u00f3n de desalojo. Lo que s\u00ed sabemos porque lo hemos visto por m\u00e1s de 20 a\u00f1os es que este terreno ha sido utilizado por el propio municipio para instalar viviendas de emergencia y entregar ayudas sociales ante distintos casos. Por eso nos duele que hoy se desconozca esa historia.<\/p>\n\n\n\n<p>Tampoco conocemos cu\u00e1l es el plan del municipio para abordar esta situaci\u00f3n. No se nos ha explicado qu\u00e9 pasos vienen ni c\u00f3mo se tomar\u00e1n las decisiones. La informaci\u00f3n nos llega por comentarios sueltos o de forma verbal, sin respaldo claro. Esto no solo genera confusi\u00f3n: alimenta el temor, la desconfianza y los malos entendidos. Por eso pedimos que toda comunicaci\u00f3n sea formal, escrita y con documentos claros, comprensibles para todos.<\/p>\n\n\n\n<p>Adem\u00e1s, sentimos que se ha entregado a la comunidad informaci\u00f3n parcial o sesgada, que no refleja fielmente lo que aqu\u00ed ocurre. Esto ha contribuido a construir un estigma injusto sobre nuestras familias. Sabemos que, como en cualquier barrio sea poblaci\u00f3n, villa o incluso los sectores m\u00e1s acomodados pueden existir hechos que vayan contra la norma. Pero no se puede generalizar ni usar esas situaciones para juzgar a todos. Aqu\u00ed, como en cualquier parte, hay buenas personas, hay esfuerzo, y hay lucha por salir adelante.<\/p>\n\n\n\n<p>Lamentamos sinceramente que se hayan generado tensiones. Sabemos que un vecino insult\u00f3 al alcalde en un video difundido p\u00fablicamente. Esa fue una expresi\u00f3n individual, que no representa a nuestra comunidad. Pedimos disculpas si eso afect\u00f3 el clima de respeto que tanto valoramos.<\/p>\n\n\n\n<p>Tambi\u00e9n queremos expresar con firmeza nuestro dolor por las palabras expresadas en el \u00faltimo Concejo Municipal, donde se dijo que los campamentos son \u00abespacios de delincuencia\u00bb. Esa afirmaci\u00f3n es injusta, da\u00f1ina y profundamente ofensiva. Aqu\u00ed no hay delincuentes. Aqu\u00ed hay madres que trabajan duro, adultos mayores que resisten con dignidad, ni\u00f1os y ni\u00f1as que sue\u00f1an con tener un hogar digno. Esa estigmatizaci\u00f3n nos expone, nos excluye y nos hiere.<\/p>\n\n\n\n<p>M\u00e1s grave a\u00fan es que estas afirmaciones se hacen en espacios donde no tenemos derecho a voz ni defensa. No aceptamos ser usados como ejemplo negativo en debates pol\u00edticos contingentes sobre migraci\u00f3n o seguridad. No somos parte de ninguna campa\u00f1a. No somos capital pol\u00edtico. Somos personas. Personas que quieren construir, no confrontar.<\/p>\n\n\n\n<p>Por todo esto, queremos decir claramente que estamos dispuestos a dialogar, a buscar soluciones reales y a trabajar con quienes est\u00e9n disponibles para construir desde el respeto mutuo. No queremos quedarnos como estamos, pero tampoco queremos que otras familias vivan lo que estamos viviendo. \u01eaueremos avanzar, pero de manera justa y participativa.<\/p>\n\n\n\n<p>Necesitamos informaci\u00f3n clara, voluntad pol\u00edtica real, y tambi\u00e9n apoyo t\u00e9cnico. Ser\u00eda de gran ayuda contar con profesionales imparciales que pueda actuar como facilitadores o interlocutor entre nosotros, el municipio y otros actores p\u00fablicos, para que este proceso no se transforme en una serie de decisiones unilaterales que nos dejen nuevamente fuera de todo.<\/p>\n\n\n\n<p>Sabemos que resolver esta situaci\u00f3n no es f\u00e1cil, ni r\u00e1pida, ni depende solo de una parte. Pero tambi\u00e9n sabemos que cuando las voluntades se suman, cuando las personas se escuchan y cuando se act\u00faa con empat\u00eda, se pueden lograr cambios reales.<\/p>\n\n\n\n<p>Por eso, hacemos un llamado a toda la comunidad de Rengo: a vecinos y vecinas, organizaciones sociales, colegios profesionales, iglesias, juntas de vecinos, estudiantes y personas comunes. A quienes creen en la justicia y en la dignidad humana. A quienes alguna vez tambi\u00e9n sintieron el abandono o la incertidumbre.<\/p>\n\n\n\n<p>Tambi\u00e9n extendemos este llamado a las instituciones p\u00fablicas, regionales y comunales, a los equipos t\u00e9cnicos y profesionales: su rol es clave, no solo para garantizar derechos, sino para construir confianza. \u01eaueremos avanzar con ustedes, no en contra de ustedes.<\/p>\n\n\n\n<p>Si este campamento logra salir adelante, lo haremos como comunidad. No desde el conflicto ni desde el castigo, sino desde la capacidad de entendernos y de construir algo mejor para todos.<\/p>\n\n\n\n<p>Aqu\u00ed estamos. No para pedir caridad, sino para exigir humanidad.<\/p>\n\n\n\n<p><strong><em>Con respeto,<\/em><\/strong><\/p>\n\n\n\n<p><strong><em>Las<\/em><\/strong><strong><em> <\/em><\/strong><strong><em>familias<\/em><\/strong><strong><em> <\/em><\/strong><strong><em>del<\/em><\/strong><strong><em> <\/em><\/strong><strong><em>Campamento<\/em><\/strong><strong><em> <\/em><\/strong><strong><em>Galvarino <\/em><\/strong><strong><em>Sector La Isla, comuna de Rengo<\/em><\/strong><\/p>\n","protected":false},"excerpt":{"rendered":"De parte de las familias del Campamento Galvarino, sector La Isla Rengo, 01 de julio de 2025 \u01eaueremos&hellip;\n","protected":false},"author":1,"featured_media":4103,"comment_status":"open","ping_status":"open","sticky":false,"template":"","format":"standard","meta":{"_monsterinsights_skip_tracking":false,"_monsterinsights_sitenote_active":false,"_monsterinsights_sitenote_note":"","_monsterinsights_sitenote_category":0,"footnotes":""},"categories":[8],"tags":[],"class_list":{"0":"post-4102","1":"post","2":"type-post","3":"status-publish","4":"format-standard","5":"has-post-thumbnail","7":"category-portada"},"aioseo_notices":[],"_links":{"self":[{"href":"https:\/\/www.rengoenlanoticia.cl\/prensa\/wp-json\/wp\/v2\/posts\/4102","targetHints":{"allow":["GET"]}}],"collection":[{"href":"https:\/\/www.rengoenlanoticia.cl\/prensa\/wp-json\/wp\/v2\/posts"}],"about":[{"href":"https:\/\/www.rengoenlanoticia.cl\/prensa\/wp-json\/wp\/v2\/types\/post"}],"author":[{"embeddable":true,"href":"https:\/\/www.rengoenlanoticia.cl\/prensa\/wp-json\/wp\/v2\/users\/1"}],"replies":[{"embeddable":true,"href":"https:\/\/www.rengoenlanoticia.cl\/prensa\/wp-json\/wp\/v2\/comments?post=4102"}],"version-history":[{"count":2,"href":"https:\/\/www.rengoenlanoticia.cl\/prensa\/wp-json\/wp\/v2\/posts\/4102\/revisions"}],"predecessor-version":[{"id":4117,"href":"https:\/\/www.rengoenlanoticia.cl\/prensa\/wp-json\/wp\/v2\/posts\/4102\/revisions\/4117"}],"wp:featuredmedia":[{"embeddable":true,"href":"https:\/\/www.rengoenlanoticia.cl\/prensa\/wp-json\/wp\/v2\/media\/4103"}],"wp:attachment":[{"href":"https:\/\/www.rengoenlanoticia.cl\/prensa\/wp-json\/wp\/v2\/media?parent=4102"}],"wp:term":[{"taxonomy":"category","embeddable":true,"href":"https:\/\/www.rengoenlanoticia.cl\/prensa\/wp-json\/wp\/v2\/categories?post=4102"},{"taxonomy":"post_tag","embeddable":true,"href":"https:\/\/www.rengoenlanoticia.cl\/prensa\/wp-json\/wp\/v2\/tags?post=4102"}],"curies":[{"name":"wp","href":"https:\/\/api.w.org\/{rel}","templated":true}]}}