{"id":4098,"date":"2025-07-02T18:14:35","date_gmt":"2025-07-02T18:14:35","guid":{"rendered":"https:\/\/www.rengoenlanoticia.cl\/prensa\/?p=4098"},"modified":"2025-07-02T18:15:02","modified_gmt":"2025-07-02T18:15:02","slug":"hospital-de-graneros-despide-a-conductor-tras-44-anos-de-servicio","status":"publish","type":"post","link":"https:\/\/www.rengoenlanoticia.cl\/prensa\/2025\/07\/02\/hospital-de-graneros-despide-a-conductor-tras-44-anos-de-servicio\/","title":{"rendered":"Hospital de Graneros despide a conductor tras 44 a\u00f1os de servicio"},"content":{"rendered":"\n<p>En una jornada marcada por la emoci\u00f3n y el reconocimiento, el Hospital de Graneros despidi\u00f3 a uno de los funcionarios m\u00e1s emblem\u00e1ticos:\u00a0Jos\u00e9 David Rubio Gonz\u00e1lez\u00a0,\u00a0quien tras\u00a044 a\u00f1os de incansable labor\u00a0,\u00a0realiz\u00f3 su \u00faltimo marcaje, dando paso a su merecida jubilaci\u00f3n.<\/p>\n\n\n\n<p>Jos\u00e9 David desarroll\u00f3 una carrera ejemplar en el \u00e1rea de la conducci\u00f3n, caracterizada por su compromiso inquebrantable, esp\u00edritu de servicio y profunda humanidad. Su trayectoria ha dejado una huella imborrable tanto en sus compa\u00f1eros como en generaciones de pacientes que fueron testigos de su entrega.<\/p>\n\n\n\n<p>Durante la ceremonia, los funcionarios del hospital se reunieron para rendirle un sentido homenaje, entregando palabras de cari\u00f1o, obsequios y, sobre todo, una ovaci\u00f3n cargada de gratitud y afecto.<\/p>\n\n\n\n<figure class=\"wp-block-image size-large\"><img loading=\"lazy\" decoding=\"async\" width=\"1024\" height=\"765\" src=\"https:\/\/www.rengoenlanoticia.cl\/prensa\/wp-content\/uploads\/2025\/07\/despedida-en-Graneros-1-1024x765.jpeg\" alt=\"\" class=\"wp-image-4099\" srcset=\"https:\/\/www.rengoenlanoticia.cl\/prensa\/wp-content\/uploads\/2025\/07\/despedida-en-Graneros-1-1024x765.jpeg 1024w, https:\/\/www.rengoenlanoticia.cl\/prensa\/wp-content\/uploads\/2025\/07\/despedida-en-Graneros-1-300x224.jpeg 300w, https:\/\/www.rengoenlanoticia.cl\/prensa\/wp-content\/uploads\/2025\/07\/despedida-en-Graneros-1-768x573.jpeg 768w, https:\/\/www.rengoenlanoticia.cl\/prensa\/wp-content\/uploads\/2025\/07\/despedida-en-Graneros-1-110x82.jpeg 110w, https:\/\/www.rengoenlanoticia.cl\/prensa\/wp-content\/uploads\/2025\/07\/despedida-en-Graneros-1-200x149.jpeg 200w, https:\/\/www.rengoenlanoticia.cl\/prensa\/wp-content\/uploads\/2025\/07\/despedida-en-Graneros-1-380x284.jpeg 380w, https:\/\/www.rengoenlanoticia.cl\/prensa\/wp-content\/uploads\/2025\/07\/despedida-en-Graneros-1-255x190.jpeg 255w, https:\/\/www.rengoenlanoticia.cl\/prensa\/wp-content\/uploads\/2025\/07\/despedida-en-Graneros-1-550x411.jpeg 550w, https:\/\/www.rengoenlanoticia.cl\/prensa\/wp-content\/uploads\/2025\/07\/despedida-en-Graneros-1-800x597.jpeg 800w, https:\/\/www.rengoenlanoticia.cl\/prensa\/wp-content\/uploads\/2025\/07\/despedida-en-Graneros-1-1160x866.jpeg 1160w, https:\/\/www.rengoenlanoticia.cl\/prensa\/wp-content\/uploads\/2025\/07\/despedida-en-Graneros-1.jpeg 1200w\" sizes=\"auto, (max-width: 1024px) 100vw, 1024px\" \/><\/figure>\n\n\n\n<p>\u00abJos\u00e9 David no solo es un funcionario de la salud ejemplar, sino un verdadero referente humano para nuestra instituci\u00f3n. Su calidez, responsabilidad y disposici\u00f3n constante marcaron positivamente cada rinc\u00f3n del hospital. Hoy no solo despedimos a un compa\u00f1ero de trabajo, sino a un amigo entra\u00f1able cuya presencia permanecer\u00e1 siempre entre nosotros\u00bb&nbsp;,&nbsp;destac\u00f3 el director del Hospital de Graneros, Dr. Mauricio Aedo.<strong><\/strong><\/p>\n\n\n\n<p>Por su parte, el funcionario agradeci\u00f3 con emoci\u00f3n el gesto del equipo, despidi\u00e9ndose con palabras de afecto y su caracter\u00edstica sencillez y humildad, cualidades que lo acompa\u00f1aron durante toda su carrera.<\/p>\n","protected":false},"excerpt":{"rendered":"En una jornada marcada por la emoci\u00f3n y el reconocimiento, el Hospital de Graneros despidi\u00f3 a uno de&hellip;\n","protected":false},"author":2,"featured_media":4100,"comment_status":"open","ping_status":"open","sticky":false,"template":"","format":"standard","meta":{"_monsterinsights_skip_tracking":false,"_monsterinsights_sitenote_active":false,"_monsterinsights_sitenote_note":"","_monsterinsights_sitenote_category":0,"footnotes":""},"categories":[8],"tags":[],"class_list":{"0":"post-4098","1":"post","2":"type-post","3":"status-publish","4":"format-standard","5":"has-post-thumbnail","7":"category-portada"},"aioseo_notices":[],"_links":{"self":[{"href":"https:\/\/www.rengoenlanoticia.cl\/prensa\/wp-json\/wp\/v2\/posts\/4098","targetHints":{"allow":["GET"]}}],"collection":[{"href":"https:\/\/www.rengoenlanoticia.cl\/prensa\/wp-json\/wp\/v2\/posts"}],"about":[{"href":"https:\/\/www.rengoenlanoticia.cl\/prensa\/wp-json\/wp\/v2\/types\/post"}],"author":[{"embeddable":true,"href":"https:\/\/www.rengoenlanoticia.cl\/prensa\/wp-json\/wp\/v2\/users\/2"}],"replies":[{"embeddable":true,"href":"https:\/\/www.rengoenlanoticia.cl\/prensa\/wp-json\/wp\/v2\/comments?post=4098"}],"version-history":[{"count":3,"href":"https:\/\/www.rengoenlanoticia.cl\/prensa\/wp-json\/wp\/v2\/posts\/4098\/revisions"}],"predecessor-version":[{"id":4114,"href":"https:\/\/www.rengoenlanoticia.cl\/prensa\/wp-json\/wp\/v2\/posts\/4098\/revisions\/4114"}],"wp:featuredmedia":[{"embeddable":true,"href":"https:\/\/www.rengoenlanoticia.cl\/prensa\/wp-json\/wp\/v2\/media\/4100"}],"wp:attachment":[{"href":"https:\/\/www.rengoenlanoticia.cl\/prensa\/wp-json\/wp\/v2\/media?parent=4098"}],"wp:term":[{"taxonomy":"category","embeddable":true,"href":"https:\/\/www.rengoenlanoticia.cl\/prensa\/wp-json\/wp\/v2\/categories?post=4098"},{"taxonomy":"post_tag","embeddable":true,"href":"https:\/\/www.rengoenlanoticia.cl\/prensa\/wp-json\/wp\/v2\/tags?post=4098"}],"curies":[{"name":"wp","href":"https:\/\/api.w.org\/{rel}","templated":true}]}}