{"id":4094,"date":"2025-07-02T17:08:52","date_gmt":"2025-07-02T17:08:52","guid":{"rendered":"https:\/\/www.rengoenlanoticia.cl\/prensa\/?p=4094"},"modified":"2025-07-02T19:07:10","modified_gmt":"2025-07-02T19:07:10","slug":"reconocimiento-y-gratitud-hospital-de-santa-cruz-homenajea-a-trabajadores-por-su-trayectoria","status":"publish","type":"post","link":"https:\/\/www.rengoenlanoticia.cl\/prensa\/2025\/07\/02\/reconocimiento-y-gratitud-hospital-de-santa-cruz-homenajea-a-trabajadores-por-su-trayectoria\/","title":{"rendered":"Reconocimiento y gratitud: Hospital de Santa Cruz homenajea a trabajadores por su trayectoria"},"content":{"rendered":"\n<p>Con gratitud y profundo reconocimiento, el Hospital de Santa Cruz despidi\u00f3 a funcionarios que, tras a\u00f1os de vocaci\u00f3n, compromiso y servicio a la comunidad, culminaron su etapa laboral dejando una huella imborrable en el establecimiento y en quienes compartieron su camino.<\/p>\n\n\n\n<p>En una ceremonia emotiva, organizada por el Departamento de Gesti\u00f3n de Personas y con el apoyo de la Direcci\u00f3n y los gremios del recinto, se rindi\u00f3 un sentido homenaje a Natividad Arce Ram\u00edrez, auxiliar de servicio de la Direcci\u00f3n; a V\u00edctor Gonz\u00e1lez Vargas y Francisco Saavedra Bernales, ambos conductores de ambulancias; a Elba Mart\u00ednez Mella, t\u00e9cnica en enfermer\u00eda de nivel superior del \u00e1rea de Traumatolog\u00eda, ya Ana Lya Rubio Pino y Margarita Salas Riveros, ambas t\u00e9cnicas en enfermer\u00eda de nivel superior del Policl\u00ednico de Especialidades.<\/p>\n\n\n\n<p>Durante la despedida, particip\u00f3 el Director del Hospital, Dr. Sebasti\u00e1n Urz\u00faa; el Subdirector de Gesti\u00f3n Asistencial, Dr. Cristian Cavalla; y el Subdirector de Gesti\u00f3n de Personas, Tom\u00e1s Urz\u00faa, quienes destacaron el invaluable aporte de los homenajeados tanto en lo profesional como en lo humano, reconociendo su dedicaci\u00f3n a la salud p\u00fablica.<\/p>\n\n\n\n<figure class=\"wp-block-image size-full\"><img loading=\"lazy\" decoding=\"async\" width=\"1024\" height=\"553\" src=\"https:\/\/www.rengoenlanoticia.cl\/prensa\/wp-content\/uploads\/2025\/07\/despedida-Sta-cruz.jpg\" alt=\"\" class=\"wp-image-4095\" srcset=\"https:\/\/www.rengoenlanoticia.cl\/prensa\/wp-content\/uploads\/2025\/07\/despedida-Sta-cruz.jpg 1024w, https:\/\/www.rengoenlanoticia.cl\/prensa\/wp-content\/uploads\/2025\/07\/despedida-Sta-cruz-300x162.jpg 300w, https:\/\/www.rengoenlanoticia.cl\/prensa\/wp-content\/uploads\/2025\/07\/despedida-Sta-cruz-768x415.jpg 768w, https:\/\/www.rengoenlanoticia.cl\/prensa\/wp-content\/uploads\/2025\/07\/despedida-Sta-cruz-110x59.jpg 110w, https:\/\/www.rengoenlanoticia.cl\/prensa\/wp-content\/uploads\/2025\/07\/despedida-Sta-cruz-200x108.jpg 200w, https:\/\/www.rengoenlanoticia.cl\/prensa\/wp-content\/uploads\/2025\/07\/despedida-Sta-cruz-380x205.jpg 380w, https:\/\/www.rengoenlanoticia.cl\/prensa\/wp-content\/uploads\/2025\/07\/despedida-Sta-cruz-255x138.jpg 255w, https:\/\/www.rengoenlanoticia.cl\/prensa\/wp-content\/uploads\/2025\/07\/despedida-Sta-cruz-550x297.jpg 550w, https:\/\/www.rengoenlanoticia.cl\/prensa\/wp-content\/uploads\/2025\/07\/despedida-Sta-cruz-800x432.jpg 800w\" sizes=\"auto, (max-width: 1024px) 100vw, 1024px\" \/><\/figure>\n\n\n\n<p>\u00abHoy despedimos a personas que han sido pilares fundamentales en nuestro hospital. Su entrega, compromiso y humanidad han dejado una huella profunda en este recinto y en cada uno de nosotros. M\u00e1s que cerrar una etapa, celebramos una trayectoria de servicio a la comunidad que merece todo nuestro reconocimiento y gratitud\u00bb, indic\u00f3el Dr. Sebasti\u00e1n Urz\u00faa.<\/p>\n\n\n\n<p>La jornada concluy\u00f3 con un emotivo momento durante el \u00faltimo marcaje de asistencia, en el cual colegas, directivos y representantes gremiales expresan su respeto, cari\u00f1o y reconocimiento a los funcionarios, dese\u00e1ndoles \u00e9xito y bienestar en esta nueva etapa de sus vidas.<\/p>\n","protected":false},"excerpt":{"rendered":"Con gratitud y profundo reconocimiento, el Hospital de Santa Cruz despidi\u00f3 a funcionarios que, tras a\u00f1os de vocaci\u00f3n,&hellip;\n","protected":false},"author":2,"featured_media":4096,"comment_status":"open","ping_status":"open","sticky":false,"template":"","format":"standard","meta":{"_monsterinsights_skip_tracking":false,"_monsterinsights_sitenote_active":false,"_monsterinsights_sitenote_note":"","_monsterinsights_sitenote_category":0,"footnotes":""},"categories":[8],"tags":[],"class_list":{"0":"post-4094","1":"post","2":"type-post","3":"status-publish","4":"format-standard","5":"has-post-thumbnail","7":"category-portada"},"aioseo_notices":[],"_links":{"self":[{"href":"https:\/\/www.rengoenlanoticia.cl\/prensa\/wp-json\/wp\/v2\/posts\/4094","targetHints":{"allow":["GET"]}}],"collection":[{"href":"https:\/\/www.rengoenlanoticia.cl\/prensa\/wp-json\/wp\/v2\/posts"}],"about":[{"href":"https:\/\/www.rengoenlanoticia.cl\/prensa\/wp-json\/wp\/v2\/types\/post"}],"author":[{"embeddable":true,"href":"https:\/\/www.rengoenlanoticia.cl\/prensa\/wp-json\/wp\/v2\/users\/2"}],"replies":[{"embeddable":true,"href":"https:\/\/www.rengoenlanoticia.cl\/prensa\/wp-json\/wp\/v2\/comments?post=4094"}],"version-history":[{"count":3,"href":"https:\/\/www.rengoenlanoticia.cl\/prensa\/wp-json\/wp\/v2\/posts\/4094\/revisions"}],"predecessor-version":[{"id":4113,"href":"https:\/\/www.rengoenlanoticia.cl\/prensa\/wp-json\/wp\/v2\/posts\/4094\/revisions\/4113"}],"wp:featuredmedia":[{"embeddable":true,"href":"https:\/\/www.rengoenlanoticia.cl\/prensa\/wp-json\/wp\/v2\/media\/4096"}],"wp:attachment":[{"href":"https:\/\/www.rengoenlanoticia.cl\/prensa\/wp-json\/wp\/v2\/media?parent=4094"}],"wp:term":[{"taxonomy":"category","embeddable":true,"href":"https:\/\/www.rengoenlanoticia.cl\/prensa\/wp-json\/wp\/v2\/categories?post=4094"},{"taxonomy":"post_tag","embeddable":true,"href":"https:\/\/www.rengoenlanoticia.cl\/prensa\/wp-json\/wp\/v2\/tags?post=4094"}],"curies":[{"name":"wp","href":"https:\/\/api.w.org\/{rel}","templated":true}]}}