{"id":4091,"date":"2025-07-02T18:06:32","date_gmt":"2025-07-02T18:06:32","guid":{"rendered":"https:\/\/www.rengoenlanoticia.cl\/prensa\/?p=4091"},"modified":"2025-07-02T18:06:34","modified_gmt":"2025-07-02T18:06:34","slug":"declaracion-publica-preocupacion-del-sector-tecnologico-y-economico-ante-proyecto-de-ley-de-inteligencia-artificial-en-chile","status":"publish","type":"post","link":"https:\/\/www.rengoenlanoticia.cl\/prensa\/2025\/07\/02\/declaracion-publica-preocupacion-del-sector-tecnologico-y-economico-ante-proyecto-de-ley-de-inteligencia-artificial-en-chile\/","title":{"rendered":"Declaraci\u00f3n P\u00fablica: Preocupaci\u00f3n del sector tecnol\u00f3gico y econ\u00f3mico ante proyecto de Ley de Inteligencia Artificial en Chile"},"content":{"rendered":"\n<p>Las organizaciones firmantes, representantes del ecosistema tecnol\u00f3gico, de innovaci\u00f3n y econ\u00f3mico en Chile, manifestamos nuestra profunda preocupaci\u00f3n frente al actual proyecto de ley que regula los sistemas de inteligencia artificial (IA) en el pa\u00eds.<br><br>Si bien valoramos el esfuerzo por establecer un marco normativo que resguarde los derechos fundamentales de las personas, advertimos que la propuesta legislativa, en su forma actual, impone restricciones desproporcionadas que amenazan con frenar el desarrollo tecnol\u00f3gico, la inversi\u00f3n y la competitividad nacional, en directo perjuicio de las personas.<br><br>Nuestras principales observaciones son:<br>Excesiva rigidez normativa: El proyecto establece obligaciones t\u00e9cnicas y legales altamente gravosas y dif\u00edciles de cumplir, especialmente para startups, centros de investigaci\u00f3n y pymes tecnol\u00f3gicas.<br>Limitaciones al desarrollo de modelos fundamentales: La falta de mecanismos que faciliten el entrenamiento de modelos de IA avanzados pone en riesgo la capacidad del pa\u00eds para participar en la frontera de la innovaci\u00f3n global.<br><br>Riesgos para el desarrollo tecnol\u00f3gico: La forma que ha tomado el proyecto impide que los modelos de IA puedan entrenarse con informaci\u00f3n y datos de origen nacional al tratarse en muchos casos de obras que el derecho de autor protege para otros fines distintos al del entrenamiento de modelos de IA -entrenamiento que no vulnera la debida protecci\u00f3n de los derechos de autor- generando importantes riesgos de sesgos en los sistemas que se consumen en Chile, frenando el desarrollo de esta tecnolog\u00eda y atentando contra la hoja de ruta que el mismo Plan Nacional de Datos Centros, lanzado por el gobierno, promueve.<br><br>Sobrerregulaci\u00f3n en un mercado peque\u00f1o: La propuesta va incluso m\u00e1s all\u00e1 de lo establecido en la normativa europea, sin considerar las diferencias estructurales de nuestro ecosistema, lo que podr\u00eda alejar la inversi\u00f3n extranjera y limitar el crecimiento local.<br><br>Desalineaci\u00f3n con la tendencia internacional: Mientras pa\u00edses como Estados Unidos, Jap\u00f3n y miembros de la Uni\u00f3n Europea est\u00e1n revisando y retrocediendo en aspectos de sus regulaciones tras constatar su ineficacia, Chile avanza hacia una norma m\u00e1s estricta a\u00fan. Insistir con lo que la experiencia comparada ha demostrado no funciona es, al menos, cuestionable. Es fundamental que los responsables de pol\u00edtica<br>p\u00fablica tomen en cuenta e incorporan la evidencia y la experiencia internacional a la hora de legislar en la materia.<\/p>\n\n\n\n<p>Hoy Chile cuenta con un Plan Nacional de Inteligencia Artificial que ya establece marcos claros para el desarrollo e implementaci\u00f3n de esta tecnolog\u00eda de manera m\u00e1s flexible y que permite acompa\u00f1ar su desarrollo, que avanza a gran velocidad. La existencia de este Plan no ha sido adecuadamente considerada ni ponderada en el proceso de discusi\u00f3n legislativa del Proyecto.<\/p>\n\n\n\n<p>Impacto negativo en la competitividad regional: Mientras otros pa\u00edses avanzan con marcos m\u00e1s flexibles, Chile corre el riesgo de quedar rezagado en la carrera por el liderazgo tecnol\u00f3gico en Am\u00e9rica Latina.<\/p>\n\n\n\n<p>Es importante reconocer que la Inteligencia Artificial representa una oportunidad hist\u00f3rica para impulsar el desarrollo econ\u00f3mico y social de Chile. Esta ya tecnolog\u00eda est\u00e1 generando importantes beneficios en sectores como la salud, mediante diagn\u00f3sticos m\u00e1s precisos y tratamientos personalizados; en la educaci\u00f3n, a trav\u00e9s de sistemas de aprendizaje adaptativo; en la productividad empresarial, optimizando procesos y reduciendo costos; y en la sostenibilidad, mejorando la gesti\u00f3n de recursos naturales. La experiencia internacional demuestra que los pa\u00edses que han adoptado marcos regulatorios flexibles y equilibrados han logrado atraer inversiones significativas, crear empleos de alta calidad y posicionarse como l\u00edderes en innovaci\u00f3n digital. Chile tiene el potencial para convertirse en un hub regional de IA, aprovechando su capital humano calificado, infraestructura digital y estabilidad institucional, siempre que se establezca un marco regulatorio que fomente la innovaci\u00f3n responsable.<\/p>\n\n\n\n<p>Hacemos un llamado urgente al Poder Legislativo y al Ejecutivo a abrir un espacio de di\u00e1logo amplio y t\u00e9cnico con los actores del ecosistema digital, para construir una regulaci\u00f3n equilibrada, que proteja a las personas sin sacrificar el potencial innovador del pa\u00eds.<\/p>\n\n\n\n<p>Reiteramos que el Proyecto, en sus t\u00e9rminos actuales, constituye una propuesta perjudicial que obstaculizar\u00e1 seriamente el desarrollo y la adopci\u00f3n de la inteligencia artificial en el pa\u00eds, impactando tambi\u00e9n negativamente en los usuarios que requieren cada vez m\u00e1s de herramientas confiables y eficaces basadas en IA.<br><br><br>Chile necesita una ley de IA que habilite, no que limite.<br><br>Firman:<br>Asociaci\u00f3n Chilena de Empresas de Tecnolog\u00edas de Informaci\u00f3n AG (ACTI) C\u00e1mara de Comercio de Santiago<br>C\u00e1mara Nacional de Comercio<br>Asociaci\u00f3n de Empresas Fintech de Chile, FINTECHILE. Asociaci\u00f3n de Legaltech de Chile<br>Asociaci\u00f3n Chilena de Data Centers &#8211; Chile Data Centers AG Asociaci\u00f3n Latinoamericana de Internet, ALAI.<\/p>\n","protected":false},"excerpt":{"rendered":"Las organizaciones firmantes, representantes del ecosistema tecnol\u00f3gico, de innovaci\u00f3n y econ\u00f3mico en Chile, manifestamos nuestra profunda preocupaci\u00f3n frente&hellip;\n","protected":false},"author":2,"featured_media":4092,"comment_status":"open","ping_status":"open","sticky":false,"template":"","format":"standard","meta":{"_monsterinsights_skip_tracking":false,"_monsterinsights_sitenote_active":false,"_monsterinsights_sitenote_note":"","_monsterinsights_sitenote_category":0,"footnotes":""},"categories":[8],"tags":[],"class_list":{"0":"post-4091","1":"post","2":"type-post","3":"status-publish","4":"format-standard","5":"has-post-thumbnail","7":"category-portada"},"aioseo_notices":[],"_links":{"self":[{"href":"https:\/\/www.rengoenlanoticia.cl\/prensa\/wp-json\/wp\/v2\/posts\/4091","targetHints":{"allow":["GET"]}}],"collection":[{"href":"https:\/\/www.rengoenlanoticia.cl\/prensa\/wp-json\/wp\/v2\/posts"}],"about":[{"href":"https:\/\/www.rengoenlanoticia.cl\/prensa\/wp-json\/wp\/v2\/types\/post"}],"author":[{"embeddable":true,"href":"https:\/\/www.rengoenlanoticia.cl\/prensa\/wp-json\/wp\/v2\/users\/2"}],"replies":[{"embeddable":true,"href":"https:\/\/www.rengoenlanoticia.cl\/prensa\/wp-json\/wp\/v2\/comments?post=4091"}],"version-history":[{"count":3,"href":"https:\/\/www.rengoenlanoticia.cl\/prensa\/wp-json\/wp\/v2\/posts\/4091\/revisions"}],"predecessor-version":[{"id":4105,"href":"https:\/\/www.rengoenlanoticia.cl\/prensa\/wp-json\/wp\/v2\/posts\/4091\/revisions\/4105"}],"wp:featuredmedia":[{"embeddable":true,"href":"https:\/\/www.rengoenlanoticia.cl\/prensa\/wp-json\/wp\/v2\/media\/4092"}],"wp:attachment":[{"href":"https:\/\/www.rengoenlanoticia.cl\/prensa\/wp-json\/wp\/v2\/media?parent=4091"}],"wp:term":[{"taxonomy":"category","embeddable":true,"href":"https:\/\/www.rengoenlanoticia.cl\/prensa\/wp-json\/wp\/v2\/categories?post=4091"},{"taxonomy":"post_tag","embeddable":true,"href":"https:\/\/www.rengoenlanoticia.cl\/prensa\/wp-json\/wp\/v2\/tags?post=4091"}],"curies":[{"name":"wp","href":"https:\/\/api.w.org\/{rel}","templated":true}]}}