{"id":4078,"date":"2025-07-01T13:47:35","date_gmt":"2025-07-01T13:47:35","guid":{"rendered":"https:\/\/www.rengoenlanoticia.cl\/prensa\/?p=4078"},"modified":"2025-07-01T13:47:35","modified_gmt":"2025-07-01T13:47:35","slug":"diputada-marta-gonzalez-solicita-catastro-nacional-de-colegios-con-presencia-de-asbesto-y-programa-para-removerlo","status":"publish","type":"post","link":"https:\/\/www.rengoenlanoticia.cl\/prensa\/2025\/07\/01\/diputada-marta-gonzalez-solicita-catastro-nacional-de-colegios-con-presencia-de-asbesto-y-programa-para-removerlo\/","title":{"rendered":"Diputada Marta Gonz\u00e1lez solicita catastro nacional de colegios con presencia de asbesto y programa para removerlo"},"content":{"rendered":"\n<p>La Diputada por la Regi\u00f3n de O\u2019Higgins, Marta Gonz\u00e1lez, solicit\u00f3 en la Comisi\u00f3n de Educaci\u00f3n de la C\u00e1mara de Diputadas y Diputados la elaboraci\u00f3n de un registro nacional de establecimientos educacionales que cuenten con estructuras que contienen asbesto, un material prohibido en Chile desde 2001 debido a su alta toxicidad y vinculaci\u00f3n con graves enfermedades respiratorias y c\u00e1ncer.<\/p>\n\n\n\n<p>La solicitud surge tras conocerse que al menos 12 liceos de la comuna de Rengo presentan techos con este material altamente peligroso.<\/p>\n\n\n\n<p>\u201cLamentablemente, muchos establecimientos educacionales son antiguos, no han recibido mantenimiento adecuado en a\u00f1os, y hoy representan un riesgo para la salud de nuestros ni\u00f1os, ni\u00f1as y adolescentes\u201d, advirti\u00f3 la diputada Gonz\u00e1lez.<\/p>\n\n\n\n<p>En la misma sesi\u00f3n \u2014que cont\u00f3 con la presencia del Ministro de Educaci\u00f3n, Nicol\u00e1s Cataldo\u2014, la parlamentaria pidi\u00f3 adem\u00e1s la creaci\u00f3n de un programa especial para el retiro seguro del asbesto en escuelas, similar al plan \u201cConstruyendo Comunidad Mejor Sin Asbesto\u201d del Ministerio de Vivienda.<\/p>\n\n\n\n<p>\u201cSabemos que el retiro de asbesto es un proceso complejo y costoso, que requiere personal especializado. No podemos trasladar esa responsabilidad a las comunidades educativas, por eso es clave que el Estado asuma esta tarea con urgencia\u201d, agreg\u00f3.<\/p>\n\n\n\n<p>\u201cNing\u00fan estudiante, profesor o asistente de la educaci\u00f3n debiese exponerse a un riesgo como este solo por asistir a clases. Estamos hablando de una amenaza silenciosa que puede tener consecuencias irreversibles\u201d, a\u00f1adi\u00f3 Gonz\u00e1lez.<\/p>\n\n\n\n<p>Finalmente, la diputada enfatiz\u00f3 que lo ocurrido en Rengo es solo una muestra de una situaci\u00f3n probablemente extendida en todo el pa\u00eds: \u201cSi solo en una comuna encontramos 12 establecimientos con asbesto, es evidente que a nivel nacional este problema puede ser mucho mayor. Urge hacernos cargo y priorizar la salud de nuestras comunidades escolares\u201d.<\/p>\n","protected":false},"excerpt":{"rendered":"La Diputada por la Regi\u00f3n de O\u2019Higgins, Marta Gonz\u00e1lez, solicit\u00f3 en la Comisi\u00f3n de Educaci\u00f3n de la C\u00e1mara&hellip;\n","protected":false},"author":1,"featured_media":4079,"comment_status":"open","ping_status":"open","sticky":false,"template":"","format":"standard","meta":{"_monsterinsights_skip_tracking":false,"_monsterinsights_sitenote_active":false,"_monsterinsights_sitenote_note":"","_monsterinsights_sitenote_category":0,"footnotes":""},"categories":[11,8],"tags":[],"class_list":{"0":"post-4078","1":"post","2":"type-post","3":"status-publish","4":"format-standard","5":"has-post-thumbnail","7":"category-politica","8":"category-portada"},"aioseo_notices":[],"_links":{"self":[{"href":"https:\/\/www.rengoenlanoticia.cl\/prensa\/wp-json\/wp\/v2\/posts\/4078","targetHints":{"allow":["GET"]}}],"collection":[{"href":"https:\/\/www.rengoenlanoticia.cl\/prensa\/wp-json\/wp\/v2\/posts"}],"about":[{"href":"https:\/\/www.rengoenlanoticia.cl\/prensa\/wp-json\/wp\/v2\/types\/post"}],"author":[{"embeddable":true,"href":"https:\/\/www.rengoenlanoticia.cl\/prensa\/wp-json\/wp\/v2\/users\/1"}],"replies":[{"embeddable":true,"href":"https:\/\/www.rengoenlanoticia.cl\/prensa\/wp-json\/wp\/v2\/comments?post=4078"}],"version-history":[{"count":2,"href":"https:\/\/www.rengoenlanoticia.cl\/prensa\/wp-json\/wp\/v2\/posts\/4078\/revisions"}],"predecessor-version":[{"id":4082,"href":"https:\/\/www.rengoenlanoticia.cl\/prensa\/wp-json\/wp\/v2\/posts\/4078\/revisions\/4082"}],"wp:featuredmedia":[{"embeddable":true,"href":"https:\/\/www.rengoenlanoticia.cl\/prensa\/wp-json\/wp\/v2\/media\/4079"}],"wp:attachment":[{"href":"https:\/\/www.rengoenlanoticia.cl\/prensa\/wp-json\/wp\/v2\/media?parent=4078"}],"wp:term":[{"taxonomy":"category","embeddable":true,"href":"https:\/\/www.rengoenlanoticia.cl\/prensa\/wp-json\/wp\/v2\/categories?post=4078"},{"taxonomy":"post_tag","embeddable":true,"href":"https:\/\/www.rengoenlanoticia.cl\/prensa\/wp-json\/wp\/v2\/tags?post=4078"}],"curies":[{"name":"wp","href":"https:\/\/api.w.org\/{rel}","templated":true}]}}