{"id":4054,"date":"2025-07-01T02:29:46","date_gmt":"2025-07-01T02:29:46","guid":{"rendered":"https:\/\/www.rengoenlanoticia.cl\/prensa\/?p=4054"},"modified":"2025-07-01T02:29:47","modified_gmt":"2025-07-01T02:29:47","slug":"puede-ayudar-a-que-sea-realidad-diputada-romero-pide-a-boric-dar-urgencia-a-proyecto-que-extiende-postnatal-masculino-a-un-mes-tras","status":"publish","type":"post","link":"https:\/\/www.rengoenlanoticia.cl\/prensa\/2025\/07\/01\/puede-ayudar-a-que-sea-realidad-diputada-romero-pide-a-boric-dar-urgencia-a-proyecto-que-extiende-postnatal-masculino-a-un-mes-tras\/","title":{"rendered":"\u201cPuede ayudar a que sea realidad\u201d: Diputada Romero pide a Boric dar urgencia a\u00a0proyecto\u00a0que\u00a0extiende\u00a0postnatal\u00a0masculino\u00a0a\u00a0un\u00a0mes\u00a0tras\u00a0manifestarse\u00a0a\u00a0favor"},"content":{"rendered":"\n<p><em>La representante de O\u2019Higgins record\u00f3 que hace exactos tres a\u00f1os present\u00f3 una iniciativa para aumentar a cuatro semanas el actual permiso laboral con el que cuentan los padres, subiendo tambi\u00e9n a un a\u00f1o la licencia de las mujeres para fortalecer el apego con sus hijos.<\/em><\/p>\n\n\n\n<p>Luego que el Presidente Gabriel Boric se convirtiera por primera vez en padre durante la semana pasada y manifestara p\u00fablicamente que \u201cse requiere un postnatal masculino mayor, de m\u00e1s tiempo\u201d, la diputada por la Regi\u00f3n de O\u2019Higgins e integrante de la comisi\u00f3n de la Familia de la C\u00e1mara Baja, Natalia Romero (Ind. UDI), llam\u00f3 al Mandatario a \u201chacer realidad su deseo\u201d y otorgar suma urgencia a un proyecto de ley que present\u00f3 hace exactos tres a\u00f1os, en junio de 2022, para justamente aumentar de cinco d\u00edas a un mes el actual permiso laboral con el que cuentan los padres del pa\u00eds.<\/p>\n\n\n\n<p>Al respecto, cabe recordar que lo que declar\u00f3 el Presidente Boric es que \u201cse requiere avanzar en corresponsabilidad\u201d y \u201ccompartir los cuidados\u201d entre hombres y mujeres, por lo que se manifest\u00f3 a favor de incrementar el actual postnatal, se\u00f1alando que incluso deber\u00eda ser \u201cobligatorio\u201d para todos.<\/p>\n\n\n\n<p>Por lo mismo, la representante del Distrito 15 record\u00f3 que hace tres a\u00f1os present\u00f3 un proyecto de ley que no s\u00f3lo apunta a incrementar la licencia de los padres a un mes, sino que tambi\u00e9n la de las madres a un a\u00f1o, fomentando de tal manera la corresponsabilidad parental de una forma \u201cefectiva\u201d.<\/p>\n\n\n\n<p>\u201cLa gran diferencia entre el Presidente Boric y cualquier otro hombre que se convierta en padre es que \u00e9l s\u00ed tiene la posibilidad y las herramientas para hacer realidad su deseo. Por lo tanto, si se ha manifestado a favor de incrementar el postnatal masculino a un per\u00edodo de d\u00edas que realmente signifique un aporte en materia de corresponsabilidad y permita mejor el apego con los reci\u00e9n nacidos, lo l\u00f3gico entonces es que le otorgue suma urgencia a este proyecto de ley, que justamente va en la direcci\u00f3n que \u00e9l ha declarado\u201d, manifest\u00f3 la diputada Natalia Romero, quien por lo mismo agreg\u00f3 que \u201cdel dicho al hecho hay mucho trecho, pero esperamos que en esta ocasi\u00f3n no sea as\u00ed\u201d.<\/p>\n\n\n\n<p>En cuanto a los detalles de la iniciativa, la parlamentaria por O\u2019Higgins explic\u00f3 que en el caso de hombres se extiende a cuatro semanas el actual permiso laboral con el que se cuentan, debiendo utilizar las primeras tres de manera continua desde el momento del parto, mientras que la cuarta puede ser distribuida dentro del primer a\u00f1o de nacimiento del beb\u00e9. En tanto, en el caso de las mujeres, la diputada Romero precis\u00f3 que la iniciativa busca extender el postnatal a 40 semanas totales o 46 en jornadas parciales, garantizando as\u00ed que se mantengan durante un a\u00f1o con sus hijos.<\/p>\n\n\n\n<p>Para justificar la presentaci\u00f3n de su iniciativa, la legisladora no s\u00f3lo apunt\u00f3 a la corresponsabilidad entre los padres y las madres, sino que tambi\u00e9n a fortalecer el apego de ellos con los reci\u00e9n nacidos, asegurando, por ejemplo, que \u201ces inentendible que el postnatal femenino termine justo a los seis meses, que es cuando los beb\u00e9s comienzan con la alimentaci\u00f3n complementaria, o que los hombres tengan apenas una semana de descanso y se pierdan casi todo el primer mes de vida de sus hijos\u201d.<\/p>\n\n\n\n<p>Por lo mismo, Romero llam\u00f3 al Presidente Gabriel Boric a \u201cayudar\u201d a que la extensi\u00f3n del postnatal masculino y femenino \u201csea una realidad\u201d, insistiendo en que \u201cen medio de la grave crisis de natalidad por la que atraviesa nuestro pa\u00eds, es fundamental apoyar a quienes s\u00ed desean convertirse en padres\u201d.<\/p>\n","protected":false},"excerpt":{"rendered":"La representante de O\u2019Higgins record\u00f3 que hace exactos tres a\u00f1os present\u00f3 una iniciativa para aumentar a cuatro semanas&hellip;\n","protected":false},"author":2,"featured_media":4055,"comment_status":"open","ping_status":"open","sticky":false,"template":"","format":"standard","meta":{"_monsterinsights_skip_tracking":false,"_monsterinsights_sitenote_active":false,"_monsterinsights_sitenote_note":"","_monsterinsights_sitenote_category":0,"footnotes":""},"categories":[11,8],"tags":[],"class_list":{"0":"post-4054","1":"post","2":"type-post","3":"status-publish","4":"format-standard","5":"has-post-thumbnail","7":"category-politica","8":"category-portada"},"aioseo_notices":[],"_links":{"self":[{"href":"https:\/\/www.rengoenlanoticia.cl\/prensa\/wp-json\/wp\/v2\/posts\/4054","targetHints":{"allow":["GET"]}}],"collection":[{"href":"https:\/\/www.rengoenlanoticia.cl\/prensa\/wp-json\/wp\/v2\/posts"}],"about":[{"href":"https:\/\/www.rengoenlanoticia.cl\/prensa\/wp-json\/wp\/v2\/types\/post"}],"author":[{"embeddable":true,"href":"https:\/\/www.rengoenlanoticia.cl\/prensa\/wp-json\/wp\/v2\/users\/2"}],"replies":[{"embeddable":true,"href":"https:\/\/www.rengoenlanoticia.cl\/prensa\/wp-json\/wp\/v2\/comments?post=4054"}],"version-history":[{"count":3,"href":"https:\/\/www.rengoenlanoticia.cl\/prensa\/wp-json\/wp\/v2\/posts\/4054\/revisions"}],"predecessor-version":[{"id":4058,"href":"https:\/\/www.rengoenlanoticia.cl\/prensa\/wp-json\/wp\/v2\/posts\/4054\/revisions\/4058"}],"wp:featuredmedia":[{"embeddable":true,"href":"https:\/\/www.rengoenlanoticia.cl\/prensa\/wp-json\/wp\/v2\/media\/4055"}],"wp:attachment":[{"href":"https:\/\/www.rengoenlanoticia.cl\/prensa\/wp-json\/wp\/v2\/media?parent=4054"}],"wp:term":[{"taxonomy":"category","embeddable":true,"href":"https:\/\/www.rengoenlanoticia.cl\/prensa\/wp-json\/wp\/v2\/categories?post=4054"},{"taxonomy":"post_tag","embeddable":true,"href":"https:\/\/www.rengoenlanoticia.cl\/prensa\/wp-json\/wp\/v2\/tags?post=4054"}],"curies":[{"name":"wp","href":"https:\/\/api.w.org\/{rel}","templated":true}]}}