{"id":4048,"date":"2025-07-01T00:52:47","date_gmt":"2025-07-01T00:52:47","guid":{"rendered":"https:\/\/www.rengoenlanoticia.cl\/prensa\/?p=4048"},"modified":"2025-07-01T00:52:49","modified_gmt":"2025-07-01T00:52:49","slug":"gobierno-regional-impulsa-la-elaboracion-de-planes-de-accion-comunal-para-el-cambio-climatico","status":"publish","type":"post","link":"https:\/\/www.rengoenlanoticia.cl\/prensa\/2025\/07\/01\/gobierno-regional-impulsa-la-elaboracion-de-planes-de-accion-comunal-para-el-cambio-climatico\/","title":{"rendered":"Gobierno Regional impulsa la elaboraci\u00f3n de planes de acci\u00f3n comunal para el cambio clim\u00e1tico\u2022"},"content":{"rendered":"\n<p>29 comunas de la regi\u00f3n participar\u00e1n en la formulaci\u00f3n de una estrategia que permita abordar el cambio clim\u00e1tico desde una mirada integradora.<\/p>\n\n\n\n<p>Durante el mes de junio, el Gobierno Regional inici\u00f3 un trabajo de coordinaci\u00f3n con los municipios de O\u2019Higgins para la realizaci\u00f3n de Planes de Acci\u00f3n Comunal de Cambio Clim\u00e1tico (PACCC).<\/p>\n\n\n\n<p>En concreto, el GORE invirti\u00f3 495 millones de pesos para apoyar a las municipalidades en la implementaci\u00f3n de la Ley Marco de Cambio Clim\u00e1tico (Ley 21.455), con la finalidad de fortalecer sus programas asociados a esta materia.<\/p>\n\n\n\n<figure class=\"wp-block-image size-large\"><img loading=\"lazy\" decoding=\"async\" width=\"1024\" height=\"768\" src=\"https:\/\/www.rengoenlanoticia.cl\/prensa\/wp-content\/uploads\/2025\/07\/WhatsApp-Image-2025-06-30-at-15.35.12-1024x768.jpeg\" alt=\"\" class=\"wp-image-4050\" srcset=\"https:\/\/www.rengoenlanoticia.cl\/prensa\/wp-content\/uploads\/2025\/07\/WhatsApp-Image-2025-06-30-at-15.35.12-1024x768.jpeg 1024w, https:\/\/www.rengoenlanoticia.cl\/prensa\/wp-content\/uploads\/2025\/07\/WhatsApp-Image-2025-06-30-at-15.35.12-300x225.jpeg 300w, https:\/\/www.rengoenlanoticia.cl\/prensa\/wp-content\/uploads\/2025\/07\/WhatsApp-Image-2025-06-30-at-15.35.12-768x576.jpeg 768w, https:\/\/www.rengoenlanoticia.cl\/prensa\/wp-content\/uploads\/2025\/07\/WhatsApp-Image-2025-06-30-at-15.35.12-110x83.jpeg 110w, https:\/\/www.rengoenlanoticia.cl\/prensa\/wp-content\/uploads\/2025\/07\/WhatsApp-Image-2025-06-30-at-15.35.12-200x150.jpeg 200w, https:\/\/www.rengoenlanoticia.cl\/prensa\/wp-content\/uploads\/2025\/07\/WhatsApp-Image-2025-06-30-at-15.35.12-380x285.jpeg 380w, https:\/\/www.rengoenlanoticia.cl\/prensa\/wp-content\/uploads\/2025\/07\/WhatsApp-Image-2025-06-30-at-15.35.12-255x191.jpeg 255w, https:\/\/www.rengoenlanoticia.cl\/prensa\/wp-content\/uploads\/2025\/07\/WhatsApp-Image-2025-06-30-at-15.35.12-550x413.jpeg 550w, https:\/\/www.rengoenlanoticia.cl\/prensa\/wp-content\/uploads\/2025\/07\/WhatsApp-Image-2025-06-30-at-15.35.12-800x600.jpeg 800w, https:\/\/www.rengoenlanoticia.cl\/prensa\/wp-content\/uploads\/2025\/07\/WhatsApp-Image-2025-06-30-at-15.35.12-1160x870.jpeg 1160w, https:\/\/www.rengoenlanoticia.cl\/prensa\/wp-content\/uploads\/2025\/07\/WhatsApp-Image-2025-06-30-at-15.35.12.jpeg 1280w\" sizes=\"auto, (max-width: 1024px) 100vw, 1024px\" \/><\/figure>\n\n\n\n<p>El trabajo contempla desarrollar un diagn\u00f3stico de riesgo y vulnerabilidad territorial para 29 comunas de la regi\u00f3n. Se implementar\u00e1n, en conjunto con las municipalidades, procesos de participaci\u00f3n ciudadana a trav\u00e9s de talleres y, en base a este contenido, se elaborar\u00e1n los planes de acci\u00f3n comunal de cambio clim\u00e1tico que deber\u00e1n ser aprobados por los concejos municipales. El objetivo de este proyecto es poder formular al menos una iniciativa de adaptaci\u00f3n o mitigaci\u00f3n del cambio clim\u00e1tico.<\/p>\n\n\n\n<p>El Gobernador Regional, Pablo Silva Amaya, sostuvo que \u201ctenemos un compromiso regional por avanzar en una gesti\u00f3n clim\u00e1tica efectiva y participativa. Estamos desarrollando todos los esfuerzos por cumplir con este principio tan relevante para nuestra regi\u00f3n de O\u2019Higgins\u201d, agregando que \u201cnuestro equipo del GORE inici\u00f3 el trabajo de elaboraci\u00f3n en las tres provincias: en Cardenal Caro, Colchagua y Cachapoal. Efectivamente queremos una regi\u00f3n m\u00e1s limpia, m\u00e1s adaptada, m\u00e1s preparada, que cuide el agua y m\u00e1s verde\u201d.<\/p>\n\n\n\n<p>Los nuevos planes pueden estar enfocados en acondicionamiento de sedes comunitarias como refugio clim\u00e1tico ante eventos extremos de fr\u00edo o calor, generar corredores de sombra y vegetaci\u00f3n nativa en plazas para reducir la temperatura urbana en verano, crear sistema de cosecha de aguas lluvia con el fin de reducir la presi\u00f3n sobre fuentes de agua potable en el contexto de sequ\u00edas y construir infraestructura verde para drenaje urbano como cortafuegos comunitarios con el fin de reducir el avance del fuego hacia sectores habitados.<\/p>\n\n\n\n<p>De acuerdo a lo se\u00f1alado por la profesional de la Divisi\u00f3n de Planificaci\u00f3n y Desarrollo Regional (DIPLADE), Claudia Soto, este proceso se extender\u00e1 hasta el 2026. Adem\u00e1s, explic\u00f3 que \u201csi bien es una obligaci\u00f3n municipal, muchas municipalidades nos manifestaron la dificultad de poder financiar estos planes, porque la Ley Marco no viene con recursos asociados para la gesti\u00f3n clim\u00e1tica y en ese sentido a trav\u00e9s de la priorizaci\u00f3n del gobernador y del Consejo Regional se logr\u00f3 hacer una metodolog\u00eda para someter a licitaci\u00f3n 3 consultor\u00edas por provincia con paquetes de comunas, para que la regi\u00f3n completa tenga estos planes comunales con una mirada sin\u00e9rgica, integradora y hol\u00edstica pero con particularidades locales de cada lugar\u201d.<\/p>\n\n\n\n<p>Las comunas que participan en la confecci\u00f3n de los Planes de Acci\u00f3n Comunal de Cambio Clim\u00e1tico son: Codegua, Coinco, Coltauco, Do\u00f1ihue, Graneros, Las Cabras, Machal\u00ed, Malloa, Mostazal, Olivar, Peumo, Pichideg\u00fca, Quinta de Tilcoco, Rengo, Requ\u00ednoa, San Vicente, Chimbarongo, Lolol, Nancagua, Palmilla, Peralillo, Placilla, Pumanque, San Fernando, Santa cruz, La Estrella, Litueche, Marchig\u00fce y Paredones. Rancagua, Pichilemu, Ch\u00e9pica y Navidad no participar\u00e1n de este proces\u00f3, dado que se encuentran trabajando en la elaboraci\u00f3n de estas estrategias de manera independiente.<\/p>\n\n\n\n<p>El Gobierno Regional, a trav\u00e9s de la DIPLADE, se encargar\u00e1 de la coordinaci\u00f3n estrat\u00e9gica, seguimiento t\u00e9cnico del estudio, supervisar\u00e1 el cumplimiento del programa junto con facilitar el trabajo intersectorial entre las instituciones comunales y regionales.<\/p>\n","protected":false},"excerpt":{"rendered":"29 comunas de la regi\u00f3n participar\u00e1n en la formulaci\u00f3n de una estrategia que permita abordar el cambio clim\u00e1tico&hellip;\n","protected":false},"author":2,"featured_media":4049,"comment_status":"open","ping_status":"open","sticky":false,"template":"","format":"standard","meta":{"_monsterinsights_skip_tracking":false,"_monsterinsights_sitenote_active":false,"_monsterinsights_sitenote_note":"","_monsterinsights_sitenote_category":0,"footnotes":""},"categories":[8],"tags":[],"class_list":{"0":"post-4048","1":"post","2":"type-post","3":"status-publish","4":"format-standard","5":"has-post-thumbnail","7":"category-portada"},"aioseo_notices":[],"_links":{"self":[{"href":"https:\/\/www.rengoenlanoticia.cl\/prensa\/wp-json\/wp\/v2\/posts\/4048","targetHints":{"allow":["GET"]}}],"collection":[{"href":"https:\/\/www.rengoenlanoticia.cl\/prensa\/wp-json\/wp\/v2\/posts"}],"about":[{"href":"https:\/\/www.rengoenlanoticia.cl\/prensa\/wp-json\/wp\/v2\/types\/post"}],"author":[{"embeddable":true,"href":"https:\/\/www.rengoenlanoticia.cl\/prensa\/wp-json\/wp\/v2\/users\/2"}],"replies":[{"embeddable":true,"href":"https:\/\/www.rengoenlanoticia.cl\/prensa\/wp-json\/wp\/v2\/comments?post=4048"}],"version-history":[{"count":3,"href":"https:\/\/www.rengoenlanoticia.cl\/prensa\/wp-json\/wp\/v2\/posts\/4048\/revisions"}],"predecessor-version":[{"id":4053,"href":"https:\/\/www.rengoenlanoticia.cl\/prensa\/wp-json\/wp\/v2\/posts\/4048\/revisions\/4053"}],"wp:featuredmedia":[{"embeddable":true,"href":"https:\/\/www.rengoenlanoticia.cl\/prensa\/wp-json\/wp\/v2\/media\/4049"}],"wp:attachment":[{"href":"https:\/\/www.rengoenlanoticia.cl\/prensa\/wp-json\/wp\/v2\/media?parent=4048"}],"wp:term":[{"taxonomy":"category","embeddable":true,"href":"https:\/\/www.rengoenlanoticia.cl\/prensa\/wp-json\/wp\/v2\/categories?post=4048"},{"taxonomy":"post_tag","embeddable":true,"href":"https:\/\/www.rengoenlanoticia.cl\/prensa\/wp-json\/wp\/v2\/tags?post=4048"}],"curies":[{"name":"wp","href":"https:\/\/api.w.org\/{rel}","templated":true}]}}