{"id":4044,"date":"2025-07-01T00:47:03","date_gmt":"2025-07-01T00:47:03","guid":{"rendered":"https:\/\/www.rengoenlanoticia.cl\/prensa\/?p=4044"},"modified":"2025-07-01T00:47:04","modified_gmt":"2025-07-01T00:47:04","slug":"se-mantiene-la-alerta-ambiental-para-este-martes-01-de-julio","status":"publish","type":"post","link":"https:\/\/www.rengoenlanoticia.cl\/prensa\/2025\/07\/01\/se-mantiene-la-alerta-ambiental-para-este-martes-01-de-julio\/","title":{"rendered":"Se mantiene la alerta ambiental  para este martes 01 de julio."},"content":{"rendered":"\n<p>Las medidas rigen por 24hrs en las 17 comunas del valle central de O\u00b4Higgins.<\/p>\n\n\n\n<p>&#x261d;&#x1f3fb;MEDIDAS EN ALERTA AMBIENTAL:<\/p>\n\n\n\n<p>&#x1fab5;&#x1f6ab;Prohibido encender estufas a le\u00f1a. Se permite encender estufas a pellet.<\/p>\n\n\n\n<p>&#x1f3c3;&#x1f3fb;&#x200d;&#x2640;&#xfe0f;&#x1f6ab;Colegios podr\u00e1n realizar actividades deportivas de intensidad moderada solo en recintos cerrados.<\/p>\n\n\n\n<p>&#x2705;Las actividades vinculadas al Sistema Nacional de Competencias Deportivas (SNCD) se ejecutan a todo evento.<\/p>\n\n\n\n<p>&#x1f6ab;Prohibici\u00f3n del funcionamiento de calderas a le\u00f1a o carb\u00f3n, a menos que acrediten emisiones de MP inferiores a 30 mg\/m\u00b3N<\/p>\n\n\n\n<p>&#x1f4de;Fono denuncias Seremi de Salud +56989036974<\/p>\n\n\n\n<p>&#x261d;&#x1f3fb;El llamado es a respetar las medidas y preferir medios de calefacci\u00f3n amigables con el medioambiente.<\/p>\n","protected":false},"excerpt":{"rendered":"Las medidas rigen por 24hrs en las 17 comunas del valle central de O\u00b4Higgins. &#x261d;&#x1f3fb;MEDIDAS EN ALERTA AMBIENTAL:&hellip;\n","protected":false},"author":2,"featured_media":3991,"comment_status":"open","ping_status":"open","sticky":false,"template":"","format":"standard","meta":{"_monsterinsights_skip_tracking":false,"_monsterinsights_sitenote_active":false,"_monsterinsights_sitenote_note":"","_monsterinsights_sitenote_category":0,"footnotes":""},"categories":[8],"tags":[],"class_list":{"0":"post-4044","1":"post","2":"type-post","3":"status-publish","4":"format-standard","5":"has-post-thumbnail","7":"category-portada"},"aioseo_notices":[],"_links":{"self":[{"href":"https:\/\/www.rengoenlanoticia.cl\/prensa\/wp-json\/wp\/v2\/posts\/4044","targetHints":{"allow":["GET"]}}],"collection":[{"href":"https:\/\/www.rengoenlanoticia.cl\/prensa\/wp-json\/wp\/v2\/posts"}],"about":[{"href":"https:\/\/www.rengoenlanoticia.cl\/prensa\/wp-json\/wp\/v2\/types\/post"}],"author":[{"embeddable":true,"href":"https:\/\/www.rengoenlanoticia.cl\/prensa\/wp-json\/wp\/v2\/users\/2"}],"replies":[{"embeddable":true,"href":"https:\/\/www.rengoenlanoticia.cl\/prensa\/wp-json\/wp\/v2\/comments?post=4044"}],"version-history":[{"count":3,"href":"https:\/\/www.rengoenlanoticia.cl\/prensa\/wp-json\/wp\/v2\/posts\/4044\/revisions"}],"predecessor-version":[{"id":4047,"href":"https:\/\/www.rengoenlanoticia.cl\/prensa\/wp-json\/wp\/v2\/posts\/4044\/revisions\/4047"}],"wp:featuredmedia":[{"embeddable":true,"href":"https:\/\/www.rengoenlanoticia.cl\/prensa\/wp-json\/wp\/v2\/media\/3991"}],"wp:attachment":[{"href":"https:\/\/www.rengoenlanoticia.cl\/prensa\/wp-json\/wp\/v2\/media?parent=4044"}],"wp:term":[{"taxonomy":"category","embeddable":true,"href":"https:\/\/www.rengoenlanoticia.cl\/prensa\/wp-json\/wp\/v2\/categories?post=4044"},{"taxonomy":"post_tag","embeddable":true,"href":"https:\/\/www.rengoenlanoticia.cl\/prensa\/wp-json\/wp\/v2\/tags?post=4044"}],"curies":[{"name":"wp","href":"https:\/\/api.w.org\/{rel}","templated":true}]}}