{"id":3999,"date":"2025-06-30T23:56:25","date_gmt":"2025-06-30T23:56:25","guid":{"rendered":"https:\/\/www.rengoenlanoticia.cl\/prensa\/?p=3999"},"modified":"2025-07-01T00:15:20","modified_gmt":"2025-07-01T00:15:20","slug":"hospital-de-coinco-rinde-cuenta-publica-destacando-avances-y-compromiso-con-la-comunidad","status":"publish","type":"post","link":"https:\/\/www.rengoenlanoticia.cl\/prensa\/2025\/06\/30\/hospital-de-coinco-rinde-cuenta-publica-destacando-avances-y-compromiso-con-la-comunidad\/","title":{"rendered":"Hospital de Coinco rinde Cuenta P\u00fablica destacando avances y compromiso con la comunidad"},"content":{"rendered":"\n<p> En el marco de las cuentas p\u00fablicas que se est\u00e1n realizando en todos los hospitales de la red asistencial de O&#8217;Higgins, el Hospital San Francisco de Coinco present\u00f3 su gesti\u00f3n 2024, dando cuenta de importantes avances en infraestructura, equipamiento y mejoras en la atenci\u00f3n, siempre con el foco puesto en las necesidades de sus pacientes y en el fortalecimiento de la relaci\u00f3n con la comunidad.<\/p>\n\n\n\n<p>Con m\u00e1s de 111 a\u00f1os de historia, el Hospital de Coinco es un establecimiento de baja complejidad que no solo atiende a las vecinas y vecinos de la comuna, sino que tambi\u00e9n es centro de referencia para Do\u00f1ihue, Coltauco y Olivar, apoyando a la red hospitalaria y siendo un importante centro de descarga para el Hospital Dr. Franco Ravera Zunino (HFRZ).<\/p>\n\n\n\n<p><strong>Avances al servicio de la comunidad<\/strong><\/p>\n\n\n\n<p>Durante la cuenta p\u00fablica, la directora (s) del hospital, Josefa Melo, destac\u00f3 que uno de los principales logros alcanzados durante el \u00faltimo a\u00f1o fue el mejoramiento del equipamiento m\u00e9dico. En este \u00e1mbito, se incorpor\u00f3 un nuevo desfibrilador, una camilla hidr\u00e1ulica para la Unidad de Emergencia Hospitalaria, adem\u00e1s de la adquisici\u00f3n de nuevas sillas de ruedas y un refrigerador que permite el almacenamiento seguro de medicamentos, todo ello con el prop\u00f3sito de mejorar las condiciones de atenci\u00f3n para los pacientes.<\/p>\n\n\n\n<p>Otro avance relevante fue el aumento de la dotaci\u00f3n m\u00e9dica. Actualmente, el hospital cuenta con nueve m\u00e9dicos, lo que ha fortalecido significativamente la capacidad de atenci\u00f3n y resoluci\u00f3n de los problemas de salud de la poblaci\u00f3n usuaria.<\/p>\n\n\n\n<p>En cuanto al acceso a ex\u00e1menes, se ampli\u00f3 el horario de atenci\u00f3n del laboratorio cl\u00ednico horas, que ahora funciona de lunes a viernes hasta las 19:00 horas y tambi\u00e9n abre los d\u00edas s\u00e1bado entre las 08:00 y las 17:00, lo que facilita a la comunidad realizar sus procedimientos m\u00e9dicos sin necesidad de desplazarse a otros centros de salud.<\/p>\n\n\n\n<p>En materia de infraestructura, se habilitan nuevas cajas de atenci\u00f3n, gracias a la entrega de un contenedor en el marco del proceso RAD 2024, lo que ha permitido mejorar los espacios para brindar una atenci\u00f3n m\u00e1s oportuna y c\u00f3moda.<\/p>\n\n\n\n<p>Finalmente, se implementaron horas de morbilidad espont\u00e1nea, lo que permite que las y los usuarios puedan acceder a consulta m\u00e9dica sin agendar previamente, entre las 08:00 y las 10:00 horas, mejorando as\u00ed la capacidad de respuesta ante necesidades de salud que requieren atenci\u00f3n r\u00e1pida.<\/p>\n\n\n\n<figure class=\"wp-block-image size-full\"><img loading=\"lazy\" decoding=\"async\" width=\"1024\" height=\"768\" src=\"https:\/\/www.rengoenlanoticia.cl\/prensa\/wp-content\/uploads\/2025\/06\/CP-Coinco-1.jpeg\" alt=\"\" class=\"wp-image-4004\" srcset=\"https:\/\/www.rengoenlanoticia.cl\/prensa\/wp-content\/uploads\/2025\/06\/CP-Coinco-1.jpeg 1024w, https:\/\/www.rengoenlanoticia.cl\/prensa\/wp-content\/uploads\/2025\/06\/CP-Coinco-1-300x225.jpeg 300w, https:\/\/www.rengoenlanoticia.cl\/prensa\/wp-content\/uploads\/2025\/06\/CP-Coinco-1-768x576.jpeg 768w, https:\/\/www.rengoenlanoticia.cl\/prensa\/wp-content\/uploads\/2025\/06\/CP-Coinco-1-110x83.jpeg 110w, https:\/\/www.rengoenlanoticia.cl\/prensa\/wp-content\/uploads\/2025\/06\/CP-Coinco-1-200x150.jpeg 200w, https:\/\/www.rengoenlanoticia.cl\/prensa\/wp-content\/uploads\/2025\/06\/CP-Coinco-1-380x285.jpeg 380w, https:\/\/www.rengoenlanoticia.cl\/prensa\/wp-content\/uploads\/2025\/06\/CP-Coinco-1-255x191.jpeg 255w, https:\/\/www.rengoenlanoticia.cl\/prensa\/wp-content\/uploads\/2025\/06\/CP-Coinco-1-550x413.jpeg 550w, https:\/\/www.rengoenlanoticia.cl\/prensa\/wp-content\/uploads\/2025\/06\/CP-Coinco-1-800x600.jpeg 800w\" sizes=\"auto, (max-width: 1024px) 100vw, 1024px\" \/><\/figure>\n\n\n\n<p>La directora valor\u00f3 este espacio de rendici\u00f3n de cuentas y expres\u00f3 su satisfacci\u00f3n por la participaci\u00f3n de la comunidad \u00abme siento bastante satisfecha y agradecida por todo el trabajo de mi equipo y tambi\u00e9n por la gran cantidad de asistentes. Esta fue una cuenta p\u00fablica muy clara, donde siento que los asistentes quedaron muy contentos con lo que se present\u00f3. Es mi primera cuenta p\u00fablica y espero seguir trabajando para generar mejoras en beneficio de nuestros pacientes\u00bb, se\u00f1al\u00f3.<\/p>\n\n\n\n<p><strong>Valoraci\u00f3n desde la red y la comunidad<\/strong><\/p>\n\n\n\n<figure class=\"wp-block-image size-full\"><img loading=\"lazy\" decoding=\"async\" width=\"1024\" height=\"768\" src=\"https:\/\/www.rengoenlanoticia.cl\/prensa\/wp-content\/uploads\/2025\/06\/CP-Coinco-2.jpeg\" alt=\"\" class=\"wp-image-4005\" srcset=\"https:\/\/www.rengoenlanoticia.cl\/prensa\/wp-content\/uploads\/2025\/06\/CP-Coinco-2.jpeg 1024w, https:\/\/www.rengoenlanoticia.cl\/prensa\/wp-content\/uploads\/2025\/06\/CP-Coinco-2-300x225.jpeg 300w, https:\/\/www.rengoenlanoticia.cl\/prensa\/wp-content\/uploads\/2025\/06\/CP-Coinco-2-768x576.jpeg 768w, https:\/\/www.rengoenlanoticia.cl\/prensa\/wp-content\/uploads\/2025\/06\/CP-Coinco-2-110x83.jpeg 110w, https:\/\/www.rengoenlanoticia.cl\/prensa\/wp-content\/uploads\/2025\/06\/CP-Coinco-2-200x150.jpeg 200w, https:\/\/www.rengoenlanoticia.cl\/prensa\/wp-content\/uploads\/2025\/06\/CP-Coinco-2-380x285.jpeg 380w, https:\/\/www.rengoenlanoticia.cl\/prensa\/wp-content\/uploads\/2025\/06\/CP-Coinco-2-255x191.jpeg 255w, https:\/\/www.rengoenlanoticia.cl\/prensa\/wp-content\/uploads\/2025\/06\/CP-Coinco-2-550x413.jpeg 550w, https:\/\/www.rengoenlanoticia.cl\/prensa\/wp-content\/uploads\/2025\/06\/CP-Coinco-2-800x600.jpeg 800w\" sizes=\"auto, (max-width: 1024px) 100vw, 1024px\" \/><\/figure>\n\n\n\n<p>Andrea Pizarro, subdirectora de Gesti\u00f3n de las Personas del Servicio de Salud O&#8217;Higgins, felicit\u00f3 al equipo y resalt\u00f3 la cercan\u00eda de la presentaci\u00f3n \u00abes un gusto acompa\u00f1ar esta cuenta p\u00fablica, tan clara y realizada con cari\u00f1o hacia la comunidad. Se muestran avances en un hospital con m\u00e1s de 111 a\u00f1os, que trabaja cada d\u00eda por y para los pacientes. Felicitaciones a la directora ya todo su equipo por fortalecer nuestra red asistencial con compromiso y dedicaci\u00f3n.\u00bb<\/p>\n\n\n\n<p>Desde la comunidad, Julio Far\u00edas, vicepresidente del Consejo Consultivo del hospital, valor\u00f3 la instancia \u00abestuvo muy buena. Expusieron correctamente c\u00f3mo se debe hacer una cuenta p\u00fablica. Lo que m\u00e1s necesitamos es desarrollo, coordinaci\u00f3n y trabajo conjunto para beneficio de los usuarios, y eso ya se est\u00e1 viendo\u00bb.<\/p>\n\n\n\n<p>Por su parte, el alcalde de Coinco, Juan Abarca, manifest\u00f3 el apoyo del municipio indicando que \u201cestamos muy contentos de haber participado en esta cuenta p\u00fablica donde la directora mostr\u00f3 de forma espectacular todo el trabajo realizado y las proyecciones para este a\u00f1o. Como socios municipio, siempre estaremos disponibles para colaborar y fortalecer este v\u00ednculo como estrat\u00e9gicos\u201d.<\/p>\n","protected":false},"excerpt":{"rendered":"En el marco de las cuentas p\u00fablicas que se est\u00e1n realizando en todos los hospitales de la red&hellip;\n","protected":false},"author":2,"featured_media":4006,"comment_status":"open","ping_status":"open","sticky":false,"template":"","format":"standard","meta":{"_monsterinsights_skip_tracking":false,"_monsterinsights_sitenote_active":false,"_monsterinsights_sitenote_note":"","_monsterinsights_sitenote_category":0,"footnotes":""},"categories":[8],"tags":[],"class_list":{"0":"post-3999","1":"post","2":"type-post","3":"status-publish","4":"format-standard","5":"has-post-thumbnail","7":"category-portada"},"aioseo_notices":[],"_links":{"self":[{"href":"https:\/\/www.rengoenlanoticia.cl\/prensa\/wp-json\/wp\/v2\/posts\/3999","targetHints":{"allow":["GET"]}}],"collection":[{"href":"https:\/\/www.rengoenlanoticia.cl\/prensa\/wp-json\/wp\/v2\/posts"}],"about":[{"href":"https:\/\/www.rengoenlanoticia.cl\/prensa\/wp-json\/wp\/v2\/types\/post"}],"author":[{"embeddable":true,"href":"https:\/\/www.rengoenlanoticia.cl\/prensa\/wp-json\/wp\/v2\/users\/2"}],"replies":[{"embeddable":true,"href":"https:\/\/www.rengoenlanoticia.cl\/prensa\/wp-json\/wp\/v2\/comments?post=3999"}],"version-history":[{"count":3,"href":"https:\/\/www.rengoenlanoticia.cl\/prensa\/wp-json\/wp\/v2\/posts\/3999\/revisions"}],"predecessor-version":[{"id":4022,"href":"https:\/\/www.rengoenlanoticia.cl\/prensa\/wp-json\/wp\/v2\/posts\/3999\/revisions\/4022"}],"wp:featuredmedia":[{"embeddable":true,"href":"https:\/\/www.rengoenlanoticia.cl\/prensa\/wp-json\/wp\/v2\/media\/4006"}],"wp:attachment":[{"href":"https:\/\/www.rengoenlanoticia.cl\/prensa\/wp-json\/wp\/v2\/media?parent=3999"}],"wp:term":[{"taxonomy":"category","embeddable":true,"href":"https:\/\/www.rengoenlanoticia.cl\/prensa\/wp-json\/wp\/v2\/categories?post=3999"},{"taxonomy":"post_tag","embeddable":true,"href":"https:\/\/www.rengoenlanoticia.cl\/prensa\/wp-json\/wp\/v2\/tags?post=3999"}],"curies":[{"name":"wp","href":"https:\/\/api.w.org\/{rel}","templated":true}]}}