{"id":3997,"date":"2025-07-01T00:12:23","date_gmt":"2025-07-01T00:12:23","guid":{"rendered":"https:\/\/www.rengoenlanoticia.cl\/prensa\/?p=3997"},"modified":"2025-07-01T00:12:26","modified_gmt":"2025-07-01T00:12:26","slug":"la-agricultura-inteligente-y-sostenible-de-la-region-de-ohiggins-tiene-cita-en-agroevento","status":"publish","type":"post","link":"https:\/\/www.rengoenlanoticia.cl\/prensa\/2025\/07\/01\/la-agricultura-inteligente-y-sostenible-de-la-region-de-ohiggins-tiene-cita-en-agroevento\/","title":{"rendered":"La agricultura inteligente y sostenible de la regi\u00f3n de O&#8217;Higgins tiene cita en AgroEvento"},"content":{"rendered":"\n<p>El martes 8 de julio, desde las 9:00 hrs, en el Club de Campo San Fernando (Ruta I-45 s\/n, camino a Puente Negro), la Corporaci\u00f3n Pro O&#8217;Higgins junto a Corfo O&#8217;Higgins llevar\u00e1n a cabo el segundo encuentro internacional que, en la oportunidad, propone un di\u00e1logo en torno a las nuevas pr\u00e1cticas, herramientas y procesos que contribuyen a la transformaci\u00f3n sostenible de la agricultura en la regi\u00f3n, en un contexto marcado por la escasez h\u00eddrica y el cambio clim\u00e1tico.<\/p>\n\n\n\n<p><strong>\u201cAgroEvento, agricultura inteligente y sostenible\u201d,<\/strong>&nbsp;es el nombre de esta jornada, marcada en el programa&nbsp;<strong>Impulsa O&#8217;Higgins Fortalece<\/strong>&nbsp;, que contar\u00e1 con destacados expertos nacionales e internacionales que abordar\u00e1n tem\u00e1ticas clave para la agricultura del futuro, como la eficiencia en el riego para cerezos, la vigilancia inteligente en huertos, la agricultura basada en inteligencia artificial, la biotecnolog\u00eda vegetal para garantizar la seguridad alimentaria y experiencias exitosas en agricultura protegida en M\u00e9xico.<\/p>\n\n\n\n<p><em>\u00abSer\u00e1 un espacio para conocer y compartir c\u00f3mo la adopci\u00f3n de pr\u00e1cticas sostenibles e inteligentes en la agricultura contribuye a enfrentar los desaf\u00edos actuales y futuros en O&#8217;Higgins, una regi\u00f3n donde este sector es motor de crecimiento para millas de familias y comunidades. Por eso, para la Corporaci\u00f3n Pro O&#8217;Higgins es tan relevante organizar junto a Corfo este encuentro internacional, que busca apoyar a los productores ya todas las personas involucradas en la agricultura para que, en un contexto marcado por el cambio clim\u00e1tico, encuentren nuevas oportunidades para fortalecerse y aumentar su competitividad y eficiencia\u201d,<\/em>&nbsp;se\u00f1al\u00f3 Braulio Guzm\u00e1n, gerente general de Corporaci\u00f3n Pro O&#8217;Higgins.<\/p>\n\n\n\n<p>\u201cLa agricultura es un sector productivo clave en nuestra regi\u00f3n y es por ello, que desde Corfo a trav\u00e9s de nuestro programa Viraliza hemos querido apoyar este evento internacional de agricultura inteligente y sostenible que combina tecnolog\u00edas avanzadas con pr\u00e1cticas agr\u00edcolas responsables, que minimicen el impacto ambiental y aseguren la viabilidad a largo plazo. Buscamos que los participantes puedan generar redes, intercambio de conocimientos y buenas pr\u00e1cticas en la agricultura\u201d, destac\u00f3 \u00d3scar \u00c1vila, director regional de Corfo O&#8217;Higgins.<\/p>\n\n\n\n<p><strong>AgroEvento, agricultura inteligente y sostenible<\/strong>&nbsp;es posible gracias a la colaboraci\u00f3n y alianzas estrat\u00e9gicas que fortalecen la implementaci\u00f3n de Impulsa O&#8217;Higgins Fortalece, destacando la participaci\u00f3n de: Copeval, Olivos Riego, Horticrece, INIA Rayantu\u00e9, Vi\u00f1as de Colchagua, FIA Regi\u00f3n de O&#8217;Higgins; los Centros de Desarrollo de Negocios de San Fernando, Santa Cruz y Rancagua; Wedo Cowork, En Modo Emprendedor, Kinsa Partner, IncubatecUfro, MUNDO; y municipios de Pichilemu y Navidad.<\/p>\n\n\n\n<p>La inscripci\u00f3n al evento es gratuita y est\u00e1 abierta en:&nbsp;<strong><a href=\"http:\/\/www.pro-ohiggins.cl\/\" target=\"_blank\" rel=\"noreferrer noopener\">www.pro-ohiggins.cl<\/a><\/strong><\/p>\n\n\n\n<p><strong>Una agenda que invita a la transformaci\u00f3n sostenible de la agricultura<\/strong><\/p>\n\n\n\n<p>El programa de&nbsp;<strong>\u201cAgroEvento, agricultura inteligente y sostenible\u201d<\/strong>&nbsp;reunir\u00e1 a destacados expertos nacionales e internacionales para abordar tem\u00e1ticas claves para la agricultura en un contexto de cambio clim\u00e1tico y desaf\u00edos tecnol\u00f3gicos.<\/p>\n\n\n\n<p>La jornada se iniciar\u00e1 con la presentaci\u00f3n de Mauricio Calder\u00f3n, Coordinador Agron\u00f3mico y de Desarrollo de Productos en Olivos Riego, quien compartir\u00e1 estrategias de riego para la producci\u00f3n sostenible en cerezos, seguida por conferencias de: Rodrigo Venegas,&nbsp;Subgerente T\u00e9cnico en Copeval, quien expondr\u00e1 sobre tecnolog\u00edas de drones como una herramienta inteligente de vigilancia en los huertos; y luego contaremos con la participaci\u00f3n de Rodrigo Barr\u00eda, Gerente Agr\u00edcola en Vi\u00f1a Montes, quien hablar\u00e1 sobre el modelo de la Vi\u00f1a en relaci\u00f3n con la eficiencia h\u00eddrica.<\/p>\n\n\n\n<p>Tras un caf\u00e9 de networking para facilitar el intercambio de ideas, ser\u00e1 el turno de Juan&nbsp;Pablo Matte, Doctor en Agricultura, Socio Fundador de Ciencia Pura, quien hablar\u00e1 sobre el uso de la inteligencia artificial para la agricultura inteligente y sostenible; luego, Claudia Stange Klein, Bioqu\u00edmica y Doctora en Ciencias Biol\u00f3gicas, expondr\u00e1 sobre biotecnolog\u00eda vegetal e innovaci\u00f3n para garantizar la seguridad alimentaria frente a la crisis clim\u00e1tica, y se presentar\u00e1 la experiencia de agricultura protegida en M\u00e9xico, destacada por su adaptabilidad e innovaci\u00f3n a cargo del conferencista internacional F\u00e9lix Tarrats, Director General del Centro de Investigaci\u00f3n y Capacitaci\u00f3n Koppert Rapel y del Centro Universitario CEICKOR, M\u00e9xico.<\/p>\n\n\n\n<p>La agenda culminar\u00e1 con un panel abierto para responder consultas y promover el di\u00e1logo entre expertos y asistentes, fortaleciendo la colaboraci\u00f3n para enfrentar juntos los desaf\u00edos y convertirlos en oportunidades para la agricultura de O&#8217;Higgins.&nbsp;<\/p>\n","protected":false},"excerpt":{"rendered":"El martes 8 de julio, desde las 9:00 hrs, en el Club de Campo San Fernando (Ruta I-45&hellip;\n","protected":false},"author":2,"featured_media":4002,"comment_status":"open","ping_status":"open","sticky":false,"template":"","format":"standard","meta":{"_monsterinsights_skip_tracking":false,"_monsterinsights_sitenote_active":false,"_monsterinsights_sitenote_note":"","_monsterinsights_sitenote_category":0,"footnotes":""},"categories":[8],"tags":[],"class_list":{"0":"post-3997","1":"post","2":"type-post","3":"status-publish","4":"format-standard","5":"has-post-thumbnail","7":"category-portada"},"aioseo_notices":[],"_links":{"self":[{"href":"https:\/\/www.rengoenlanoticia.cl\/prensa\/wp-json\/wp\/v2\/posts\/3997","targetHints":{"allow":["GET"]}}],"collection":[{"href":"https:\/\/www.rengoenlanoticia.cl\/prensa\/wp-json\/wp\/v2\/posts"}],"about":[{"href":"https:\/\/www.rengoenlanoticia.cl\/prensa\/wp-json\/wp\/v2\/types\/post"}],"author":[{"embeddable":true,"href":"https:\/\/www.rengoenlanoticia.cl\/prensa\/wp-json\/wp\/v2\/users\/2"}],"replies":[{"embeddable":true,"href":"https:\/\/www.rengoenlanoticia.cl\/prensa\/wp-json\/wp\/v2\/comments?post=3997"}],"version-history":[{"count":3,"href":"https:\/\/www.rengoenlanoticia.cl\/prensa\/wp-json\/wp\/v2\/posts\/3997\/revisions"}],"predecessor-version":[{"id":4017,"href":"https:\/\/www.rengoenlanoticia.cl\/prensa\/wp-json\/wp\/v2\/posts\/3997\/revisions\/4017"}],"wp:featuredmedia":[{"embeddable":true,"href":"https:\/\/www.rengoenlanoticia.cl\/prensa\/wp-json\/wp\/v2\/media\/4002"}],"wp:attachment":[{"href":"https:\/\/www.rengoenlanoticia.cl\/prensa\/wp-json\/wp\/v2\/media?parent=3997"}],"wp:term":[{"taxonomy":"category","embeddable":true,"href":"https:\/\/www.rengoenlanoticia.cl\/prensa\/wp-json\/wp\/v2\/categories?post=3997"},{"taxonomy":"post_tag","embeddable":true,"href":"https:\/\/www.rengoenlanoticia.cl\/prensa\/wp-json\/wp\/v2\/tags?post=3997"}],"curies":[{"name":"wp","href":"https:\/\/api.w.org\/{rel}","templated":true}]}}