{"id":3978,"date":"2025-06-29T03:09:05","date_gmt":"2025-06-29T03:09:05","guid":{"rendered":"https:\/\/www.rengoenlanoticia.cl\/prensa\/?p=3978"},"modified":"2025-06-29T03:09:07","modified_gmt":"2025-06-29T03:09:07","slug":"por-mala-calidad-del-aire-se-declara-alerta-ambiental-para-este-domingo-29-de-junio","status":"publish","type":"post","link":"https:\/\/www.rengoenlanoticia.cl\/prensa\/2025\/06\/29\/por-mala-calidad-del-aire-se-declara-alerta-ambiental-para-este-domingo-29-de-junio\/","title":{"rendered":"Por mala calidad del aire se declara Alerta Ambiental para este domingo 29 de junio"},"content":{"rendered":"\n<p><em>Autoridades recomendaron no exponerse al material particulado y no realizar actividad f\u00edsica en espacios abiertos.<\/em><\/p>\n\n\n\n<p> Debido a los altos \u00edndices de contaminaci\u00f3n del aire en el Valle Central de O\u2019Higgins, la Delegaci\u00f3n Presidencial ha declarado de manera preventiva Alerta Ambiental para este domingo 29 de junio.<\/p>\n\n\n\n<p>Esta es la d\u00e9cima Alerta Ambiental del a\u00f1o en lo que va desarrollada la Gesti\u00f3n de Episodios Cr\u00edticos (GEC) en 2025.&nbsp; Asunto que preocupa a las autoridades, quienes hicieron un en\u00e9rgico llamado a la ciudadan\u00eda.<\/p>\n\n\n\n<p>Al respecto, el Delegado Presidencial de la Regi\u00f3n de O\u00b4Higgins, Fabio L\u00f3pez, sostuvo que \u201cla contaminaci\u00f3n del aire no solo afecta al medio ambiente, sino que afecta directamente a las personas, a su salud, la cual se ve deteriorada por el material particulado que provocan los artefactos a le\u00f1a. Hacemos un llamado a respetar las medidas de la GEC, las cuales buscan cuidar su salud y evitar la exposici\u00f3n de las personas al humo que podemos ver en todo el Valle Central\u201d.<\/p>\n\n\n\n<p>La Seremi del Medio Ambiente (S), Alyson Hadad, explic\u00f3 que \u201clas medidas tienen el fin principal de disminuir la contaminaci\u00f3n del aire porque \u00e9sta afecta a la salud de las personas y en nuestro Valle Central la principal fuente de contaminaci\u00f3n del aire es el uso de calefactores a le\u00f1a, por eso el PDA es tan restrictivo respecto de aquello\u201d.<\/p>\n\n\n\n<p>La Seremi de Salud, es la entidad encargada de fiscalizar el uso de calefactores a le\u00f1a y habilit\u00f3 el WhatsApp de denuncias +56989036974. Las personas que infrinjan la normativa ambiental, se exponen a una sanci\u00f3n que puede llegar a las 1000 UTM.<\/p>\n\n\n\n<p>Las medidas rigen mientras dure el episodio ambiental, es decir, durante 24 hrs en las 17 comunas que conforman la Zona Saturada del Valle Central de O\u00b4Higgins: Rancagua, Graneros, Do\u00f1ihue, El Olivar, Coltauco, Coinco, Quinta de Tilcoco, San Vicente, Placilla, Mostazal, Codegua, Machal\u00ed, Malloa, Rengo, Requ\u00ednoa, San Fernando y Chimbarongo<\/p>\n\n\n\n<p><strong><br>Las medidas aplicadas en d\u00edas de Alerta Ambiental son las siguientes:<\/strong> \u00a0<br><br>\u2022\u00a0\u00a0Se proh\u00edbe el funcionamiento de calefactores a le\u00f1a (certificados y no certificados por la SEC) y cocinas a le\u00f1a.<\/p>\n\n\n\n<p>\u2022\u00a0En establecimientos educacionales solo se puede realizar actividad f\u00edsica y deportiva de intensidad Moderada en recintos cerrados, evitando esfuerzos f\u00edsicos prolongados o muy intensos. Las actividades vinculadas al Sistema Nacional de Competencias Deportivas (SNCD) se ejecutan a todo evento.<\/p>\n\n\n\n<p>\u2022\u00a0 La SEREMI del Deporte y\/o el Instituto Nacional de Deportes se\u00f1alan que la medida en caso de alerta ser\u00e1 la realizaci\u00f3n de actividad F\u00edsica de intensidad Moderada, evitando esfuerzos f\u00edsicos prolongados o muy intensos, en recintos cerrados. Las actividades vinculadas al Sistema Nacional de Competencias Deportivas (SNCD) se ejecutan a todo evento. \u2022\u00a0\u00a0\u00a0\u00a0\u00a0\u00a0\u00a0\u00a0\u00a0 Adem\u00e1s, se proh\u00edbe el funcionamiento de calderas a le\u00f1a o carb\u00f3n, a menos que acrediten emisiones de MP inferiores a 30 mg\/m\u00b3N.<br><br><\/p>\n","protected":false},"excerpt":{"rendered":"Autoridades recomendaron no exponerse al material particulado y no realizar actividad f\u00edsica en espacios abiertos. Debido a los&hellip;\n","protected":false},"author":1,"featured_media":3991,"comment_status":"open","ping_status":"open","sticky":false,"template":"","format":"standard","meta":{"_monsterinsights_skip_tracking":false,"_monsterinsights_sitenote_active":false,"_monsterinsights_sitenote_note":"","_monsterinsights_sitenote_category":0,"footnotes":""},"categories":[8],"tags":[],"class_list":{"0":"post-3978","1":"post","2":"type-post","3":"status-publish","4":"format-standard","5":"has-post-thumbnail","7":"category-portada"},"aioseo_notices":[],"_links":{"self":[{"href":"https:\/\/www.rengoenlanoticia.cl\/prensa\/wp-json\/wp\/v2\/posts\/3978","targetHints":{"allow":["GET"]}}],"collection":[{"href":"https:\/\/www.rengoenlanoticia.cl\/prensa\/wp-json\/wp\/v2\/posts"}],"about":[{"href":"https:\/\/www.rengoenlanoticia.cl\/prensa\/wp-json\/wp\/v2\/types\/post"}],"author":[{"embeddable":true,"href":"https:\/\/www.rengoenlanoticia.cl\/prensa\/wp-json\/wp\/v2\/users\/1"}],"replies":[{"embeddable":true,"href":"https:\/\/www.rengoenlanoticia.cl\/prensa\/wp-json\/wp\/v2\/comments?post=3978"}],"version-history":[{"count":3,"href":"https:\/\/www.rengoenlanoticia.cl\/prensa\/wp-json\/wp\/v2\/posts\/3978\/revisions"}],"predecessor-version":[{"id":3994,"href":"https:\/\/www.rengoenlanoticia.cl\/prensa\/wp-json\/wp\/v2\/posts\/3978\/revisions\/3994"}],"wp:featuredmedia":[{"embeddable":true,"href":"https:\/\/www.rengoenlanoticia.cl\/prensa\/wp-json\/wp\/v2\/media\/3991"}],"wp:attachment":[{"href":"https:\/\/www.rengoenlanoticia.cl\/prensa\/wp-json\/wp\/v2\/media?parent=3978"}],"wp:term":[{"taxonomy":"category","embeddable":true,"href":"https:\/\/www.rengoenlanoticia.cl\/prensa\/wp-json\/wp\/v2\/categories?post=3978"},{"taxonomy":"post_tag","embeddable":true,"href":"https:\/\/www.rengoenlanoticia.cl\/prensa\/wp-json\/wp\/v2\/tags?post=3978"}],"curies":[{"name":"wp","href":"https:\/\/api.w.org\/{rel}","templated":true}]}}