{"id":3956,"date":"2025-06-28T21:30:01","date_gmt":"2025-06-28T21:30:01","guid":{"rendered":"https:\/\/www.rengoenlanoticia.cl\/prensa\/?p=3956"},"modified":"2025-06-28T21:34:15","modified_gmt":"2025-06-28T21:34:15","slug":"diputada-marta-gonzalez-convoca-mesa-regional-para-mejorar-condiciones-laborales-en-la-mineria","status":"publish","type":"post","link":"https:\/\/www.rengoenlanoticia.cl\/prensa\/2025\/06\/28\/diputada-marta-gonzalez-convoca-mesa-regional-para-mejorar-condiciones-laborales-en-la-mineria\/","title":{"rendered":"Diputada Marta Gonz\u00e1lez convoca Mesa Regional para mejorar condiciones laborales en la miner\u00eda"},"content":{"rendered":"\n<p>Con el objetivo de abordar los principales desaf\u00edos del sector minero en la Regi\u00f3n de O\u2019Higgins, la diputada Marta Gonz\u00e1lez encabez\u00f3 la primera sesi\u00f3n de la Mesa por la Miner\u00eda, una instancia que re\u00fane a autoridades, representantes del mundo sindical y de la industria para avanzar en mejoras concretas en materia de empleabilidad, condiciones laborales, seguridad y habitabilidad.<\/p>\n\n\n\n<p>En la sesi\u00f3n participaron el Seremi del Trabajo, Jaime Chamorro; el Seremi (s) de Miner\u00eda, Claudio Mart\u00ednez; la directora regional (s) del Trabajo, Daniela Cabrera; la directora regional (s) de Sernageomin, Franca Murialdo; el coordinador del Observatorio Laboral de O\u2019Higgins, Mauricio Mu\u00f1oz; as\u00ed como representantes de Codelco Divisi\u00f3n El Teniente, de la Federaci\u00f3n de Trabajadores Territorial del Cobre y del Sindicato Interempresa de la Construcci\u00f3n y la Miner\u00eda.<\/p>\n\n\n\n<figure class=\"wp-block-image size-large\"><img loading=\"lazy\" decoding=\"async\" width=\"1024\" height=\"768\" src=\"https:\/\/www.rengoenlanoticia.cl\/prensa\/wp-content\/uploads\/2025\/06\/WhatsApp-Image-2025-06-28-at-13.07.25-1-1024x768.jpeg\" alt=\"\" class=\"wp-image-3958\" srcset=\"https:\/\/www.rengoenlanoticia.cl\/prensa\/wp-content\/uploads\/2025\/06\/WhatsApp-Image-2025-06-28-at-13.07.25-1-1024x768.jpeg 1024w, https:\/\/www.rengoenlanoticia.cl\/prensa\/wp-content\/uploads\/2025\/06\/WhatsApp-Image-2025-06-28-at-13.07.25-1-300x225.jpeg 300w, https:\/\/www.rengoenlanoticia.cl\/prensa\/wp-content\/uploads\/2025\/06\/WhatsApp-Image-2025-06-28-at-13.07.25-1-768x576.jpeg 768w, https:\/\/www.rengoenlanoticia.cl\/prensa\/wp-content\/uploads\/2025\/06\/WhatsApp-Image-2025-06-28-at-13.07.25-1-1536x1152.jpeg 1536w, https:\/\/www.rengoenlanoticia.cl\/prensa\/wp-content\/uploads\/2025\/06\/WhatsApp-Image-2025-06-28-at-13.07.25-1-2048x1536.jpeg 2048w, https:\/\/www.rengoenlanoticia.cl\/prensa\/wp-content\/uploads\/2025\/06\/WhatsApp-Image-2025-06-28-at-13.07.25-1-110x83.jpeg 110w, https:\/\/www.rengoenlanoticia.cl\/prensa\/wp-content\/uploads\/2025\/06\/WhatsApp-Image-2025-06-28-at-13.07.25-1-200x150.jpeg 200w, https:\/\/www.rengoenlanoticia.cl\/prensa\/wp-content\/uploads\/2025\/06\/WhatsApp-Image-2025-06-28-at-13.07.25-1-380x285.jpeg 380w, https:\/\/www.rengoenlanoticia.cl\/prensa\/wp-content\/uploads\/2025\/06\/WhatsApp-Image-2025-06-28-at-13.07.25-1-255x191.jpeg 255w, https:\/\/www.rengoenlanoticia.cl\/prensa\/wp-content\/uploads\/2025\/06\/WhatsApp-Image-2025-06-28-at-13.07.25-1-550x413.jpeg 550w, https:\/\/www.rengoenlanoticia.cl\/prensa\/wp-content\/uploads\/2025\/06\/WhatsApp-Image-2025-06-28-at-13.07.25-1-800x600.jpeg 800w, https:\/\/www.rengoenlanoticia.cl\/prensa\/wp-content\/uploads\/2025\/06\/WhatsApp-Image-2025-06-28-at-13.07.25-1-1160x870.jpeg 1160w, https:\/\/www.rengoenlanoticia.cl\/prensa\/wp-content\/uploads\/2025\/06\/WhatsApp-Image-2025-06-28-at-13.07.25-1-scaled.jpeg 2560w\" sizes=\"auto, (max-width: 1024px) 100vw, 1024px\" \/><\/figure>\n\n\n\n<p>\u201cEl sector de la miner\u00eda tiene problem\u00e1ticas que se arrastran desde hace mucho tiempo, y necesitamos una instancia que sea resolutiva, que pueda abordar estos problemas y que est\u00e9 a la altura del marco de regulaci\u00f3n legislativa de nuestro pa\u00eds. Para nosotros, esta es una instancia important\u00edsima para resolver distintas problem\u00e1ticas de seguridad, relaciones laborales y habitabilidad\u201d, afirm\u00f3 la diputada Marta Gonz\u00e1lez.<\/p>\n\n\n\n<p>Uno de los focos centrales de la mesa fue el modelo de subcontrataci\u00f3n predominante en el rubro. Desde la mesa se desprendi\u00f3 que este modelo ha derivado en relaciones laborales m\u00e1s precarias, pr\u00e1cticas antisindicales, desigualdades en salud y seguridad laboral, y en la existencia de trabajadores de \u201cprimera\u201d y \u201csegunda categor\u00eda\u201d.<\/p>\n\n\n\n<p>Desde Sernageomin, a trav\u00e9s de la Directora Regional (s), Franca Murialdo, se expusieron cifras que revelan que por cada trabajador directo en miner\u00eda hay al menos seis subcontratados, lo que da cuenta de la magnitud del fen\u00f3meno.<\/p>\n\n\n\n<p>\u201cLa producci\u00f3n de cobre en Chile se sustenta en torno a esas precarizaciones, y por eso urge revisar este modelo\u201d, se\u00f1al\u00f3 Mauricio Mu\u00f1oz, del Observatorio Laboral de O\u2019Higgins.<\/p>\n\n\n\n<p>\u201cEl desaf\u00edo est\u00e1 en c\u00f3mo hacer convivir a una empresa como Codelco, a las contratistas y a los trabajadores en un marco de di\u00e1logo social real, que apunte a relaciones laborales m\u00e1s justas y equitativas\u201d, a\u00f1adi\u00f3.<\/p>\n\n\n\n<p>Por su parte, el Seremi del Trabajo, Jaime Chamorro, valor\u00f3 la instancia y destac\u00f3 su importancia: \u201cEra necesario sentar en una misma mesa a los actores m\u00e1s relevantes desde el punto de vista laboral, se\u00f1al\u00f3.<\/p>\n\n\n\n<figure class=\"wp-block-image size-large\"><img loading=\"lazy\" decoding=\"async\" width=\"1024\" height=\"768\" src=\"https:\/\/www.rengoenlanoticia.cl\/prensa\/wp-content\/uploads\/2025\/06\/WhatsApp-Image-2025-06-28-at-13.07.23-1024x768.jpeg\" alt=\"\" class=\"wp-image-3957\" srcset=\"https:\/\/www.rengoenlanoticia.cl\/prensa\/wp-content\/uploads\/2025\/06\/WhatsApp-Image-2025-06-28-at-13.07.23-1024x768.jpeg 1024w, https:\/\/www.rengoenlanoticia.cl\/prensa\/wp-content\/uploads\/2025\/06\/WhatsApp-Image-2025-06-28-at-13.07.23-300x225.jpeg 300w, https:\/\/www.rengoenlanoticia.cl\/prensa\/wp-content\/uploads\/2025\/06\/WhatsApp-Image-2025-06-28-at-13.07.23-768x576.jpeg 768w, https:\/\/www.rengoenlanoticia.cl\/prensa\/wp-content\/uploads\/2025\/06\/WhatsApp-Image-2025-06-28-at-13.07.23-1536x1152.jpeg 1536w, https:\/\/www.rengoenlanoticia.cl\/prensa\/wp-content\/uploads\/2025\/06\/WhatsApp-Image-2025-06-28-at-13.07.23-2048x1536.jpeg 2048w, https:\/\/www.rengoenlanoticia.cl\/prensa\/wp-content\/uploads\/2025\/06\/WhatsApp-Image-2025-06-28-at-13.07.23-110x83.jpeg 110w, https:\/\/www.rengoenlanoticia.cl\/prensa\/wp-content\/uploads\/2025\/06\/WhatsApp-Image-2025-06-28-at-13.07.23-200x150.jpeg 200w, https:\/\/www.rengoenlanoticia.cl\/prensa\/wp-content\/uploads\/2025\/06\/WhatsApp-Image-2025-06-28-at-13.07.23-380x285.jpeg 380w, https:\/\/www.rengoenlanoticia.cl\/prensa\/wp-content\/uploads\/2025\/06\/WhatsApp-Image-2025-06-28-at-13.07.23-255x191.jpeg 255w, https:\/\/www.rengoenlanoticia.cl\/prensa\/wp-content\/uploads\/2025\/06\/WhatsApp-Image-2025-06-28-at-13.07.23-550x413.jpeg 550w, https:\/\/www.rengoenlanoticia.cl\/prensa\/wp-content\/uploads\/2025\/06\/WhatsApp-Image-2025-06-28-at-13.07.23-800x600.jpeg 800w, https:\/\/www.rengoenlanoticia.cl\/prensa\/wp-content\/uploads\/2025\/06\/WhatsApp-Image-2025-06-28-at-13.07.23-1160x870.jpeg 1160w, https:\/\/www.rengoenlanoticia.cl\/prensa\/wp-content\/uploads\/2025\/06\/WhatsApp-Image-2025-06-28-at-13.07.23-scaled.jpeg 2560w\" sizes=\"auto, (max-width: 1024px) 100vw, 1024px\" \/><\/figure>\n\n\n\n<p>\u201cLa miner\u00eda es una actividad clave para el desarrollo econ\u00f3mico del pa\u00eds y de nuestra regi\u00f3n, pero no puede seguir sosteni\u00e9ndose sobre condiciones laborales desiguales o pr\u00e1cticas que precarizan el trabajo. Esta mesa nace con la convicci\u00f3n de cambiar eso\u201d, afirm\u00f3 la diputada Marta Gonz\u00e1lez.<\/p>\n\n\n\n<p>La Mesa por la Miner\u00eda se reunir\u00e1 una vez por mes y establecer\u00e1 l\u00edneas de trabajo espec\u00edficas que permitan avanzar en soluciones para las problem\u00e1ticas detectadas, tales como la precarizaci\u00f3n del empleo, la seguridad en faenas, la falta de espacios de participaci\u00f3n sindical efectiva y las condiciones de habitabilidad para los trabajadores.<\/p>\n","protected":false},"excerpt":{"rendered":"Con el objetivo de abordar los principales desaf\u00edos del sector minero en la Regi\u00f3n de O\u2019Higgins, la diputada&hellip;\n","protected":false},"author":1,"featured_media":3959,"comment_status":"open","ping_status":"open","sticky":false,"template":"","format":"standard","meta":{"_monsterinsights_skip_tracking":false,"_monsterinsights_sitenote_active":false,"_monsterinsights_sitenote_note":"","_monsterinsights_sitenote_category":0,"footnotes":""},"categories":[11,8],"tags":[],"class_list":{"0":"post-3956","1":"post","2":"type-post","3":"status-publish","4":"format-standard","5":"has-post-thumbnail","7":"category-politica","8":"category-portada"},"aioseo_notices":[],"_links":{"self":[{"href":"https:\/\/www.rengoenlanoticia.cl\/prensa\/wp-json\/wp\/v2\/posts\/3956","targetHints":{"allow":["GET"]}}],"collection":[{"href":"https:\/\/www.rengoenlanoticia.cl\/prensa\/wp-json\/wp\/v2\/posts"}],"about":[{"href":"https:\/\/www.rengoenlanoticia.cl\/prensa\/wp-json\/wp\/v2\/types\/post"}],"author":[{"embeddable":true,"href":"https:\/\/www.rengoenlanoticia.cl\/prensa\/wp-json\/wp\/v2\/users\/1"}],"replies":[{"embeddable":true,"href":"https:\/\/www.rengoenlanoticia.cl\/prensa\/wp-json\/wp\/v2\/comments?post=3956"}],"version-history":[{"count":3,"href":"https:\/\/www.rengoenlanoticia.cl\/prensa\/wp-json\/wp\/v2\/posts\/3956\/revisions"}],"predecessor-version":[{"id":3975,"href":"https:\/\/www.rengoenlanoticia.cl\/prensa\/wp-json\/wp\/v2\/posts\/3956\/revisions\/3975"}],"wp:featuredmedia":[{"embeddable":true,"href":"https:\/\/www.rengoenlanoticia.cl\/prensa\/wp-json\/wp\/v2\/media\/3959"}],"wp:attachment":[{"href":"https:\/\/www.rengoenlanoticia.cl\/prensa\/wp-json\/wp\/v2\/media?parent=3956"}],"wp:term":[{"taxonomy":"category","embeddable":true,"href":"https:\/\/www.rengoenlanoticia.cl\/prensa\/wp-json\/wp\/v2\/categories?post=3956"},{"taxonomy":"post_tag","embeddable":true,"href":"https:\/\/www.rengoenlanoticia.cl\/prensa\/wp-json\/wp\/v2\/tags?post=3956"}],"curies":[{"name":"wp","href":"https:\/\/api.w.org\/{rel}","templated":true}]}}