{"id":3952,"date":"2025-06-28T21:08:09","date_gmt":"2025-06-28T21:08:09","guid":{"rendered":"https:\/\/www.rengoenlanoticia.cl\/prensa\/?p=3952"},"modified":"2025-06-28T21:30:55","modified_gmt":"2025-06-28T21:30:55","slug":"autoridades-llaman-a-postular-a-tercera-convocatoria-del-subsidio-electrico-que-entregara-descuentos-en-la-cuenta-de-luz-a-millas-de-hogares-vulnerables-en-ohiggins","status":"publish","type":"post","link":"https:\/\/www.rengoenlanoticia.cl\/prensa\/2025\/06\/28\/autoridades-llaman-a-postular-a-tercera-convocatoria-del-subsidio-electrico-que-entregara-descuentos-en-la-cuenta-de-luz-a-millas-de-hogares-vulnerables-en-ohiggins\/","title":{"rendered":"Autoridades llaman a postular a tercera convocatoria del Subsidio El\u00e9ctrico que entregar\u00e1 descuentos en la cuenta de luz a millas de hogares vulnerables en O&#8217;Higgins"},"content":{"rendered":"\n<p><\/p>\n\n\n\n<p><em>La convocatoria estar\u00e1 abierta entre el 30 de junio y el 15 de julio, e incluye descuentos de hasta 68 mil pesos en la boleta en el mes de septiembre.<\/em><\/p>\n\n\n\n<p>Desde el 30 de junio hasta el 15 de julio estar\u00e1 abierta la tercera convocatoria para postular al Subsidio El\u00e9ctrico, una ayuda estatal que permitir\u00e1 descontar entre $37.838 y $68.109 en la cuenta de la luz desde septiembre, seg\u00fan el n\u00famero de integrantes del hogar. La medida busca aliviar el impacto del alza de las tarifas el\u00e9ctricas \u2014estimada en torno a un 7% en la regi\u00f3n\u2014 y se dirige principalmente al 40% m\u00e1s vulnerable seg\u00fan el Registro Social de Hogares.<\/p>\n\n\n\n<p>El senador Juan Luis Castro, integrante de la Comisi\u00f3n de Energ\u00eda y Miner\u00eda, destac\u00f3 que \u00abestamos dici\u00e9ndole a la ciudadan\u00eda que viene un tercer proceso de apoyo al bolsillo de la gente. Las familias que ya lo tienen \u2014que son en la zona 116 mil hogares\u2014 no hace falta que repostulen, salvo que se hayan cambiado de domicilio o tengan un n\u00famero de cliente distinto. Y a los electrodependientes, que s\u00f3lo el 58% est\u00e1n recibiendo este beneficio, les pedimos especialmente que lo hagan, porque autom\u00e1ticamente tambi\u00e9n van a poder recibirlo Pero hay que postularlo, no llega ca\u00eddo del cielo.\u201d<\/p>\n\n\n\n<p>Para postular, no es necesario acudir b\u00e1sicamente a una oficina: el tr\u00e1mite puede hacerse en l\u00ednea en&nbsp;<a href=\"http:\/\/www.subsidioelectrico.cl\/\" target=\"_blank\" rel=\"noreferrer noopener\">www.subsidioelectrico.cl<\/a>&nbsp;o en la Ventanilla \u00danica Social. Adem\u00e1s, quienes enfrenten barreras digitales pueden dirigirse a cualquier oficina de ChileAtiende o realizar el tr\u00e1mite v\u00eda videollamada en&nbsp;<a href=\"http:\/\/www.chileatiende.cl\/\" target=\"_blank\" rel=\"noreferrer noopener\">www.chileatiende.cl<\/a>&nbsp;.<\/p>\n\n\n\n<p>El seremi de Energ\u00eda de O&#8217;Higgins, Claudio Mart\u00ednez, explic\u00f3 que \u00absi bien la postulaci\u00f3n es principalmente digital, en las oficinas de ChileAtiende s\u00f3lo se necesita el carnet de identidad y la cuenta de la luz. En septiembre se entregan los montos directamente descontados en la cuenta, en una sola cuota\u00bb.<\/p>\n\n\n\n<p><br>Los hogares con cuentas de luz impagas tienen plazo hasta el 30 de julio para regularizar o repactar su deuda, lo que permitir\u00e1 acceder al beneficio. Seg\u00fan la minuta del Ministerio de Desarrollo Social y Familia, en la convocatoria anterior el principal motivo de rechazo fue la morosidad, que afect\u00f3 a m\u00e1s de 25 mil familias a nivel nacional.<\/p>\n\n\n\n<p>Asimismo, de los 311 hogares con personas electrodependientes inscritos en la regi\u00f3n de O&#8217;Higgins, s\u00f3lo el 58% resultaron adjudicatarios en la segunda convocatoria. Las autoridades hicieron un llamado enf\u00e1tico a este grupo para verificar su inscripci\u00f3n y realizar el tr\u00e1mite oportunamente.<\/p>\n\n\n\n<p><br>El senador Castro tambi\u00e9n relev\u00f3 la importancia del proyecto de ley en tramitaci\u00f3n para dar sustentabilidad al subsidio: \u00abTiene que haber ley porque no la tuvo en los dos momentos anteriores. El financiamiento no puede venir s\u00f3lo del IVA. Tambi\u00e9n deben contribuir los privados, a trav\u00e9s del impuesto a las emisiones de carbono y de los peque\u00f1os medios de generaci\u00f3n, porque todos se benefician de las tarifas el\u00e9ctricas\u00bb.<\/p>\n","protected":false},"excerpt":{"rendered":"La convocatoria estar\u00e1 abierta entre el 30 de junio y el 15 de julio, e incluye descuentos de&hellip;\n","protected":false},"author":1,"featured_media":3849,"comment_status":"open","ping_status":"open","sticky":false,"template":"","format":"standard","meta":{"_monsterinsights_skip_tracking":false,"_monsterinsights_sitenote_active":false,"_monsterinsights_sitenote_note":"","_monsterinsights_sitenote_category":0,"footnotes":""},"categories":[11,8],"tags":[],"class_list":{"0":"post-3952","1":"post","2":"type-post","3":"status-publish","4":"format-standard","5":"has-post-thumbnail","7":"category-politica","8":"category-portada"},"aioseo_notices":[],"_links":{"self":[{"href":"https:\/\/www.rengoenlanoticia.cl\/prensa\/wp-json\/wp\/v2\/posts\/3952","targetHints":{"allow":["GET"]}}],"collection":[{"href":"https:\/\/www.rengoenlanoticia.cl\/prensa\/wp-json\/wp\/v2\/posts"}],"about":[{"href":"https:\/\/www.rengoenlanoticia.cl\/prensa\/wp-json\/wp\/v2\/types\/post"}],"author":[{"embeddable":true,"href":"https:\/\/www.rengoenlanoticia.cl\/prensa\/wp-json\/wp\/v2\/users\/1"}],"replies":[{"embeddable":true,"href":"https:\/\/www.rengoenlanoticia.cl\/prensa\/wp-json\/wp\/v2\/comments?post=3952"}],"version-history":[{"count":3,"href":"https:\/\/www.rengoenlanoticia.cl\/prensa\/wp-json\/wp\/v2\/posts\/3952\/revisions"}],"predecessor-version":[{"id":3976,"href":"https:\/\/www.rengoenlanoticia.cl\/prensa\/wp-json\/wp\/v2\/posts\/3952\/revisions\/3976"}],"wp:featuredmedia":[{"embeddable":true,"href":"https:\/\/www.rengoenlanoticia.cl\/prensa\/wp-json\/wp\/v2\/media\/3849"}],"wp:attachment":[{"href":"https:\/\/www.rengoenlanoticia.cl\/prensa\/wp-json\/wp\/v2\/media?parent=3952"}],"wp:term":[{"taxonomy":"category","embeddable":true,"href":"https:\/\/www.rengoenlanoticia.cl\/prensa\/wp-json\/wp\/v2\/categories?post=3952"},{"taxonomy":"post_tag","embeddable":true,"href":"https:\/\/www.rengoenlanoticia.cl\/prensa\/wp-json\/wp\/v2\/tags?post=3952"}],"curies":[{"name":"wp","href":"https:\/\/api.w.org\/{rel}","templated":true}]}}