{"id":3937,"date":"2025-06-25T18:26:59","date_gmt":"2025-06-25T18:26:59","guid":{"rendered":"https:\/\/www.rengoenlanoticia.cl\/prensa\/?p=3937"},"modified":"2025-06-25T18:27:02","modified_gmt":"2025-06-25T18:27:02","slug":"hospital-de-rengo-rinde-exitosa-cuenta-publica-con-enfasis-en-la-comunidad-y-crecimiento-quirurgico","status":"publish","type":"post","link":"https:\/\/www.rengoenlanoticia.cl\/prensa\/2025\/06\/25\/hospital-de-rengo-rinde-exitosa-cuenta-publica-con-enfasis-en-la-comunidad-y-crecimiento-quirurgico\/","title":{"rendered":"Hospital de Rengo rinde exitosa Cuenta P\u00fablica con \u00e9nfasis en la comunidad y crecimiento quir\u00fargico"},"content":{"rendered":"\n<p>Con la presencia de m\u00e1s de cien personas, entre ellas autoridades regionales y locales, funcionarios y usuarios.<\/p>\n\n\n\n<p>En el marco de la transparencia institucional y el compromiso con la salud p\u00fablica, el Hospital Ricardo Valenzuela S\u00e1ez de Rengo llev\u00f3 a cabo su Cuenta P\u00fablica Participativa, correspondiente a la gesti\u00f3n 2024. Esta instancia permiti\u00f3 rendir cuentas a la ciudadan\u00eda, con especial \u00e9nfasis en la participaci\u00f3n comunitaria y los avances en el \u00e1mbito quir\u00fargico.<\/p>\n\n\n\n<p>Durante la jornada, que cont\u00f3 con la participaci\u00f3n de m\u00e1s de cien personas, entre autoridades regionales y locales, funcionarios y usuarios, la directora del hospital, Margarita Yercic Bravo, destac\u00f3 los esfuerzos por fortalecer el v\u00ednculo con la comunidad mediante espacios de di\u00e1logo ciudadano y colaboraci\u00f3n activa con dirigentes sociales, usuarios y el Consejo de Desarrollo del hospital, con cuya presidenta firm\u00f3 una carta de compromiso.<\/p>\n\n\n\n<figure class=\"wp-block-image size-full\"><img loading=\"lazy\" decoding=\"async\" width=\"1024\" height=\"768\" src=\"https:\/\/www.rengoenlanoticia.cl\/prensa\/wp-content\/uploads\/2025\/06\/Cuenta-Publica-HR1-1.jpeg\" alt=\"\" class=\"wp-image-3947\" srcset=\"https:\/\/www.rengoenlanoticia.cl\/prensa\/wp-content\/uploads\/2025\/06\/Cuenta-Publica-HR1-1.jpeg 1024w, https:\/\/www.rengoenlanoticia.cl\/prensa\/wp-content\/uploads\/2025\/06\/Cuenta-Publica-HR1-1-300x225.jpeg 300w, https:\/\/www.rengoenlanoticia.cl\/prensa\/wp-content\/uploads\/2025\/06\/Cuenta-Publica-HR1-1-768x576.jpeg 768w, https:\/\/www.rengoenlanoticia.cl\/prensa\/wp-content\/uploads\/2025\/06\/Cuenta-Publica-HR1-1-110x83.jpeg 110w, https:\/\/www.rengoenlanoticia.cl\/prensa\/wp-content\/uploads\/2025\/06\/Cuenta-Publica-HR1-1-200x150.jpeg 200w, https:\/\/www.rengoenlanoticia.cl\/prensa\/wp-content\/uploads\/2025\/06\/Cuenta-Publica-HR1-1-380x285.jpeg 380w, https:\/\/www.rengoenlanoticia.cl\/prensa\/wp-content\/uploads\/2025\/06\/Cuenta-Publica-HR1-1-255x191.jpeg 255w, https:\/\/www.rengoenlanoticia.cl\/prensa\/wp-content\/uploads\/2025\/06\/Cuenta-Publica-HR1-1-550x413.jpeg 550w, https:\/\/www.rengoenlanoticia.cl\/prensa\/wp-content\/uploads\/2025\/06\/Cuenta-Publica-HR1-1-800x600.jpeg 800w\" sizes=\"auto, (max-width: 1024px) 100vw, 1024px\" \/><\/figure>\n\n\n\n<p>Por su parte, el director del Servicio de Salud O\u2019Higgins, Jaime Guti\u00e9rrez, valor\u00f3 la gesti\u00f3n institucional y los logros alcanzados en diversas \u00e1reas. \u201cPudimos ver los avances que ha tenido el Hospital de Rengo, no s\u00f3lo durante el a\u00f1o 2024, y quiero ser muy claro en esto, porque este hospital, con la llegada de su directora en 2025, tambi\u00e9n ha mostrado progresos muy importantes. Por ejemplo, mejoras visibles en infraestructura y un significativo crecimiento quir\u00fargico, llegando a posicionarse como l\u00edder regional en n\u00famero de cirug\u00edas por pabell\u00f3n. As\u00ed que felicitaciones a todos los funcionarios del hospital, que d\u00eda a d\u00eda ponen su esfuerzo para mejorar la salud de la poblaci\u00f3n que atiende toda la Carretera de la Fruta. Felicitaciones por esta cuenta p\u00fablica participativa, por la gesti\u00f3n 2024 y tambi\u00e9n por los avances de este 2025\u201d.<\/p>\n\n\n\n<p>La directora del hospital, Margarita Yercic Bravo, expres\u00f3 su satisfacci\u00f3n se\u00f1alando: \u201cFeliz de entregar la Cuenta P\u00fablica 2024 y de poder presentar nuestros desaf\u00edos para el 2025, que sin duda son muchos. Ese v\u00ednculo con los usuarios y la comunidad ha sido un pilar fundamental para generar estrategias que apunten a mejorar nuestros procesos cl\u00ednicos: reducir los tiempos de espera tanto en lista quir\u00fargica como en consulta y en general mejorar la experiencia de nuestros usuarios. Esta cuenta tambi\u00e9n nos permite estrechar lazos con nuestra comunidad, con el Consejo de Desarrollo, con el voluntariado y con nuestros funcionarios y poner en valor el trabajo efectivo que ha realizado todo el equipo humano del Hospital Ricardo Valenzuela S\u00e1ez durante el a\u00f1o 2024. Adem\u00e1s, nos proyecta hacia d\u00f3nde queremos avanzar este 2025, pensando tambi\u00e9n en la gesti\u00f3n del cambio para el futuro nuevo hospital\u201d.<\/p>\n\n\n\n<figure class=\"wp-block-image size-full\"><img loading=\"lazy\" decoding=\"async\" width=\"1024\" height=\"768\" src=\"https:\/\/www.rengoenlanoticia.cl\/prensa\/wp-content\/uploads\/2025\/06\/Cuenta-Publica-HR3-1.jpeg\" alt=\"\" class=\"wp-image-3948\" srcset=\"https:\/\/www.rengoenlanoticia.cl\/prensa\/wp-content\/uploads\/2025\/06\/Cuenta-Publica-HR3-1.jpeg 1024w, https:\/\/www.rengoenlanoticia.cl\/prensa\/wp-content\/uploads\/2025\/06\/Cuenta-Publica-HR3-1-300x225.jpeg 300w, https:\/\/www.rengoenlanoticia.cl\/prensa\/wp-content\/uploads\/2025\/06\/Cuenta-Publica-HR3-1-768x576.jpeg 768w, https:\/\/www.rengoenlanoticia.cl\/prensa\/wp-content\/uploads\/2025\/06\/Cuenta-Publica-HR3-1-110x83.jpeg 110w, https:\/\/www.rengoenlanoticia.cl\/prensa\/wp-content\/uploads\/2025\/06\/Cuenta-Publica-HR3-1-200x150.jpeg 200w, https:\/\/www.rengoenlanoticia.cl\/prensa\/wp-content\/uploads\/2025\/06\/Cuenta-Publica-HR3-1-380x285.jpeg 380w, https:\/\/www.rengoenlanoticia.cl\/prensa\/wp-content\/uploads\/2025\/06\/Cuenta-Publica-HR3-1-255x191.jpeg 255w, https:\/\/www.rengoenlanoticia.cl\/prensa\/wp-content\/uploads\/2025\/06\/Cuenta-Publica-HR3-1-550x413.jpeg 550w, https:\/\/www.rengoenlanoticia.cl\/prensa\/wp-content\/uploads\/2025\/06\/Cuenta-Publica-HR3-1-800x600.jpeg 800w\" sizes=\"auto, (max-width: 1024px) 100vw, 1024px\" \/><\/figure>\n\n\n\n<p>En esta misma l\u00ednea, la presidenta del Consejo de Desarrollo, Paula Zawadzki, afirm\u00f3: \u201cMe encant\u00f3 la cuenta p\u00fablica, cada punto fue muy claro. Me gust\u00f3 la presentaci\u00f3n de la directora; creo que fue una muy buena cuenta p\u00fablica. Quisiera destacar que es la primera cuenta p\u00fablica presencial despu\u00e9s de la pandemia, en vivo y con la comunidad. Agradezco la firma de la carta de compromiso, porque los tres puntos que contempla fueron fiscalizados por nuestros socios y son sumamente importantes para la comunidad\u201d.<\/p>\n\n\n\n<p>Como hito destacado al cierre de la jornada, la directora del hospital y la presidenta del Consejo de Desarrollo firmaron una Carta de Compromiso, mediante la cual el Hospital Ricardo Valenzuela S\u00e1ez se compromete a concretar durante el a\u00f1o 2025 acciones espec\u00edficas como la implementaci\u00f3n de un call center, el mantenimiento de la limpieza en todas sus dependencias y la habilitaci\u00f3n de un ba\u00f1o universal en el policl\u00ednico.<\/p>\n\n\n\n<p>Finalmente, la Cuenta P\u00fablica del Hospital de Rengo representa un paso m\u00e1s en la consolidaci\u00f3n de una gesti\u00f3n centrada en las personas, con una visi\u00f3n participativa y de mejora continua, que proyecta al hospital hacia nuevos est\u00e1ndares de calidad y servicio, en camino a convertirse en un renovado recinto de salud para la comuna de Rengo.<\/p>\n","protected":false},"excerpt":{"rendered":"Con la presencia de m\u00e1s de cien personas, entre ellas autoridades regionales y locales, funcionarios y usuarios. En&hellip;\n","protected":false},"author":1,"featured_media":3945,"comment_status":"open","ping_status":"open","sticky":false,"template":"","format":"standard","meta":{"_monsterinsights_skip_tracking":false,"_monsterinsights_sitenote_active":false,"_monsterinsights_sitenote_note":"","_monsterinsights_sitenote_category":0,"footnotes":""},"categories":[8],"tags":[],"class_list":{"0":"post-3937","1":"post","2":"type-post","3":"status-publish","4":"format-standard","5":"has-post-thumbnail","7":"category-portada"},"aioseo_notices":[],"_links":{"self":[{"href":"https:\/\/www.rengoenlanoticia.cl\/prensa\/wp-json\/wp\/v2\/posts\/3937","targetHints":{"allow":["GET"]}}],"collection":[{"href":"https:\/\/www.rengoenlanoticia.cl\/prensa\/wp-json\/wp\/v2\/posts"}],"about":[{"href":"https:\/\/www.rengoenlanoticia.cl\/prensa\/wp-json\/wp\/v2\/types\/post"}],"author":[{"embeddable":true,"href":"https:\/\/www.rengoenlanoticia.cl\/prensa\/wp-json\/wp\/v2\/users\/1"}],"replies":[{"embeddable":true,"href":"https:\/\/www.rengoenlanoticia.cl\/prensa\/wp-json\/wp\/v2\/comments?post=3937"}],"version-history":[{"count":3,"href":"https:\/\/www.rengoenlanoticia.cl\/prensa\/wp-json\/wp\/v2\/posts\/3937\/revisions"}],"predecessor-version":[{"id":3951,"href":"https:\/\/www.rengoenlanoticia.cl\/prensa\/wp-json\/wp\/v2\/posts\/3937\/revisions\/3951"}],"wp:featuredmedia":[{"embeddable":true,"href":"https:\/\/www.rengoenlanoticia.cl\/prensa\/wp-json\/wp\/v2\/media\/3945"}],"wp:attachment":[{"href":"https:\/\/www.rengoenlanoticia.cl\/prensa\/wp-json\/wp\/v2\/media?parent=3937"}],"wp:term":[{"taxonomy":"category","embeddable":true,"href":"https:\/\/www.rengoenlanoticia.cl\/prensa\/wp-json\/wp\/v2\/categories?post=3937"},{"taxonomy":"post_tag","embeddable":true,"href":"https:\/\/www.rengoenlanoticia.cl\/prensa\/wp-json\/wp\/v2\/tags?post=3937"}],"curies":[{"name":"wp","href":"https:\/\/api.w.org\/{rel}","templated":true}]}}