{"id":3917,"date":"2025-06-25T18:03:25","date_gmt":"2025-06-25T18:03:25","guid":{"rendered":"https:\/\/www.rengoenlanoticia.cl\/prensa\/?p=3917"},"modified":"2025-06-25T18:09:57","modified_gmt":"2025-06-25T18:09:57","slug":"hospital-de-graneros-rindio-cuenta-publica-con-enfasis-en-participacion-comunitaria-y-avances-en-salud-territorial","status":"publish","type":"post","link":"https:\/\/www.rengoenlanoticia.cl\/prensa\/2025\/06\/25\/hospital-de-graneros-rindio-cuenta-publica-con-enfasis-en-participacion-comunitaria-y-avances-en-salud-territorial\/","title":{"rendered":"Hospital de Graneros rindi\u00f3 cuenta p\u00fablica con \u00e9nfasis en participaci\u00f3n comunitaria y avances en salud territorial"},"content":{"rendered":"\n<p>Autoridades regionales y comunales junto a representantes de organizaciones sociales y vecinos, conocieron el trabajo realizado durante el a\u00f1o 2024.<\/p>\n\n\n\n<p>Porque rendir cuentas es construir confianza, escuchar a la comunidad y transformarse junto a ella, se realiz\u00f3 la Cuenta P\u00fablica gesti\u00f3n a\u00f1o 2024 del Hospital Santa Filomena de Graneros, instancia en la que se presentaron los principales logros de gesti\u00f3n, avances en atenci\u00f3n en salud y desaf\u00edos proyectados, en un marco de di\u00e1logo transparente y comprometido con la ciudadan\u00eda.<\/p>\n\n\n\n<figure class=\"wp-block-image size-large\"><img loading=\"lazy\" decoding=\"async\" width=\"1024\" height=\"682\" src=\"https:\/\/www.rengoenlanoticia.cl\/prensa\/wp-content\/uploads\/2025\/06\/WhatsApp-Image-2025-06-25-at-12.06.28-2-1024x682.jpeg\" alt=\"\" class=\"wp-image-3924\" srcset=\"https:\/\/www.rengoenlanoticia.cl\/prensa\/wp-content\/uploads\/2025\/06\/WhatsApp-Image-2025-06-25-at-12.06.28-2-1024x682.jpeg 1024w, https:\/\/www.rengoenlanoticia.cl\/prensa\/wp-content\/uploads\/2025\/06\/WhatsApp-Image-2025-06-25-at-12.06.28-2-300x200.jpeg 300w, https:\/\/www.rengoenlanoticia.cl\/prensa\/wp-content\/uploads\/2025\/06\/WhatsApp-Image-2025-06-25-at-12.06.28-2-768x512.jpeg 768w, https:\/\/www.rengoenlanoticia.cl\/prensa\/wp-content\/uploads\/2025\/06\/WhatsApp-Image-2025-06-25-at-12.06.28-2-1536x1023.jpeg 1536w, https:\/\/www.rengoenlanoticia.cl\/prensa\/wp-content\/uploads\/2025\/06\/WhatsApp-Image-2025-06-25-at-12.06.28-2-110x73.jpeg 110w, https:\/\/www.rengoenlanoticia.cl\/prensa\/wp-content\/uploads\/2025\/06\/WhatsApp-Image-2025-06-25-at-12.06.28-2-200x133.jpeg 200w, https:\/\/www.rengoenlanoticia.cl\/prensa\/wp-content\/uploads\/2025\/06\/WhatsApp-Image-2025-06-25-at-12.06.28-2-380x253.jpeg 380w, https:\/\/www.rengoenlanoticia.cl\/prensa\/wp-content\/uploads\/2025\/06\/WhatsApp-Image-2025-06-25-at-12.06.28-2-255x170.jpeg 255w, https:\/\/www.rengoenlanoticia.cl\/prensa\/wp-content\/uploads\/2025\/06\/WhatsApp-Image-2025-06-25-at-12.06.28-2-550x366.jpeg 550w, https:\/\/www.rengoenlanoticia.cl\/prensa\/wp-content\/uploads\/2025\/06\/WhatsApp-Image-2025-06-25-at-12.06.28-2-800x533.jpeg 800w, https:\/\/www.rengoenlanoticia.cl\/prensa\/wp-content\/uploads\/2025\/06\/WhatsApp-Image-2025-06-25-at-12.06.28-2-1160x773.jpeg 1160w, https:\/\/www.rengoenlanoticia.cl\/prensa\/wp-content\/uploads\/2025\/06\/WhatsApp-Image-2025-06-25-at-12.06.28-2.jpeg 1600w\" sizes=\"auto, (max-width: 1024px) 100vw, 1024px\" \/><\/figure>\n\n\n\n<p>El director del hospital de base comunitaria, Dr. Mauricio Aedo, valor\u00f3 profundamente esta instancia que, seg\u00fan indic\u00f3, \u201cno solo permite rendir cuentas, sino tambi\u00e9n compartir el camino recorrido, los desaf\u00edos enfrentados y los avances logrados junto a nuestra comunidad\u201d. Subray\u00f3 que rendir cuentas es parte del compromiso con una salud p\u00fablica m\u00e1s digna, cercana y emp\u00e1tica.<\/p>\n\n\n\n<p>En su intervenci\u00f3n, Mauricio Aedo se refiri\u00f3 al trabajo del equipo hospitalario, que actualmente cuenta con un equipo conformado por 12 m\u00e9dicos, 8 dentistas y 171 funcionarios y funcionarias, incluyendo profesionales, t\u00e9cnicos, auxiliares y personal administrativo. En esta l\u00ednea, relev\u00f3 el avance en diversas \u00e1reas cl\u00ednicas y comunitarias, tales como Hospital Digital, Cirug\u00eda Menor, Interconsultas, Programas de control de Tuberculosis, Epilepsia y Salud Mental, Atenci\u00f3n de Morbilidad, Salud Mental, Programas Cardiovascular, IRA\/ERA y Control Ni\u00f1o Sano, entre otros.<\/p>\n\n\n\n<p>Asimismo, destac\u00f3 que, en total, el hospital realiz\u00f3 m\u00e1s de 13 mil atenciones de morbilidad durante el 2024, \u201clo que es reflejo del compromiso con una atenci\u00f3n oportuna y de calidad para los m\u00e1s de 33 mil usuarios inscritos en nuestra comuna, y un buen ejemplo de ello es nuestro trabajo y avances en hospitalizaci\u00f3n domiciliaria, atenci\u00f3n abierta y emergencia hospitalaria, medidas que apuntan a humanizar los cuidados y mantener a los pacientes cerca de sus familias\u201d.<\/p>\n\n\n\n<p>Finalmente, el Dr. Aedo destac\u00f3 un hito clave para el establecimiento: el pr\u00f3ximo inicio del proyecto de conservaci\u00f3n de infraestructura del hospital, que actualmente est\u00e1 en su etapa previa de preparaci\u00f3n t\u00e9cnica y administrativa.<\/p>\n\n\n\n<p><strong>Reconocimiento al rol comunitario<\/strong><\/p>\n\n\n\n<p>La jornada cont\u00f3 con la participaci\u00f3n de la Coordinadora de Hospitales de Base Comunitaria del Servicio de Salud O\u2019Higgins, Dra. Alejandra Reyes, quien valor\u00f3 el sentido de pertenencia y la trayectoria del hospital. \u201cEl Hospital Santa Filomena, fundado en 1928, es el \u00fanico dispositivo de salud p\u00fablica en Graneros y un verdadero pilar de la red asistencial. Quiero agradecer el trabajo del equipo directivo, de cada funcionario, y de toda la comunidad de Graneros. Gracias por confiar, colaborar y por hacer que la salud p\u00fablica siga siendo un derecho al alcance de todos y todas\u201d, indic\u00f3.<\/p>\n\n\n\n<p>Agreg\u00f3 que \u201ccomo coordinadora de esta red de hospitales de base comunitaria, quiero agradecer el trabajo del equipo directivo, de cada uno de los funcionarios del Hospital Santa Filomena, y de toda la comunidad de Graneros. Gracias por confiar, por colaborar, y por hacer que la salud p\u00fablica siga siendo un derecho al alcance de todos y todas\u201d.<\/p>\n\n\n\n<p>Por su parte, el alcalde de la comuna, Marcelo Mi\u00f1a\u00f1ir, se\u00f1al\u00f3 que este hospital representa el coraz\u00f3n de la salud p\u00fablica en la comuna. \u201cValoramos profundamente el compromiso de sus funcionarios y la apertura a la comunidad que demuestra esta Cuenta P\u00fablica. Como municipio, seguiremos colaborando estrechamente para mejorar las condiciones de salud de nuestros vecinos, porque sabemos que los requerimientos son muchos, pero agradezco todo lo informado en esta oportunidad\u201d, indic\u00f3, a\u00f1adiendo que \u201cestamos a disposici\u00f3n de seguir colaborando con el trabajo que hace el hospital, ya que la salud es lo m\u00e1s importante para nuestra comuna y tambi\u00e9n para nuestra administraci\u00f3n\u201d.<\/p>\n\n\n\n<figure class=\"wp-block-image size-large\"><img loading=\"lazy\" decoding=\"async\" width=\"1024\" height=\"682\" src=\"https:\/\/www.rengoenlanoticia.cl\/prensa\/wp-content\/uploads\/2025\/06\/WhatsApp-Image-2025-06-25-at-12.06.28-1-1024x682.jpeg\" alt=\"\" class=\"wp-image-3925\" srcset=\"https:\/\/www.rengoenlanoticia.cl\/prensa\/wp-content\/uploads\/2025\/06\/WhatsApp-Image-2025-06-25-at-12.06.28-1-1024x682.jpeg 1024w, https:\/\/www.rengoenlanoticia.cl\/prensa\/wp-content\/uploads\/2025\/06\/WhatsApp-Image-2025-06-25-at-12.06.28-1-300x200.jpeg 300w, https:\/\/www.rengoenlanoticia.cl\/prensa\/wp-content\/uploads\/2025\/06\/WhatsApp-Image-2025-06-25-at-12.06.28-1-768x512.jpeg 768w, https:\/\/www.rengoenlanoticia.cl\/prensa\/wp-content\/uploads\/2025\/06\/WhatsApp-Image-2025-06-25-at-12.06.28-1-1536x1023.jpeg 1536w, https:\/\/www.rengoenlanoticia.cl\/prensa\/wp-content\/uploads\/2025\/06\/WhatsApp-Image-2025-06-25-at-12.06.28-1-110x73.jpeg 110w, https:\/\/www.rengoenlanoticia.cl\/prensa\/wp-content\/uploads\/2025\/06\/WhatsApp-Image-2025-06-25-at-12.06.28-1-200x133.jpeg 200w, https:\/\/www.rengoenlanoticia.cl\/prensa\/wp-content\/uploads\/2025\/06\/WhatsApp-Image-2025-06-25-at-12.06.28-1-380x253.jpeg 380w, https:\/\/www.rengoenlanoticia.cl\/prensa\/wp-content\/uploads\/2025\/06\/WhatsApp-Image-2025-06-25-at-12.06.28-1-255x170.jpeg 255w, https:\/\/www.rengoenlanoticia.cl\/prensa\/wp-content\/uploads\/2025\/06\/WhatsApp-Image-2025-06-25-at-12.06.28-1-550x366.jpeg 550w, https:\/\/www.rengoenlanoticia.cl\/prensa\/wp-content\/uploads\/2025\/06\/WhatsApp-Image-2025-06-25-at-12.06.28-1-800x533.jpeg 800w, https:\/\/www.rengoenlanoticia.cl\/prensa\/wp-content\/uploads\/2025\/06\/WhatsApp-Image-2025-06-25-at-12.06.28-1-1160x773.jpeg 1160w, https:\/\/www.rengoenlanoticia.cl\/prensa\/wp-content\/uploads\/2025\/06\/WhatsApp-Image-2025-06-25-at-12.06.28-1.jpeg 1600w\" sizes=\"auto, (max-width: 1024px) 100vw, 1024px\" \/><\/figure>\n\n\n\n<p>En el mismo tenor, el senador Juan Luis Castro resalt\u00f3 que \u201cvaloro el trabajo que este hospital realiza, y donde es atendido por m\u00e9dicos generales de zona, todos profesionales j\u00f3venes que est\u00e1n un tiempo en un servicio pa\u00eds, por as\u00ed decirlo, y claro, en un hospital que hace las veces de atenci\u00f3n primaria, atenci\u00f3n hospitalizada, lo hace todo. Ha sido dif\u00edcil para este hospital pues han vivido episodios complejos desde el punto de vista qu\u00edmico, de infraestructura muy antigua y tambi\u00e9n de seguridad en su entorno, con una comunidad compleja que tiene migraci\u00f3n bastante exacerbada. &nbsp;Por ello valoro que en esta cuenta p\u00fablica los profesionales est\u00e1n unidos en esta causa, junto al Servicio de Salud, junto a las autoridades, para sacar adelante al Hospital de Graneros por el bien de la comunidad y de los funcionarios\u201d.<\/p>\n\n\n\n<p>Sin duda y de acuerdo a la comunidad asistente, la jornada reafirm\u00f3 el enfoque participativo, territorial y humano que distingue al Hospital Santa Filomena, consolidando su rol como referente en salud p\u00fablica comunitaria en la regi\u00f3n.<\/p>\n\n\n\n<figure class=\"wp-block-image size-large\"><img loading=\"lazy\" decoding=\"async\" width=\"1024\" height=\"768\" src=\"https:\/\/www.rengoenlanoticia.cl\/prensa\/wp-content\/uploads\/2025\/06\/WhatsApp-Image-2025-06-25-at-12.06.29-1-1024x768.jpeg\" alt=\"\" class=\"wp-image-3926\" srcset=\"https:\/\/www.rengoenlanoticia.cl\/prensa\/wp-content\/uploads\/2025\/06\/WhatsApp-Image-2025-06-25-at-12.06.29-1-1024x768.jpeg 1024w, https:\/\/www.rengoenlanoticia.cl\/prensa\/wp-content\/uploads\/2025\/06\/WhatsApp-Image-2025-06-25-at-12.06.29-1-300x225.jpeg 300w, https:\/\/www.rengoenlanoticia.cl\/prensa\/wp-content\/uploads\/2025\/06\/WhatsApp-Image-2025-06-25-at-12.06.29-1-768x576.jpeg 768w, https:\/\/www.rengoenlanoticia.cl\/prensa\/wp-content\/uploads\/2025\/06\/WhatsApp-Image-2025-06-25-at-12.06.29-1-1536x1152.jpeg 1536w, https:\/\/www.rengoenlanoticia.cl\/prensa\/wp-content\/uploads\/2025\/06\/WhatsApp-Image-2025-06-25-at-12.06.29-1-110x83.jpeg 110w, https:\/\/www.rengoenlanoticia.cl\/prensa\/wp-content\/uploads\/2025\/06\/WhatsApp-Image-2025-06-25-at-12.06.29-1-200x150.jpeg 200w, https:\/\/www.rengoenlanoticia.cl\/prensa\/wp-content\/uploads\/2025\/06\/WhatsApp-Image-2025-06-25-at-12.06.29-1-380x285.jpeg 380w, https:\/\/www.rengoenlanoticia.cl\/prensa\/wp-content\/uploads\/2025\/06\/WhatsApp-Image-2025-06-25-at-12.06.29-1-255x191.jpeg 255w, https:\/\/www.rengoenlanoticia.cl\/prensa\/wp-content\/uploads\/2025\/06\/WhatsApp-Image-2025-06-25-at-12.06.29-1-550x413.jpeg 550w, https:\/\/www.rengoenlanoticia.cl\/prensa\/wp-content\/uploads\/2025\/06\/WhatsApp-Image-2025-06-25-at-12.06.29-1-800x600.jpeg 800w, https:\/\/www.rengoenlanoticia.cl\/prensa\/wp-content\/uploads\/2025\/06\/WhatsApp-Image-2025-06-25-at-12.06.29-1-1160x870.jpeg 1160w, https:\/\/www.rengoenlanoticia.cl\/prensa\/wp-content\/uploads\/2025\/06\/WhatsApp-Image-2025-06-25-at-12.06.29-1.jpeg 1600w\" sizes=\"auto, (max-width: 1024px) 100vw, 1024px\" \/><\/figure>\n","protected":false},"excerpt":{"rendered":"Autoridades regionales y comunales junto a representantes de organizaciones sociales y vecinos, conocieron el trabajo realizado durante el&hellip;\n","protected":false},"author":1,"featured_media":3923,"comment_status":"open","ping_status":"open","sticky":false,"template":"","format":"standard","meta":{"_monsterinsights_skip_tracking":false,"_monsterinsights_sitenote_active":false,"_monsterinsights_sitenote_note":"","_monsterinsights_sitenote_category":0,"footnotes":""},"categories":[8],"tags":[],"class_list":{"0":"post-3917","1":"post","2":"type-post","3":"status-publish","4":"format-standard","5":"has-post-thumbnail","7":"category-portada"},"aioseo_notices":[],"_links":{"self":[{"href":"https:\/\/www.rengoenlanoticia.cl\/prensa\/wp-json\/wp\/v2\/posts\/3917","targetHints":{"allow":["GET"]}}],"collection":[{"href":"https:\/\/www.rengoenlanoticia.cl\/prensa\/wp-json\/wp\/v2\/posts"}],"about":[{"href":"https:\/\/www.rengoenlanoticia.cl\/prensa\/wp-json\/wp\/v2\/types\/post"}],"author":[{"embeddable":true,"href":"https:\/\/www.rengoenlanoticia.cl\/prensa\/wp-json\/wp\/v2\/users\/1"}],"replies":[{"embeddable":true,"href":"https:\/\/www.rengoenlanoticia.cl\/prensa\/wp-json\/wp\/v2\/comments?post=3917"}],"version-history":[{"count":3,"href":"https:\/\/www.rengoenlanoticia.cl\/prensa\/wp-json\/wp\/v2\/posts\/3917\/revisions"}],"predecessor-version":[{"id":3936,"href":"https:\/\/www.rengoenlanoticia.cl\/prensa\/wp-json\/wp\/v2\/posts\/3917\/revisions\/3936"}],"wp:featuredmedia":[{"embeddable":true,"href":"https:\/\/www.rengoenlanoticia.cl\/prensa\/wp-json\/wp\/v2\/media\/3923"}],"wp:attachment":[{"href":"https:\/\/www.rengoenlanoticia.cl\/prensa\/wp-json\/wp\/v2\/media?parent=3917"}],"wp:term":[{"taxonomy":"category","embeddable":true,"href":"https:\/\/www.rengoenlanoticia.cl\/prensa\/wp-json\/wp\/v2\/categories?post=3917"},{"taxonomy":"post_tag","embeddable":true,"href":"https:\/\/www.rengoenlanoticia.cl\/prensa\/wp-json\/wp\/v2\/tags?post=3917"}],"curies":[{"name":"wp","href":"https:\/\/api.w.org\/{rel}","templated":true}]}}