{"id":3908,"date":"2025-06-21T23:24:35","date_gmt":"2025-06-21T23:24:35","guid":{"rendered":"https:\/\/www.rengoenlanoticia.cl\/prensa\/?p=3908"},"modified":"2025-06-21T23:24:37","modified_gmt":"2025-06-21T23:24:37","slug":"diputado-raul-soto-realiza-operativo-social-para-ayudar-a-personas-en-situacion-calle","status":"publish","type":"post","link":"https:\/\/www.rengoenlanoticia.cl\/prensa\/2025\/06\/21\/diputado-raul-soto-realiza-operativo-social-para-ayudar-a-personas-en-situacion-calle\/","title":{"rendered":"DIPUTADO RA\u00daL SOTO REALIZA OPERATIVO SOCIAL PARA AYUDAR A PERSONAS EN SITUACI\u00d3N CALLE:"},"content":{"rendered":"\n<p>\u00abSon d\u00edas muy fr\u00edos y ser\u00e1 un invierno muy duro, ya llevamos tres muertes de personas en situaci\u00f3n calle en #Rengo , #Machali y #Requinoa. Junto a nuestro equipo estaremos desde hoy y de forma permanente recorriendo las comunas de la regi\u00f3n de O&#8217;Higgins llevando caf\u00e9 y sopa caliente, sandwich, alimentos, abrigos y frazadas a personas en situaci\u00f3n de calle\u00bb, se\u00f1al\u00f3 el parlamentario.<\/p>\n\n\n\n<p>\u00abTambi\u00e9n estaremos gestionando nexos con los albergues disponibles y exigiendo que se habiliten nuevos albergues para que puedan estar m\u00e1s seguros. A colaborar y ser solidarios! Concluy\u00f3 el Diputado Ra\u00fal Soto &#x1f976; &#x2764;&#xfe0f; #Invierno #Frio #Solidaridad #Operativo #Social #Ayuda<\/p>\n\n\n\n<figure class=\"wp-block-video\"><video controls src=\"https:\/\/www.rengoenlanoticia.cl\/prensa\/wp-content\/uploads\/2025\/06\/WhatsApp-Video-2025-06-21-at-18.21.49.mp4\"><\/video><\/figure>\n","protected":false},"excerpt":{"rendered":"\u00abSon d\u00edas muy fr\u00edos y ser\u00e1 un invierno muy duro, ya llevamos tres muertes de personas en situaci\u00f3n&hellip;\n","protected":false},"author":1,"featured_media":3909,"comment_status":"open","ping_status":"open","sticky":false,"template":"","format":"standard","meta":{"_monsterinsights_skip_tracking":false,"_monsterinsights_sitenote_active":false,"_monsterinsights_sitenote_note":"","_monsterinsights_sitenote_category":0,"footnotes":""},"categories":[11,8],"tags":[],"class_list":{"0":"post-3908","1":"post","2":"type-post","3":"status-publish","4":"format-standard","5":"has-post-thumbnail","7":"category-politica","8":"category-portada"},"aioseo_notices":[],"_links":{"self":[{"href":"https:\/\/www.rengoenlanoticia.cl\/prensa\/wp-json\/wp\/v2\/posts\/3908","targetHints":{"allow":["GET"]}}],"collection":[{"href":"https:\/\/www.rengoenlanoticia.cl\/prensa\/wp-json\/wp\/v2\/posts"}],"about":[{"href":"https:\/\/www.rengoenlanoticia.cl\/prensa\/wp-json\/wp\/v2\/types\/post"}],"author":[{"embeddable":true,"href":"https:\/\/www.rengoenlanoticia.cl\/prensa\/wp-json\/wp\/v2\/users\/1"}],"replies":[{"embeddable":true,"href":"https:\/\/www.rengoenlanoticia.cl\/prensa\/wp-json\/wp\/v2\/comments?post=3908"}],"version-history":[{"count":3,"href":"https:\/\/www.rengoenlanoticia.cl\/prensa\/wp-json\/wp\/v2\/posts\/3908\/revisions"}],"predecessor-version":[{"id":3916,"href":"https:\/\/www.rengoenlanoticia.cl\/prensa\/wp-json\/wp\/v2\/posts\/3908\/revisions\/3916"}],"wp:featuredmedia":[{"embeddable":true,"href":"https:\/\/www.rengoenlanoticia.cl\/prensa\/wp-json\/wp\/v2\/media\/3909"}],"wp:attachment":[{"href":"https:\/\/www.rengoenlanoticia.cl\/prensa\/wp-json\/wp\/v2\/media?parent=3908"}],"wp:term":[{"taxonomy":"category","embeddable":true,"href":"https:\/\/www.rengoenlanoticia.cl\/prensa\/wp-json\/wp\/v2\/categories?post=3908"},{"taxonomy":"post_tag","embeddable":true,"href":"https:\/\/www.rengoenlanoticia.cl\/prensa\/wp-json\/wp\/v2\/tags?post=3908"}],"curies":[{"name":"wp","href":"https:\/\/api.w.org\/{rel}","templated":true}]}}