{"id":3902,"date":"2025-06-21T23:12:14","date_gmt":"2025-06-21T23:12:14","guid":{"rendered":"https:\/\/www.rengoenlanoticia.cl\/prensa\/?p=3902"},"modified":"2025-06-21T23:12:36","modified_gmt":"2025-06-21T23:12:36","slug":"tribunal-supremo-ordena-nueva-eleccion-en-el-ps-de-ohiggins-tras-detectar-irregularidades-en-la-constitucion-de-la-direccion-regional","status":"publish","type":"post","link":"https:\/\/www.rengoenlanoticia.cl\/prensa\/2025\/06\/21\/tribunal-supremo-ordena-nueva-eleccion-en-el-ps-de-ohiggins-tras-detectar-irregularidades-en-la-constitucion-de-la-direccion-regional\/","title":{"rendered":"Tribunal Supremo ordena nueva elecci\u00f3n en el PS de O&#8217;Higgins tras detectar irregularidades en la constituci\u00f3n de la direcci\u00f3n regional"},"content":{"rendered":"\n<p><em>La m\u00e1xima instancia del partido acogi\u00f3 el reclamo por anomal\u00edas en la distribuci\u00f3n de cargos y orden\u00f3 convocar a un nuevo proceso con respeto al principio de proporcionalidad.<\/em><\/p>\n\n\n\n<p>El Tribunal Supremo del Partido Socialista de Chile resolvi\u00f3 dejar sin efecto la elecci\u00f3n de la direcci\u00f3n regional del PS en la zona, realizada el pasado 26 de abril, tras acoger una presentaci\u00f3n por irregularidades en la distribuci\u00f3n de los cargos unipersonales del \u00f3rgano ejecutivo regional.<\/p>\n\n\n\n<p>De acuerdo con la resoluci\u00f3n del m\u00e1ximo \u00f3rgano disciplinario del partido, se detect\u00f3 un error en el c\u00e1lculo de la proporcionalidad de los cargos, lo que vulner\u00f3 el equilibrio entre las listas en competencia. En su fallo, el Tribunal orden\u00f3 convocar a una nueva elecci\u00f3n, considerando que a la lista \u201cUnidad Socialista\u201d le corresponden cinco cargos, ya la lista \u201cUnidad Socialista de O&#8217;Higgins\u201d, tres.<\/p>\n\n\n\n<figure class=\"wp-block-image size-large\"><img loading=\"lazy\" decoding=\"async\" width=\"1024\" height=\"682\" src=\"https:\/\/www.rengoenlanoticia.cl\/prensa\/wp-content\/uploads\/2025\/06\/Imagen-de-WhatsApp-2025-06-17-a-las-14.02.54_73678df9-1024x682.jpg\" alt=\"\" class=\"wp-image-3849\" srcset=\"https:\/\/www.rengoenlanoticia.cl\/prensa\/wp-content\/uploads\/2025\/06\/Imagen-de-WhatsApp-2025-06-17-a-las-14.02.54_73678df9-1024x682.jpg 1024w, https:\/\/www.rengoenlanoticia.cl\/prensa\/wp-content\/uploads\/2025\/06\/Imagen-de-WhatsApp-2025-06-17-a-las-14.02.54_73678df9-300x200.jpg 300w, https:\/\/www.rengoenlanoticia.cl\/prensa\/wp-content\/uploads\/2025\/06\/Imagen-de-WhatsApp-2025-06-17-a-las-14.02.54_73678df9-768x512.jpg 768w, https:\/\/www.rengoenlanoticia.cl\/prensa\/wp-content\/uploads\/2025\/06\/Imagen-de-WhatsApp-2025-06-17-a-las-14.02.54_73678df9-110x73.jpg 110w, https:\/\/www.rengoenlanoticia.cl\/prensa\/wp-content\/uploads\/2025\/06\/Imagen-de-WhatsApp-2025-06-17-a-las-14.02.54_73678df9-200x133.jpg 200w, https:\/\/www.rengoenlanoticia.cl\/prensa\/wp-content\/uploads\/2025\/06\/Imagen-de-WhatsApp-2025-06-17-a-las-14.02.54_73678df9-380x253.jpg 380w, https:\/\/www.rengoenlanoticia.cl\/prensa\/wp-content\/uploads\/2025\/06\/Imagen-de-WhatsApp-2025-06-17-a-las-14.02.54_73678df9-255x170.jpg 255w, https:\/\/www.rengoenlanoticia.cl\/prensa\/wp-content\/uploads\/2025\/06\/Imagen-de-WhatsApp-2025-06-17-a-las-14.02.54_73678df9-550x367.jpg 550w, https:\/\/www.rengoenlanoticia.cl\/prensa\/wp-content\/uploads\/2025\/06\/Imagen-de-WhatsApp-2025-06-17-a-las-14.02.54_73678df9-800x533.jpg 800w, https:\/\/www.rengoenlanoticia.cl\/prensa\/wp-content\/uploads\/2025\/06\/Imagen-de-WhatsApp-2025-06-17-a-las-14.02.54_73678df9-1160x773.jpg 1160w, https:\/\/www.rengoenlanoticia.cl\/prensa\/wp-content\/uploads\/2025\/06\/Imagen-de-WhatsApp-2025-06-17-a-las-14.02.54_73678df9.jpg 1280w\" sizes=\"auto, (max-width: 1024px) 100vw, 1024px\" \/><\/figure>\n\n\n\n<p>El senador Juan Luis Castro, miembro del Comit\u00e9 Central y de la Comisi\u00f3n Pol\u00edtica del PS, valor\u00f3 el dictamen: \u00abCon este fallo del Tribunal Supremo del Partido Socialista se nos ha dado la raz\u00f3n en cuanto a la arbitrariedad cometida por una parte de los elegidos del Comit\u00e9 Regional al no respetar el equilibrio de mayor\u00edas y minor\u00edas necesario y l\u00f3gico para una elecci\u00f3n partidaria. Esto nuevamente en un punto de definici\u00f3n al Comit\u00e9 Regional del PS y sus autoridades a partir del fallo que ordena citar a una nueva convocatoria a dicha instancia\u00bb.<\/p>\n\n\n\n<p>Por su parte, Mauricio Valderrama, integrante del Comit\u00e9 Central Regional y ex presidente regional del PS, record\u00f3 que el fallo es de cumplimiento inmediato. \u00abEl fallo del Tribunal Supremo es categ\u00f3rico, se tiene que reconstituir la direcci\u00f3n regional. Por lo tanto, hay que hacer que esto ocurre a la brevedad y que se respetan todas las participaciones de los distintos espacios que se dan dentro del Partido Socialista de O&#8217;Higgins. No se puede permitir que alguna gente del partido cree que las atribuciones que se les dan por un mandato pueden usar para hacer lo que quieran. Aqu\u00ed hay que respetar la normativa, como lo est\u00e1 pidiendo el Tribunal Supremo\u00bb.<\/p>\n\n\n\n<p>El Tribunal Supremo, adem\u00e1s, desestim\u00f3 aplicar medidas disciplinarias a los actuales integrantes del Tribunal Regional, se\u00f1alando que el error de c\u00e1lculo fue reconocido y se corregir\u00e1 con la nueva elecci\u00f3n.<\/p>\n\n\n\n<figure class=\"wp-block-image size-large\"><img loading=\"lazy\" decoding=\"async\" width=\"682\" height=\"1024\" src=\"https:\/\/www.rengoenlanoticia.cl\/prensa\/wp-content\/uploads\/2025\/06\/resolucion1-682x1024.jpg\" alt=\"\" class=\"wp-image-3903\" srcset=\"https:\/\/www.rengoenlanoticia.cl\/prensa\/wp-content\/uploads\/2025\/06\/resolucion1-682x1024.jpg 682w, https:\/\/www.rengoenlanoticia.cl\/prensa\/wp-content\/uploads\/2025\/06\/resolucion1-200x300.jpg 200w, https:\/\/www.rengoenlanoticia.cl\/prensa\/wp-content\/uploads\/2025\/06\/resolucion1-768x1152.jpg 768w, https:\/\/www.rengoenlanoticia.cl\/prensa\/wp-content\/uploads\/2025\/06\/resolucion1-110x165.jpg 110w, https:\/\/www.rengoenlanoticia.cl\/prensa\/wp-content\/uploads\/2025\/06\/resolucion1-380x570.jpg 380w, https:\/\/www.rengoenlanoticia.cl\/prensa\/wp-content\/uploads\/2025\/06\/resolucion1-255x383.jpg 255w, https:\/\/www.rengoenlanoticia.cl\/prensa\/wp-content\/uploads\/2025\/06\/resolucion1-300x450.jpg 300w, https:\/\/www.rengoenlanoticia.cl\/prensa\/wp-content\/uploads\/2025\/06\/resolucion1-550x825.jpg 550w, https:\/\/www.rengoenlanoticia.cl\/prensa\/wp-content\/uploads\/2025\/06\/resolucion1-800x1200.jpg 800w, https:\/\/www.rengoenlanoticia.cl\/prensa\/wp-content\/uploads\/2025\/06\/resolucion1.jpg 853w\" sizes=\"auto, (max-width: 682px) 100vw, 682px\" \/><\/figure>\n\n\n\n<figure class=\"wp-block-image size-large\"><img loading=\"lazy\" decoding=\"async\" width=\"682\" height=\"1024\" src=\"https:\/\/www.rengoenlanoticia.cl\/prensa\/wp-content\/uploads\/2025\/06\/resolucion2ps-682x1024.jpg\" alt=\"\" class=\"wp-image-3904\" srcset=\"https:\/\/www.rengoenlanoticia.cl\/prensa\/wp-content\/uploads\/2025\/06\/resolucion2ps-682x1024.jpg 682w, https:\/\/www.rengoenlanoticia.cl\/prensa\/wp-content\/uploads\/2025\/06\/resolucion2ps-200x300.jpg 200w, https:\/\/www.rengoenlanoticia.cl\/prensa\/wp-content\/uploads\/2025\/06\/resolucion2ps-768x1152.jpg 768w, https:\/\/www.rengoenlanoticia.cl\/prensa\/wp-content\/uploads\/2025\/06\/resolucion2ps-110x165.jpg 110w, https:\/\/www.rengoenlanoticia.cl\/prensa\/wp-content\/uploads\/2025\/06\/resolucion2ps-380x570.jpg 380w, https:\/\/www.rengoenlanoticia.cl\/prensa\/wp-content\/uploads\/2025\/06\/resolucion2ps-255x383.jpg 255w, https:\/\/www.rengoenlanoticia.cl\/prensa\/wp-content\/uploads\/2025\/06\/resolucion2ps-300x450.jpg 300w, https:\/\/www.rengoenlanoticia.cl\/prensa\/wp-content\/uploads\/2025\/06\/resolucion2ps-550x825.jpg 550w, https:\/\/www.rengoenlanoticia.cl\/prensa\/wp-content\/uploads\/2025\/06\/resolucion2ps-800x1200.jpg 800w, https:\/\/www.rengoenlanoticia.cl\/prensa\/wp-content\/uploads\/2025\/06\/resolucion2ps.jpg 853w\" sizes=\"auto, (max-width: 682px) 100vw, 682px\" \/><\/figure>\n","protected":false},"excerpt":{"rendered":"La m\u00e1xima instancia del partido acogi\u00f3 el reclamo por anomal\u00edas en la distribuci\u00f3n de cargos y orden\u00f3 convocar&hellip;\n","protected":false},"author":2,"featured_media":3903,"comment_status":"open","ping_status":"open","sticky":false,"template":"","format":"standard","meta":{"_monsterinsights_skip_tracking":false,"_monsterinsights_sitenote_active":false,"_monsterinsights_sitenote_note":"","_monsterinsights_sitenote_category":0,"footnotes":""},"categories":[11,8],"tags":[],"class_list":{"0":"post-3902","1":"post","2":"type-post","3":"status-publish","4":"format-standard","5":"has-post-thumbnail","7":"category-politica","8":"category-portada"},"aioseo_notices":[],"_links":{"self":[{"href":"https:\/\/www.rengoenlanoticia.cl\/prensa\/wp-json\/wp\/v2\/posts\/3902","targetHints":{"allow":["GET"]}}],"collection":[{"href":"https:\/\/www.rengoenlanoticia.cl\/prensa\/wp-json\/wp\/v2\/posts"}],"about":[{"href":"https:\/\/www.rengoenlanoticia.cl\/prensa\/wp-json\/wp\/v2\/types\/post"}],"author":[{"embeddable":true,"href":"https:\/\/www.rengoenlanoticia.cl\/prensa\/wp-json\/wp\/v2\/users\/2"}],"replies":[{"embeddable":true,"href":"https:\/\/www.rengoenlanoticia.cl\/prensa\/wp-json\/wp\/v2\/comments?post=3902"}],"version-history":[{"count":3,"href":"https:\/\/www.rengoenlanoticia.cl\/prensa\/wp-json\/wp\/v2\/posts\/3902\/revisions"}],"predecessor-version":[{"id":3907,"href":"https:\/\/www.rengoenlanoticia.cl\/prensa\/wp-json\/wp\/v2\/posts\/3902\/revisions\/3907"}],"wp:featuredmedia":[{"embeddable":true,"href":"https:\/\/www.rengoenlanoticia.cl\/prensa\/wp-json\/wp\/v2\/media\/3903"}],"wp:attachment":[{"href":"https:\/\/www.rengoenlanoticia.cl\/prensa\/wp-json\/wp\/v2\/media?parent=3902"}],"wp:term":[{"taxonomy":"category","embeddable":true,"href":"https:\/\/www.rengoenlanoticia.cl\/prensa\/wp-json\/wp\/v2\/categories?post=3902"},{"taxonomy":"post_tag","embeddable":true,"href":"https:\/\/www.rengoenlanoticia.cl\/prensa\/wp-json\/wp\/v2\/tags?post=3902"}],"curies":[{"name":"wp","href":"https:\/\/api.w.org\/{rel}","templated":true}]}}