{"id":3888,"date":"2025-06-19T10:34:49","date_gmt":"2025-06-19T10:34:49","guid":{"rendered":"https:\/\/www.rengoenlanoticia.cl\/prensa\/?p=3888"},"modified":"2025-06-19T10:34:50","modified_gmt":"2025-06-19T10:34:50","slug":"feliz-dia-policia-de-investigaciones-de-chile-bicrim-rengo","status":"publish","type":"post","link":"https:\/\/www.rengoenlanoticia.cl\/prensa\/2025\/06\/19\/feliz-dia-policia-de-investigaciones-de-chile-bicrim-rengo\/","title":{"rendered":"Feliz d\u00eda Polic\u00eda de Investigaciones de Chile \u00abBicrim Rengo\u00bb"},"content":{"rendered":"\n<p>En 1933 se dicta la Ley Org\u00e1nica 5.180 que da vida formalmente a la Polic\u00eda de Investigaciones de Chile, inicialmente llamada Servicios de Investigaci\u00f3n, Identificaci\u00f3n y Pasaportes<\/p>\n\n\n\n<p>www.rengoenlanoticia.cl saluda en este nuevo aniversario de la Instituci\u00f3n a la BICRIM de la <strong>PDI Rengo<\/strong>, enviamos un afectuoso saludo a todos sus funcionarios en general<\/p>\n\n\n\n<p>Instamos a seguir  trabajando con su compromiso y vocaci\u00f3n para resguardar la seguridad, la justicia y el bienestar de todas nuestra comunal<\/p>\n\n\n\n<p class=\"has-text-align-center\">\u00a1\u00a1\u00a1FELIZ ANIVERSARIO!!!<\/p>\n\n\n\n<p><\/p>\n","protected":false},"excerpt":{"rendered":"En 1933 se dicta la Ley Org\u00e1nica 5.180 que da vida formalmente a la Polic\u00eda de Investigaciones de&hellip;\n","protected":false},"author":1,"featured_media":3889,"comment_status":"open","ping_status":"open","sticky":false,"template":"","format":"standard","meta":{"_monsterinsights_skip_tracking":false,"_monsterinsights_sitenote_active":false,"_monsterinsights_sitenote_note":"","_monsterinsights_sitenote_category":0,"footnotes":""},"categories":[8],"tags":[],"class_list":{"0":"post-3888","1":"post","2":"type-post","3":"status-publish","4":"format-standard","5":"has-post-thumbnail","7":"category-portada"},"aioseo_notices":[],"_links":{"self":[{"href":"https:\/\/www.rengoenlanoticia.cl\/prensa\/wp-json\/wp\/v2\/posts\/3888","targetHints":{"allow":["GET"]}}],"collection":[{"href":"https:\/\/www.rengoenlanoticia.cl\/prensa\/wp-json\/wp\/v2\/posts"}],"about":[{"href":"https:\/\/www.rengoenlanoticia.cl\/prensa\/wp-json\/wp\/v2\/types\/post"}],"author":[{"embeddable":true,"href":"https:\/\/www.rengoenlanoticia.cl\/prensa\/wp-json\/wp\/v2\/users\/1"}],"replies":[{"embeddable":true,"href":"https:\/\/www.rengoenlanoticia.cl\/prensa\/wp-json\/wp\/v2\/comments?post=3888"}],"version-history":[{"count":3,"href":"https:\/\/www.rengoenlanoticia.cl\/prensa\/wp-json\/wp\/v2\/posts\/3888\/revisions"}],"predecessor-version":[{"id":3893,"href":"https:\/\/www.rengoenlanoticia.cl\/prensa\/wp-json\/wp\/v2\/posts\/3888\/revisions\/3893"}],"wp:featuredmedia":[{"embeddable":true,"href":"https:\/\/www.rengoenlanoticia.cl\/prensa\/wp-json\/wp\/v2\/media\/3889"}],"wp:attachment":[{"href":"https:\/\/www.rengoenlanoticia.cl\/prensa\/wp-json\/wp\/v2\/media?parent=3888"}],"wp:term":[{"taxonomy":"category","embeddable":true,"href":"https:\/\/www.rengoenlanoticia.cl\/prensa\/wp-json\/wp\/v2\/categories?post=3888"},{"taxonomy":"post_tag","embeddable":true,"href":"https:\/\/www.rengoenlanoticia.cl\/prensa\/wp-json\/wp\/v2\/tags?post=3888"}],"curies":[{"name":"wp","href":"https:\/\/api.w.org\/{rel}","templated":true}]}}