{"id":3862,"date":"2025-06-19T00:05:05","date_gmt":"2025-06-19T00:05:05","guid":{"rendered":"https:\/\/www.rengoenlanoticia.cl\/prensa\/?p=3862"},"modified":"2025-06-19T00:31:03","modified_gmt":"2025-06-19T00:31:03","slug":"hallazgo-de-cadaver-en-la-comuna-de-machali","status":"publish","type":"post","link":"https:\/\/www.rengoenlanoticia.cl\/prensa\/2025\/06\/19\/hallazgo-de-cadaver-en-la-comuna-de-machali\/","title":{"rendered":"Hallazgo de cad\u00e1ver en la comuna de Machal\u00ed."},"content":{"rendered":"\n<p>Este mi\u00e9rcoles 18 de junio, en horas de la ma\u00f1ana, personal de la Brigada de Homicidios Rancagua, en compa\u00f1\u00eda de los Peritos del Laboratorio de Criminal\u00edstica Regional de esta ciudad, por instrucci\u00f3n del Ministerio P\u00fablico, concurrieron a la intersecci\u00f3n de la calle Castro con pasaje Irarrazabal de la comuna de Machal\u00ed, para realizar diligencias, relacionadas con el hallazgo de cad\u00e1ver de un hombre, chileno, mayor de edad.<\/p>\n\n\n\n<p>Al examen del cad\u00e1ver, se estableci\u00f3 que no presentaba lesiones externas atribuibles a terceros, cuyo peritaje de autopsia que se realizar\u00e1 en el Servicio M\u00e9dico Legal de Rancagua, determinar\u00e1 la causa precisa de la muerte.<\/p>\n\n\n\n<p>Se estableci\u00f3 que la v\u00edctima, viv\u00eda en situaci\u00f3n de calle, pernoctando en las cercan\u00edas de la plaza de Machal\u00ed. Hoy, en horas de la ma\u00f1ana, vecinos del sector dieron aviso a seguridad p\u00fablica que la persona no reaccionaba, llegado al lugar ambulancia y Carabineros, quienes constataron el fallecimiento, dando cuenta al Ministerio P\u00fablico, instruyendo que personal especializado realizara el trabajo en el Sitio del Suceso.<\/p>\n","protected":false},"excerpt":{"rendered":"Este mi\u00e9rcoles 18 de junio, en horas de la ma\u00f1ana, personal de la Brigada de Homicidios Rancagua, en&hellip;\n","protected":false},"author":1,"featured_media":3876,"comment_status":"open","ping_status":"open","sticky":false,"template":"","format":"standard","meta":{"_monsterinsights_skip_tracking":false,"_monsterinsights_sitenote_active":false,"_monsterinsights_sitenote_note":"","_monsterinsights_sitenote_category":0,"footnotes":""},"categories":[5,8],"tags":[],"class_list":{"0":"post-3862","1":"post","2":"type-post","3":"status-publish","4":"format-standard","5":"has-post-thumbnail","7":"category-policial","8":"category-portada"},"aioseo_notices":[],"_links":{"self":[{"href":"https:\/\/www.rengoenlanoticia.cl\/prensa\/wp-json\/wp\/v2\/posts\/3862","targetHints":{"allow":["GET"]}}],"collection":[{"href":"https:\/\/www.rengoenlanoticia.cl\/prensa\/wp-json\/wp\/v2\/posts"}],"about":[{"href":"https:\/\/www.rengoenlanoticia.cl\/prensa\/wp-json\/wp\/v2\/types\/post"}],"author":[{"embeddable":true,"href":"https:\/\/www.rengoenlanoticia.cl\/prensa\/wp-json\/wp\/v2\/users\/1"}],"replies":[{"embeddable":true,"href":"https:\/\/www.rengoenlanoticia.cl\/prensa\/wp-json\/wp\/v2\/comments?post=3862"}],"version-history":[{"count":3,"href":"https:\/\/www.rengoenlanoticia.cl\/prensa\/wp-json\/wp\/v2\/posts\/3862\/revisions"}],"predecessor-version":[{"id":3887,"href":"https:\/\/www.rengoenlanoticia.cl\/prensa\/wp-json\/wp\/v2\/posts\/3862\/revisions\/3887"}],"wp:featuredmedia":[{"embeddable":true,"href":"https:\/\/www.rengoenlanoticia.cl\/prensa\/wp-json\/wp\/v2\/media\/3876"}],"wp:attachment":[{"href":"https:\/\/www.rengoenlanoticia.cl\/prensa\/wp-json\/wp\/v2\/media?parent=3862"}],"wp:term":[{"taxonomy":"category","embeddable":true,"href":"https:\/\/www.rengoenlanoticia.cl\/prensa\/wp-json\/wp\/v2\/categories?post=3862"},{"taxonomy":"post_tag","embeddable":true,"href":"https:\/\/www.rengoenlanoticia.cl\/prensa\/wp-json\/wp\/v2\/tags?post=3862"}],"curies":[{"name":"wp","href":"https:\/\/api.w.org\/{rel}","templated":true}]}}