{"id":3861,"date":"2025-06-19T00:27:06","date_gmt":"2025-06-19T00:27:06","guid":{"rendered":"https:\/\/www.rengoenlanoticia.cl\/prensa\/?p=3861"},"modified":"2025-06-19T00:27:10","modified_gmt":"2025-06-19T00:27:10","slug":"seremi-de-salud-refuerza-llamado-a-vacunarse-contra-la-influenza-en-poblacion-vulnerable-ante-la-llegada-del-invierno","status":"publish","type":"post","link":"https:\/\/www.rengoenlanoticia.cl\/prensa\/2025\/06\/19\/seremi-de-salud-refuerza-llamado-a-vacunarse-contra-la-influenza-en-poblacion-vulnerable-ante-la-llegada-del-invierno\/","title":{"rendered":"Seremi de Salud refuerza llamado a vacunarse contra la Influenza en poblaci\u00f3n vulnerable ante la llegada del invierno"},"content":{"rendered":"\n<p>A puertas del inicio del invierno y en medio de una temporada marcada por bajas temperaturas, la Seremi de Salud de la Regi\u00f3n de O\u2019Higgins, Dra. Carolina Torres Pinto, reforz\u00f3 el llamado a vacunarse contra la Influenza, especialmente en los grupos m\u00e1s vulnerables, como las personas en situaci\u00f3n de calle. Para cumplir con la protecci\u00f3n de la salud de las personas se realiz\u00f3 una jornada de vacunaci\u00f3n en una residencia de la Fundaci\u00f3n Caritas de Rancagua.<\/p>\n\n\n\n<p>\u201cEstamos viviendo d\u00edas bastante complejos, de mucho fr\u00edo, con lluvia. Estamos inmunizando a personas que est\u00e1n protegidas desde una vulnerabilidad que tiene que ver con la situaci\u00f3n de calle\u201d, se\u00f1al\u00f3 la Autoridad Sanitaria durante un operativo de vacunaci\u00f3n en terreno.<\/p>\n\n\n\n<p>Asimismo, la titular de la cartera de Salud regional manifest\u00f3 que \u201cpara nosotros es s\u00faper relevante trabajar con estos grupos que son particularmente sensibles, y por tanto invitamos a las personas que est\u00e1n viviendo situaci\u00f3n de calle a estar inmunizadas, a acercarse a los establecimientos. Nosotros estamos haciendo tambi\u00e9n operativos en los lugares en donde sabemos que se identifican, pero de igual modo es una poblaci\u00f3n a la que queremos llegar tempranamente\u201d.<\/p>\n\n\n\n<p>Actualmente, la regi\u00f3n registra una cobertura de vacunaci\u00f3n del 74%, lo que representa a m\u00e1s de 434.000 personas inmunizadas. Sin embargo, a\u00fan quedan alrededor de 110.000 personas que no han recibido su dosis, situaci\u00f3n que preocupa a las autoridades por el aumento esperado de circulaci\u00f3n viral en las pr\u00f3ximas semanas.<\/p>\n\n\n\n<p>La Seremi tambi\u00e9n hizo un llamado a las familias a aprovechar el periodo de vacaciones de invierno para acudir a vacunarse, especialmente ni\u00f1os, adultos mayores y personas con enfermedades cr\u00f3nicas, evitando as\u00ed complicaciones graves e incluso fallecimientos a causa del virus.<\/p>\n","protected":false},"excerpt":{"rendered":"A puertas del inicio del invierno y en medio de una temporada marcada por bajas temperaturas, la Seremi&hellip;\n","protected":false},"author":1,"featured_media":3872,"comment_status":"open","ping_status":"open","sticky":false,"template":"","format":"standard","meta":{"_monsterinsights_skip_tracking":false,"_monsterinsights_sitenote_active":false,"_monsterinsights_sitenote_note":"","_monsterinsights_sitenote_category":0,"footnotes":""},"categories":[8],"tags":[],"class_list":{"0":"post-3861","1":"post","2":"type-post","3":"status-publish","4":"format-standard","5":"has-post-thumbnail","7":"category-portada"},"aioseo_notices":[],"_links":{"self":[{"href":"https:\/\/www.rengoenlanoticia.cl\/prensa\/wp-json\/wp\/v2\/posts\/3861","targetHints":{"allow":["GET"]}}],"collection":[{"href":"https:\/\/www.rengoenlanoticia.cl\/prensa\/wp-json\/wp\/v2\/posts"}],"about":[{"href":"https:\/\/www.rengoenlanoticia.cl\/prensa\/wp-json\/wp\/v2\/types\/post"}],"author":[{"embeddable":true,"href":"https:\/\/www.rengoenlanoticia.cl\/prensa\/wp-json\/wp\/v2\/users\/1"}],"replies":[{"embeddable":true,"href":"https:\/\/www.rengoenlanoticia.cl\/prensa\/wp-json\/wp\/v2\/comments?post=3861"}],"version-history":[{"count":3,"href":"https:\/\/www.rengoenlanoticia.cl\/prensa\/wp-json\/wp\/v2\/posts\/3861\/revisions"}],"predecessor-version":[{"id":3885,"href":"https:\/\/www.rengoenlanoticia.cl\/prensa\/wp-json\/wp\/v2\/posts\/3861\/revisions\/3885"}],"wp:featuredmedia":[{"embeddable":true,"href":"https:\/\/www.rengoenlanoticia.cl\/prensa\/wp-json\/wp\/v2\/media\/3872"}],"wp:attachment":[{"href":"https:\/\/www.rengoenlanoticia.cl\/prensa\/wp-json\/wp\/v2\/media?parent=3861"}],"wp:term":[{"taxonomy":"category","embeddable":true,"href":"https:\/\/www.rengoenlanoticia.cl\/prensa\/wp-json\/wp\/v2\/categories?post=3861"},{"taxonomy":"post_tag","embeddable":true,"href":"https:\/\/www.rengoenlanoticia.cl\/prensa\/wp-json\/wp\/v2\/tags?post=3861"}],"curies":[{"name":"wp","href":"https:\/\/api.w.org\/{rel}","templated":true}]}}