{"id":3860,"date":"2025-06-18T23:47:24","date_gmt":"2025-06-18T23:47:24","guid":{"rendered":"https:\/\/www.rengoenlanoticia.cl\/prensa\/?p=3860"},"modified":"2025-06-19T00:24:23","modified_gmt":"2025-06-19T00:24:23","slug":"hospital-de-chimbarongo-rinde-cuenta-publica-con-foco-en-transparencia-participacion-ciudadana-y-avances-concretos-en-salud","status":"publish","type":"post","link":"https:\/\/www.rengoenlanoticia.cl\/prensa\/2025\/06\/18\/hospital-de-chimbarongo-rinde-cuenta-publica-con-foco-en-transparencia-participacion-ciudadana-y-avances-concretos-en-salud\/","title":{"rendered":"Hospital de Chimbarongo rinde cuenta p\u00fablica con foco en transparencia, participaci\u00f3n ciudadana y avances concretos en salud"},"content":{"rendered":"\n<p>\u00b7&nbsp;&nbsp;&nbsp;&nbsp;&nbsp;&nbsp;&nbsp;&nbsp;&nbsp;&nbsp;Autoridades del Servicio de Salud O&#8217;Higgins, representantes de la comunidad organizada y el equipo del Hospital de Chimbarongo destacaron el valor de esta instancia como espacio de di\u00e1logo, rendici\u00f3n de cuentas y compromiso con una atenci\u00f3n m\u00e1s cercana y resolutiva&nbsp;.<\/p>\n\n\n\n<p><em>Chimbarongo, 18 de junio de 2025-.<\/em>&nbsp;En una ceremonia marcada por el orgullo institucional y el reconocimiento ciudadano, el Hospital de Chimbarongo \u2014con 119 a\u00f1os de historia\u2014 present\u00f3 su cuenta p\u00fablica correspondiente a la gesti\u00f3n 2024. La instancia no s\u00f3lo permiti\u00f3 compartir avances y desaf\u00edos del establecimiento, sino tambi\u00e9n fortalecer la relaci\u00f3n entre el hospital, su comunidad usuaria y la red asistencial.<\/p>\n\n\n\n<p>La directora del recinto, Ang\u00e9lica Seguel se\u00f1al\u00f3 que \u00abtransparentar nuestra administraci\u00f3n nos llena de orgullo, porque hoy mostramos avances en la mejora de nuestra salud, de nuestro Chimbarongo. Para m\u00ed es un total honor poder estar detr\u00e1s de este trabajo tremendo que ha hecho este equipo de salud que me acompa\u00f1a d\u00eda a d\u00eda\u00bb.<\/p>\n\n\n\n<figure class=\"wp-block-image size-large\"><img loading=\"lazy\" decoding=\"async\" width=\"1024\" height=\"768\" src=\"https:\/\/www.rengoenlanoticia.cl\/prensa\/wp-content\/uploads\/2025\/06\/CP-Chimbarongo-1-1024x768.jpeg\" alt=\"\" class=\"wp-image-3873\" srcset=\"https:\/\/www.rengoenlanoticia.cl\/prensa\/wp-content\/uploads\/2025\/06\/CP-Chimbarongo-1-1024x768.jpeg 1024w, https:\/\/www.rengoenlanoticia.cl\/prensa\/wp-content\/uploads\/2025\/06\/CP-Chimbarongo-1-300x225.jpeg 300w, https:\/\/www.rengoenlanoticia.cl\/prensa\/wp-content\/uploads\/2025\/06\/CP-Chimbarongo-1-768x576.jpeg 768w, https:\/\/www.rengoenlanoticia.cl\/prensa\/wp-content\/uploads\/2025\/06\/CP-Chimbarongo-1-1536x1152.jpeg 1536w, https:\/\/www.rengoenlanoticia.cl\/prensa\/wp-content\/uploads\/2025\/06\/CP-Chimbarongo-1-2048x1536.jpeg 2048w, https:\/\/www.rengoenlanoticia.cl\/prensa\/wp-content\/uploads\/2025\/06\/CP-Chimbarongo-1-110x83.jpeg 110w, https:\/\/www.rengoenlanoticia.cl\/prensa\/wp-content\/uploads\/2025\/06\/CP-Chimbarongo-1-200x150.jpeg 200w, https:\/\/www.rengoenlanoticia.cl\/prensa\/wp-content\/uploads\/2025\/06\/CP-Chimbarongo-1-380x285.jpeg 380w, https:\/\/www.rengoenlanoticia.cl\/prensa\/wp-content\/uploads\/2025\/06\/CP-Chimbarongo-1-255x191.jpeg 255w, https:\/\/www.rengoenlanoticia.cl\/prensa\/wp-content\/uploads\/2025\/06\/CP-Chimbarongo-1-550x413.jpeg 550w, https:\/\/www.rengoenlanoticia.cl\/prensa\/wp-content\/uploads\/2025\/06\/CP-Chimbarongo-1-800x600.jpeg 800w, https:\/\/www.rengoenlanoticia.cl\/prensa\/wp-content\/uploads\/2025\/06\/CP-Chimbarongo-1-1160x870.jpeg 1160w, https:\/\/www.rengoenlanoticia.cl\/prensa\/wp-content\/uploads\/2025\/06\/CP-Chimbarongo-1-scaled.jpeg 2560w\" sizes=\"auto, (max-width: 1024px) 100vw, 1024px\" \/><\/figure>\n\n\n\n<p>Por su parte, la doctora Alejandra Reyes, coordinadora de hospitales de base comunitaria, en representaci\u00f3n del Director del Servicio de Salud O&#8217;Higgins, destac\u00f3 el valor estrat\u00e9gico del establecimiento: \u00abEs un privilegio visitar el Hospital de Chimbarongo. Tiene una infraestructura que otorga dignidad a la atenci\u00f3n de los usuarios y es el \u00fanico hospital de base comunitaria que est\u00e1 normalizado. Ha sido una cuenta p\u00fablica muy completa, desafiante y honesta, donde se reconocen los avances y tambi\u00e9n lo que se puede mejorar. No me cabe duda de que la participaci\u00f3n de la sociedad civil ayudar\u00e1 a que este hospital siga mejorando sus cifras\u201d.<\/p>\n\n\n\n<p>La comunidad organizada tambi\u00e9n fue parte activa de la jornada. Patricia S\u00e1nchez, presidenta del Consejo de Desarrollo Local y representante del COSOC del Servicio de Salud O&#8217;Higgins, valor\u00f3 la calidad de la presentaci\u00f3n y el impacto que ha tenido el hospital en su entorno. \u00abSi lo comparamos con lo que era antes, hoy tenemos un mega hospital, con un equipo humano acogedor y comprometido. Esta cuenta p\u00fablica fue clara y precisa. La comunidad se fue m\u00e1s informada y con buenas vibraciones para seguir trabajando desde ya\u00bb.<\/p>\n\n\n\n<p>El Hospital de Chimbarongo, establecimiento de baja complejidad, atiende a m\u00e1s de 38 mil personas cada a\u00f1o, con m\u00e1s de 12 mil atenciones m\u00e9dicas, 36 mil atenciones de urgencia y m\u00e1s de 44 mil prestaciones en programas de salud primaria. Detr\u00e1s de estas cifras hay un trabajo constante por parte de un equipo humano comprometido con entregar una atenci\u00f3n digna, eficiente y centrada en las personas.<\/p>\n\n\n\n<p>Durante la cuenta p\u00fablica, se destacaron dos avances que reflejan ese compromiso como son la Sala de espera diferenciada para pacientes con Trastorno del Espectro Autista (TEA): Esta iniciativa en el Servicio de Urgencia, junto con la entrega de kits sensoriales para atenci\u00f3n odontol\u00f3gica infantil y jornadas de sensibilizaci\u00f3n comunitaria, busca una atenci\u00f3n m\u00e1s adecuada e inclusiva.<\/p>\n\n\n\n<p>Asimismo, se dio a conocer los trabajos realizados para la Habilitaci\u00f3n del Pabell\u00f3n de Cirug\u00eda Menor que ha permitido retomar los procedimientos locales y colaborar con el Hospital de San Fernando en la disminuci\u00f3n de listas de espera, fortaleciendo el trabajo en red dentro del sistema p\u00fablico de salud.<\/p>\n\n\n\n<p>Como subrayaron las autoridades presentes, la cuenta p\u00fablica va m\u00e1s all\u00e1 de presentar cifras. \u201cEs un ejercicio de transparencia, un espacio de di\u00e1logo ciudadano, y una oportunidad para reforzar nuestro compromiso con la salud p\u00fablica, con la equidad y con las personas\u201d, fue uno de los mensajes centrales de la ceremonia.<\/p>\n\n\n\n<p>El compromiso del hospital con su comunidad se traduce no solo en mejoras t\u00e9cnicas, sino tambi\u00e9n en una cultura de participaci\u00f3n y colaboraci\u00f3n activa con los usuarios y sus organizaciones.<\/p>\n\n\n\n<p>\u201cCada d\u00eda vamos llen\u00e1ndonos de nuevos objetivos\u201d, agreg\u00f3 la directora Seguel. \u00abLa intenci\u00f3n siempre es mejorar la salud para nuestros ciudadanos. Nos vamos satisfechos, pero tambi\u00e9n con nuevos desaf\u00edos por delante\u00bb.<\/p>\n\n\n\n<p>La jornada cerr\u00f3 con un renovado compromiso por parte del equipo del Hospital de Chimbarongo, el Servicio de Salud O&#8217;Higgins y la comunidad organizada para seguir avanzando en una salud p\u00fablica m\u00e1s justa, inclusiva y humana.<\/p>\n","protected":false},"excerpt":{"rendered":"\u00b7&nbsp;&nbsp;&nbsp;&nbsp;&nbsp;&nbsp;&nbsp;&nbsp;&nbsp;&nbsp;Autoridades del Servicio de Salud O&#8217;Higgins, representantes de la comunidad organizada y el equipo del Hospital de Chimbarongo&hellip;\n","protected":false},"author":1,"featured_media":3869,"comment_status":"open","ping_status":"open","sticky":false,"template":"","format":"standard","meta":{"_monsterinsights_skip_tracking":false,"_monsterinsights_sitenote_active":false,"_monsterinsights_sitenote_note":"","_monsterinsights_sitenote_category":0,"footnotes":""},"categories":[11,8],"tags":[],"class_list":{"0":"post-3860","1":"post","2":"type-post","3":"status-publish","4":"format-standard","5":"has-post-thumbnail","7":"category-politica","8":"category-portada"},"aioseo_notices":[],"_links":{"self":[{"href":"https:\/\/www.rengoenlanoticia.cl\/prensa\/wp-json\/wp\/v2\/posts\/3860","targetHints":{"allow":["GET"]}}],"collection":[{"href":"https:\/\/www.rengoenlanoticia.cl\/prensa\/wp-json\/wp\/v2\/posts"}],"about":[{"href":"https:\/\/www.rengoenlanoticia.cl\/prensa\/wp-json\/wp\/v2\/types\/post"}],"author":[{"embeddable":true,"href":"https:\/\/www.rengoenlanoticia.cl\/prensa\/wp-json\/wp\/v2\/users\/1"}],"replies":[{"embeddable":true,"href":"https:\/\/www.rengoenlanoticia.cl\/prensa\/wp-json\/wp\/v2\/comments?post=3860"}],"version-history":[{"count":3,"href":"https:\/\/www.rengoenlanoticia.cl\/prensa\/wp-json\/wp\/v2\/posts\/3860\/revisions"}],"predecessor-version":[{"id":3883,"href":"https:\/\/www.rengoenlanoticia.cl\/prensa\/wp-json\/wp\/v2\/posts\/3860\/revisions\/3883"}],"wp:featuredmedia":[{"embeddable":true,"href":"https:\/\/www.rengoenlanoticia.cl\/prensa\/wp-json\/wp\/v2\/media\/3869"}],"wp:attachment":[{"href":"https:\/\/www.rengoenlanoticia.cl\/prensa\/wp-json\/wp\/v2\/media?parent=3860"}],"wp:term":[{"taxonomy":"category","embeddable":true,"href":"https:\/\/www.rengoenlanoticia.cl\/prensa\/wp-json\/wp\/v2\/categories?post=3860"},{"taxonomy":"post_tag","embeddable":true,"href":"https:\/\/www.rengoenlanoticia.cl\/prensa\/wp-json\/wp\/v2\/tags?post=3860"}],"curies":[{"name":"wp","href":"https:\/\/api.w.org\/{rel}","templated":true}]}}