{"id":3859,"date":"2025-06-19T00:18:50","date_gmt":"2025-06-19T00:18:50","guid":{"rendered":"https:\/\/www.rengoenlanoticia.cl\/prensa\/?p=3859"},"modified":"2025-06-19T00:18:51","modified_gmt":"2025-06-19T00:18:51","slug":"hospital-de-san-vicente-destaca-sus-avances-2024-en-emotiva-cuenta-publica","status":"publish","type":"post","link":"https:\/\/www.rengoenlanoticia.cl\/prensa\/2025\/06\/19\/hospital-de-san-vicente-destaca-sus-avances-2024-en-emotiva-cuenta-publica\/","title":{"rendered":"Hospital de San Vicente destaca sus avances 2024 en emotiva Cuenta P\u00fablica"},"content":{"rendered":"\n<p>Con presencia de autoridades regionales, locales, funcionarios, representantes de la comunidad y usuarios, el Hospital de San Vicente realiz\u00f3 su Cuenta P\u00fablica Participativa 2024, instancia en la que se destacaron los principales logros y avances alcanzados por el establecimiento en el \u00faltimo a\u00f1o.<\/p>\n\n\n\n<p>Durante la ceremonia, el director del hospital, Aldo Diez de Medina, expres\u00f3 que \u00abnos enorgullece poder mostrar nuestros avances, nuestros logros y los \u00e9xitos que hemos obtenido a trav\u00e9s de los a\u00f1os. Hoy en d\u00eda tenemos un hospital renovado, muy eficiente y muy productivo, esperando siempre estar a la altura de los desaf\u00edos que tenemos como establecimiento de la red asistencial de O&#8217;Higgins\u00bb.<\/p>\n\n\n\n<p>Entre los datos destacados en la exposici\u00f3n se subray\u00f3 que durante el a\u00f1o 2024, se realizaron 1.324 cirug\u00edas, de las cuales 435 fueron GES. El establecimiento mantuvo una alta ocupaci\u00f3n de camas y fortaleci\u00f3 \u00e1reas estrat\u00e9gicas como la rehabilitaci\u00f3n, salud mental, cirug\u00eda menor y hospitalizaci\u00f3n domiciliaria.<\/p>\n\n\n\n<p>La Dra. Alejandra Reyes, Coordinadora de Hospitales de Base Comunitaria de la Subdirecci\u00f3n de Gesti\u00f3n Asistencial, particip\u00f3 de la instancia en representaci\u00f3n del director del Servicio de Salud O&#8217;Higgins, Jaime Guti\u00e9rrez, y valor\u00f3 el impacto regional del recinto afirmando que \u201ces un orgullo poder ver como el Hospital de San Vicente no resuelve solamente cosas de la micro\u00e1rea carretera de la fruta, sino que tambi\u00e9n pone su obra y su arte a disposici\u00f3n de toda la regi\u00f3n\u201d, destacando que solo en colecistectom\u00edas GES, el Hospital de San Vicente aport\u00f3 el 50% del total regional.<\/p>\n\n\n\n<figure class=\"wp-block-image size-full\"><img loading=\"lazy\" decoding=\"async\" width=\"1024\" height=\"654\" src=\"https:\/\/www.rengoenlanoticia.cl\/prensa\/wp-content\/uploads\/2025\/06\/CP-San-Vicente-1-1.jpeg\" alt=\"\" class=\"wp-image-3866\" srcset=\"https:\/\/www.rengoenlanoticia.cl\/prensa\/wp-content\/uploads\/2025\/06\/CP-San-Vicente-1-1.jpeg 1024w, https:\/\/www.rengoenlanoticia.cl\/prensa\/wp-content\/uploads\/2025\/06\/CP-San-Vicente-1-1-300x192.jpeg 300w, https:\/\/www.rengoenlanoticia.cl\/prensa\/wp-content\/uploads\/2025\/06\/CP-San-Vicente-1-1-768x491.jpeg 768w, https:\/\/www.rengoenlanoticia.cl\/prensa\/wp-content\/uploads\/2025\/06\/CP-San-Vicente-1-1-110x70.jpeg 110w, https:\/\/www.rengoenlanoticia.cl\/prensa\/wp-content\/uploads\/2025\/06\/CP-San-Vicente-1-1-200x128.jpeg 200w, https:\/\/www.rengoenlanoticia.cl\/prensa\/wp-content\/uploads\/2025\/06\/CP-San-Vicente-1-1-380x243.jpeg 380w, https:\/\/www.rengoenlanoticia.cl\/prensa\/wp-content\/uploads\/2025\/06\/CP-San-Vicente-1-1-255x163.jpeg 255w, https:\/\/www.rengoenlanoticia.cl\/prensa\/wp-content\/uploads\/2025\/06\/CP-San-Vicente-1-1-550x351.jpeg 550w, https:\/\/www.rengoenlanoticia.cl\/prensa\/wp-content\/uploads\/2025\/06\/CP-San-Vicente-1-1-800x511.jpeg 800w\" sizes=\"auto, (max-width: 1024px) 100vw, 1024px\" \/><\/figure>\n\n\n\n<p>En tanto, el alcalde de San Vicente, Guido Carre\u00f1o, destac\u00f3 el trabajo conjunto con el recinto asistencial y la importancia de su cobertura territorial, expresando que \u00abnos motiva mucho a seguir trabajando en conjunto. La cantidad de prestaciones de servicios que tiene, tanto para los sanvicentanos como para las comunas vecinas, sin duda tambi\u00e9n nos pone a trabajar con m\u00e1s ganas para seguir mejorando la salud de todos\u00bb.<\/p>\n\n\n\n<p>Tambi\u00e9n tuvo palabras de reconocimiento la presidenta del Consejo de Desarrollo del Hospital, Mar\u00eda Ang\u00e9lica Fuentes, quien valor\u00f3 los resultados en funci\u00f3n de la realidad presupuestaria. \u00abMirando los recursos que tenemos como hospital de baja complejidad, de verdad que me asombra los resultados, sobre todo en cirug\u00eda. Me gusta mucho la mirada que tiene, digamos, todo este equipo administrativo\u00bb, puntualiz\u00f3.<\/p>\n\n\n\n<p>Entre las inversiones relevantes, se destacan mejoras de infraestructura, adquisici\u00f3n de equipamiento cl\u00ednico y aumento en recursos humanos, todo ello enmarcado en un fuerte compromiso institucional con la excelencia, la eficiencia y el trabajo en red.<\/p>\n","protected":false},"excerpt":{"rendered":"Con presencia de autoridades regionales, locales, funcionarios, representantes de la comunidad y usuarios, el Hospital de San Vicente&hellip;\n","protected":false},"author":1,"featured_media":3865,"comment_status":"open","ping_status":"open","sticky":false,"template":"","format":"standard","meta":{"_monsterinsights_skip_tracking":false,"_monsterinsights_sitenote_active":false,"_monsterinsights_sitenote_note":"","_monsterinsights_sitenote_category":0,"footnotes":""},"categories":[8],"tags":[],"class_list":{"0":"post-3859","1":"post","2":"type-post","3":"status-publish","4":"format-standard","5":"has-post-thumbnail","7":"category-portada"},"aioseo_notices":[],"_links":{"self":[{"href":"https:\/\/www.rengoenlanoticia.cl\/prensa\/wp-json\/wp\/v2\/posts\/3859","targetHints":{"allow":["GET"]}}],"collection":[{"href":"https:\/\/www.rengoenlanoticia.cl\/prensa\/wp-json\/wp\/v2\/posts"}],"about":[{"href":"https:\/\/www.rengoenlanoticia.cl\/prensa\/wp-json\/wp\/v2\/types\/post"}],"author":[{"embeddable":true,"href":"https:\/\/www.rengoenlanoticia.cl\/prensa\/wp-json\/wp\/v2\/users\/1"}],"replies":[{"embeddable":true,"href":"https:\/\/www.rengoenlanoticia.cl\/prensa\/wp-json\/wp\/v2\/comments?post=3859"}],"version-history":[{"count":3,"href":"https:\/\/www.rengoenlanoticia.cl\/prensa\/wp-json\/wp\/v2\/posts\/3859\/revisions"}],"predecessor-version":[{"id":3880,"href":"https:\/\/www.rengoenlanoticia.cl\/prensa\/wp-json\/wp\/v2\/posts\/3859\/revisions\/3880"}],"wp:featuredmedia":[{"embeddable":true,"href":"https:\/\/www.rengoenlanoticia.cl\/prensa\/wp-json\/wp\/v2\/media\/3865"}],"wp:attachment":[{"href":"https:\/\/www.rengoenlanoticia.cl\/prensa\/wp-json\/wp\/v2\/media?parent=3859"}],"wp:term":[{"taxonomy":"category","embeddable":true,"href":"https:\/\/www.rengoenlanoticia.cl\/prensa\/wp-json\/wp\/v2\/categories?post=3859"},{"taxonomy":"post_tag","embeddable":true,"href":"https:\/\/www.rengoenlanoticia.cl\/prensa\/wp-json\/wp\/v2\/tags?post=3859"}],"curies":[{"name":"wp","href":"https:\/\/api.w.org\/{rel}","templated":true}]}}