{"id":3854,"date":"2025-06-18T12:59:43","date_gmt":"2025-06-18T12:59:43","guid":{"rendered":"https:\/\/www.rengoenlanoticia.cl\/prensa\/?p=3854"},"modified":"2025-06-18T12:59:45","modified_gmt":"2025-06-18T12:59:45","slug":"despues-de-12-anos-al-fin-pensamos-en-los-ninos-diputada-natalia-romero-valora-historica-aprobacion-de-la-reforma-a-la-ley-de-adopcion","status":"publish","type":"post","link":"https:\/\/www.rengoenlanoticia.cl\/prensa\/2025\/06\/18\/despues-de-12-anos-al-fin-pensamos-en-los-ninos-diputada-natalia-romero-valora-historica-aprobacion-de-la-reforma-a-la-ley-de-adopcion\/","title":{"rendered":"\u201cDespu\u00e9s de 12 a\u00f1os, al fin pensamos en los ni\u00f1os\u201d: Diputada Natalia Romero valora hist\u00f3rica aprobaci\u00f3n de la reforma a la ley de adopci\u00f3n"},"content":{"rendered":"\n<p>La parlamentaria asegur\u00f3 que esta reforma representa un acto de justicia con miles de menores que han esperado demasiado tiempo por una familia y que merecen crecer en un entorno de amor y protecci\u00f3n.<\/p>\n\n\n\n<p>Con una votaci\u00f3n de 98 a favor, 19 en contra y 11 abstenciones, la C\u00e1mara de Diputadas y Diputados aprob\u00f3 este lunes la reforma integral al sistema de adopci\u00f3n en Chile, una iniciativa largamente postergada que llevaba m\u00e1s de una d\u00e9cada de tramitaci\u00f3n y que ahora qued\u00f3 lista para su promulgaci\u00f3n por parte del Ejecutivo.<\/p>\n\n\n\n<p>Una de las voces que celebr\u00f3 con fuerza este hito fue la diputada Natalia Romero, integrante de la Comisi\u00f3n de Familia, quien destac\u00f3 que la aprobaci\u00f3n de la iniciativa representa un avance significativo para garantizar el inter\u00e9s superior de los ni\u00f1os y adolescentes.<\/p>\n\n\n\n<p>\u00abDespu\u00e9s de 12 a\u00f1os, al fin pusimos en el centro a los ni\u00f1os. Esta no es una victoria pol\u00edtica, es un acto de justicia con miles de menores que han pasado a\u00f1os esperando por una familia que los abrace, los cuide y les d\u00e9 la oportunidad de crecer con amor y protecci\u00f3n. No pod\u00edamos seguir fall\u00e1ndoles como Estado\u201d, se\u00f1al\u00f3 la diputada Romero.<\/p>\n\n\n\n<p>La parlamentaria valor\u00f3 que el proyecto incorpore plazos concretos para trabajar con la familia de origen \u2014con un m\u00e1ximo de 12 meses antes de evaluar la adoptabilidad\u2014, as\u00ed como la eliminaci\u00f3n de normas que antes discriminaban por estado civil u orientaci\u00f3n sexual, permitiendo que m\u00e1s personas puedan postular a la adopci\u00f3n bajo criterios centrados en las capacidades parentales y el bienestar del ni\u00f1o.<\/p>\n\n\n\n<p>\u201cChile ten\u00eda una deuda enorme en materia de adopci\u00f3n, y con esta ley damos una se\u00f1al clara: todos los ni\u00f1os merecen una familia, sin distinci\u00f3n. Hoy avanzamos hacia un sistema m\u00e1s justo, m\u00e1s humano y verdaderamente centrado en sus derechos\u201d, a\u00f1adi\u00f3.<\/p>\n\n\n\n<p>La reforma fue respaldada por una amplia mayor\u00eda parlamentaria. Ahora, el proyecto queda listo para ser promulgado.<\/p>\n\n\n\n<p>\u201cHoy dimos una se\u00f1al clara como pa\u00eds: ning\u00fan ni\u00f1o debe crecer sinti\u00e9ndose solo o sin un hogar. Esta ley no borra el pasado, pero s\u00ed abre una puerta de esperanza para que miles de ni\u00f1os tengan, al fin, la oportunidad de ser parte de una familia que los ame y los acompa\u00f1e toda la vida\u00bb, cerr\u00f3 la legisladora.<\/p>\n","protected":false},"excerpt":{"rendered":"La parlamentaria asegur\u00f3 que esta reforma representa un acto de justicia con miles de menores que han esperado&hellip;\n","protected":false},"author":1,"featured_media":3855,"comment_status":"open","ping_status":"open","sticky":false,"template":"","format":"standard","meta":{"_monsterinsights_skip_tracking":false,"_monsterinsights_sitenote_active":false,"_monsterinsights_sitenote_note":"","_monsterinsights_sitenote_category":0,"footnotes":""},"categories":[11,8],"tags":[],"class_list":{"0":"post-3854","1":"post","2":"type-post","3":"status-publish","4":"format-standard","5":"has-post-thumbnail","7":"category-politica","8":"category-portada"},"aioseo_notices":[],"_links":{"self":[{"href":"https:\/\/www.rengoenlanoticia.cl\/prensa\/wp-json\/wp\/v2\/posts\/3854","targetHints":{"allow":["GET"]}}],"collection":[{"href":"https:\/\/www.rengoenlanoticia.cl\/prensa\/wp-json\/wp\/v2\/posts"}],"about":[{"href":"https:\/\/www.rengoenlanoticia.cl\/prensa\/wp-json\/wp\/v2\/types\/post"}],"author":[{"embeddable":true,"href":"https:\/\/www.rengoenlanoticia.cl\/prensa\/wp-json\/wp\/v2\/users\/1"}],"replies":[{"embeddable":true,"href":"https:\/\/www.rengoenlanoticia.cl\/prensa\/wp-json\/wp\/v2\/comments?post=3854"}],"version-history":[{"count":3,"href":"https:\/\/www.rengoenlanoticia.cl\/prensa\/wp-json\/wp\/v2\/posts\/3854\/revisions"}],"predecessor-version":[{"id":3858,"href":"https:\/\/www.rengoenlanoticia.cl\/prensa\/wp-json\/wp\/v2\/posts\/3854\/revisions\/3858"}],"wp:featuredmedia":[{"embeddable":true,"href":"https:\/\/www.rengoenlanoticia.cl\/prensa\/wp-json\/wp\/v2\/media\/3855"}],"wp:attachment":[{"href":"https:\/\/www.rengoenlanoticia.cl\/prensa\/wp-json\/wp\/v2\/media?parent=3854"}],"wp:term":[{"taxonomy":"category","embeddable":true,"href":"https:\/\/www.rengoenlanoticia.cl\/prensa\/wp-json\/wp\/v2\/categories?post=3854"},{"taxonomy":"post_tag","embeddable":true,"href":"https:\/\/www.rengoenlanoticia.cl\/prensa\/wp-json\/wp\/v2\/tags?post=3854"}],"curies":[{"name":"wp","href":"https:\/\/api.w.org\/{rel}","templated":true}]}}