{"id":3848,"date":"2025-06-17T23:17:08","date_gmt":"2025-06-17T23:17:08","guid":{"rendered":"https:\/\/www.rengoenlanoticia.cl\/prensa\/?p=3848"},"modified":"2025-06-17T23:17:10","modified_gmt":"2025-06-17T23:17:10","slug":"senador-castro-por-caso-que-involucra-a-concejala-en-graneros-fue-una-accion-maliciosa-y-deben-aplicar-todas-las-penas-que-corresponden","status":"publish","type":"post","link":"https:\/\/www.rengoenlanoticia.cl\/prensa\/2025\/06\/17\/senador-castro-por-caso-que-involucra-a-concejala-en-graneros-fue-una-accion-maliciosa-y-deben-aplicar-todas-las-penas-que-corresponden\/","title":{"rendered":"Senador Castro por caso que involucra a concejala en Graneros: \u201cFue una acci\u00f3n maliciosa y deben aplicar todas las penas que corresponden\u201d"},"content":{"rendered":"\n<p><\/p>\n\n\n\n<p><em>El parlamentario, pidi\u00f3 llegar hasta la final en la investigaci\u00f3n y advirti\u00f3 que este tipo de acciones no se cometen en solitario, por lo que deben identificarse y sancionar tambi\u00e9n a los posibles c\u00f3mplices y encubridores.<\/em><\/p>\n\n\n\n<p>El senador por la regi\u00f3n de O&#8217;Higgins, Juan Luis Castro, se refiri\u00f3 a la denuncia presentada por la Municipalidad de Graneros ante el Ministerio P\u00fablico por la presunta falsificaci\u00f3n de licencias m\u00e9dicas en la que estar\u00eda involucrada una concejala de la comuna.<\/p>\n\n\n\n<p>La investigaci\u00f3n, iniciada tras una fiscalizaci\u00f3n interna del municipio, detect\u00f3 que se continuaban emitiendo certificados m\u00e9dicos utilizando la identidad de un profesional de la salud fallecido en 2019. Esta irregularidad fue calificada como un \u201cacto de alt\u00edsima gravedad\u201d por parte del alcalde Marcelo Ma\u00f1a\u00f1ir, quien asegur\u00f3 que ya se entregaron todos los antecedentes a la Fiscal\u00eda.<\/p>\n\n\n\n<p>Al respecto, el fiscal jefe de Alta Complejidad de O&#8217;Higgins, Javier von Bischoffshausen, confirm\u00f3 que se han incautado pruebas en al menos dos domicilios y que se indagan delitos de falsificaci\u00f3n y uso de certificados m\u00e9dicos, as\u00ed como fraude en la percepci\u00f3n de remuneraciones.<\/p>\n\n\n\n<p>En ese contexto, el senador Juan Luis Castro expres\u00f3 con dureza: \u201cEl caso ocurrido en Graneros de una suplantaci\u00f3n y falsificaci\u00f3n de los datos de un m\u00e9dico fallecido, constituye una falta muy grave, porque no s\u00f3lo es una acci\u00f3n maliciosa, supuestamente para acreditar la ausencia a sesiones de trabajo que luego son remuneradas y que es la tarea de un concejal en ejercicio, sino que adem\u00e1s incurre en una falta de respeto a la ciudadan\u00eda que honra la memoria de un profesional fallecido y aqu\u00ed se manipulan de manera grosera los datos para seguir actuando en la impunidad sobre la base de una certificaci\u00f3n maliciosa\u201d.<\/p>\n\n\n\n<p>\u201cEsto, la verdad, no tiene nombre y por lo tanto todas las penas que corresponden y que la Fiscal\u00eda termina de indagar a los c\u00f3mplices y encubridores, porque estas cosas no se hacen solitariamente, y eso va a determinar c\u00f3mo se ha llegado a tal l\u00edmite de la p\u00e9rdida de la probidad y la \u00e9tica en materia de la acci\u00f3n p\u00fablica\u201d, sentenci\u00f3.<\/p>\n\n\n\n<p>Finalmente, el parlamentario valor\u00f3 la r\u00e1pida acci\u00f3n del Ministerio P\u00fablico para esclarecer los hechos, y reiter\u00f3 que \u201cla funci\u00f3n p\u00fablica no puede tolerar este tipo de fraudes que lesionan la confianza ciudadana y vulneran la dignidad de los servidores honestos\u201d.<\/p>\n","protected":false},"excerpt":{"rendered":"El parlamentario, pidi\u00f3 llegar hasta la final en la investigaci\u00f3n y advirti\u00f3 que este tipo de acciones no&hellip;\n","protected":false},"author":1,"featured_media":3849,"comment_status":"open","ping_status":"open","sticky":false,"template":"","format":"standard","meta":{"_monsterinsights_skip_tracking":false,"_monsterinsights_sitenote_active":false,"_monsterinsights_sitenote_note":"","_monsterinsights_sitenote_category":0,"footnotes":""},"categories":[11,8],"tags":[],"class_list":{"0":"post-3848","1":"post","2":"type-post","3":"status-publish","4":"format-standard","5":"has-post-thumbnail","7":"category-politica","8":"category-portada"},"aioseo_notices":[],"_links":{"self":[{"href":"https:\/\/www.rengoenlanoticia.cl\/prensa\/wp-json\/wp\/v2\/posts\/3848","targetHints":{"allow":["GET"]}}],"collection":[{"href":"https:\/\/www.rengoenlanoticia.cl\/prensa\/wp-json\/wp\/v2\/posts"}],"about":[{"href":"https:\/\/www.rengoenlanoticia.cl\/prensa\/wp-json\/wp\/v2\/types\/post"}],"author":[{"embeddable":true,"href":"https:\/\/www.rengoenlanoticia.cl\/prensa\/wp-json\/wp\/v2\/users\/1"}],"replies":[{"embeddable":true,"href":"https:\/\/www.rengoenlanoticia.cl\/prensa\/wp-json\/wp\/v2\/comments?post=3848"}],"version-history":[{"count":3,"href":"https:\/\/www.rengoenlanoticia.cl\/prensa\/wp-json\/wp\/v2\/posts\/3848\/revisions"}],"predecessor-version":[{"id":3853,"href":"https:\/\/www.rengoenlanoticia.cl\/prensa\/wp-json\/wp\/v2\/posts\/3848\/revisions\/3853"}],"wp:featuredmedia":[{"embeddable":true,"href":"https:\/\/www.rengoenlanoticia.cl\/prensa\/wp-json\/wp\/v2\/media\/3849"}],"wp:attachment":[{"href":"https:\/\/www.rengoenlanoticia.cl\/prensa\/wp-json\/wp\/v2\/media?parent=3848"}],"wp:term":[{"taxonomy":"category","embeddable":true,"href":"https:\/\/www.rengoenlanoticia.cl\/prensa\/wp-json\/wp\/v2\/categories?post=3848"},{"taxonomy":"post_tag","embeddable":true,"href":"https:\/\/www.rengoenlanoticia.cl\/prensa\/wp-json\/wp\/v2\/tags?post=3848"}],"curies":[{"name":"wp","href":"https:\/\/api.w.org\/{rel}","templated":true}]}}