{"id":3824,"date":"2025-06-17T22:28:59","date_gmt":"2025-06-17T22:28:59","guid":{"rendered":"https:\/\/www.rengoenlanoticia.cl\/prensa\/?p=3824"},"modified":"2025-06-17T22:29:01","modified_gmt":"2025-06-17T22:29:01","slug":"segegob-realizo-dialogo-ciudadano-sobre-el-nuevo-financiamiento-para-la-educacion-superior-fes-en-san-fernando","status":"publish","type":"post","link":"https:\/\/www.rengoenlanoticia.cl\/prensa\/2025\/06\/17\/segegob-realizo-dialogo-ciudadano-sobre-el-nuevo-financiamiento-para-la-educacion-superior-fes-en-san-fernando\/","title":{"rendered":"Segegob realiz\u00f3 Di\u00e1logo Ciudadano sobre el nuevo Financiamiento para la Educaci\u00f3n Superior (FES) en San Fernando."},"content":{"rendered":"\n<p>Hoy m\u00e1s 1,8 millones de personas se han endeudado en instrumentos de cr\u00e9ditos estudiantiles con participaci\u00f3n del Estado.<\/p>\n\n\n\n<p>M\u00e1s de 100 alumnos participaron este lunes 16 de un exitoso Di\u00e1logo Ciudadano \u201cHacia un nuevo financiamiento para la educaci\u00f3n superior (FES)\u201d, realizado en el sal\u00f3n audit\u00f3rium del Liceo Neandro Schilling de San Fernando<\/p>\n\n\n\n<p>La iniciativa, organizada por la Divisi\u00f3n de Organizaciones Sociales (DOS) del Ministerio Secretar\u00eda General de Gobierno, con apoyo del Ministerio de Educaci\u00f3n y que cont\u00f3 con la presencia del vocero de Gobierno, Carlos Carrasco Olea, &nbsp;tuvo como objetivo informar a la ciudadan\u00eda sobre el proyecto de ley que pone fin al CAE y establece un nuevo instrumento de financiamiento p\u00fablico para la educaci\u00f3n superior. Adem\u00e1s, busca generar un espacio de conversaci\u00f3n para recoger las dudas, propuestas y necesidades, tanto de personas actualmente endeudadas, como de futuros estudiantes y sus familias.<\/p>\n\n\n\n<figure class=\"wp-block-image size-large\"><img loading=\"lazy\" decoding=\"async\" width=\"1024\" height=\"576\" src=\"https:\/\/www.rengoenlanoticia.cl\/prensa\/wp-content\/uploads\/2025\/06\/507135751_1036685078611271_385151947176146891_n-1024x576.jpg\" alt=\"\" class=\"wp-image-3826\" srcset=\"https:\/\/www.rengoenlanoticia.cl\/prensa\/wp-content\/uploads\/2025\/06\/507135751_1036685078611271_385151947176146891_n-1024x576.jpg 1024w, https:\/\/www.rengoenlanoticia.cl\/prensa\/wp-content\/uploads\/2025\/06\/507135751_1036685078611271_385151947176146891_n-300x169.jpg 300w, https:\/\/www.rengoenlanoticia.cl\/prensa\/wp-content\/uploads\/2025\/06\/507135751_1036685078611271_385151947176146891_n-768x432.jpg 768w, https:\/\/www.rengoenlanoticia.cl\/prensa\/wp-content\/uploads\/2025\/06\/507135751_1036685078611271_385151947176146891_n-1536x864.jpg 1536w, https:\/\/www.rengoenlanoticia.cl\/prensa\/wp-content\/uploads\/2025\/06\/507135751_1036685078611271_385151947176146891_n-110x62.jpg 110w, https:\/\/www.rengoenlanoticia.cl\/prensa\/wp-content\/uploads\/2025\/06\/507135751_1036685078611271_385151947176146891_n-200x113.jpg 200w, https:\/\/www.rengoenlanoticia.cl\/prensa\/wp-content\/uploads\/2025\/06\/507135751_1036685078611271_385151947176146891_n-380x214.jpg 380w, https:\/\/www.rengoenlanoticia.cl\/prensa\/wp-content\/uploads\/2025\/06\/507135751_1036685078611271_385151947176146891_n-255x143.jpg 255w, https:\/\/www.rengoenlanoticia.cl\/prensa\/wp-content\/uploads\/2025\/06\/507135751_1036685078611271_385151947176146891_n-550x309.jpg 550w, https:\/\/www.rengoenlanoticia.cl\/prensa\/wp-content\/uploads\/2025\/06\/507135751_1036685078611271_385151947176146891_n-800x450.jpg 800w, https:\/\/www.rengoenlanoticia.cl\/prensa\/wp-content\/uploads\/2025\/06\/507135751_1036685078611271_385151947176146891_n-1160x653.jpg 1160w, https:\/\/www.rengoenlanoticia.cl\/prensa\/wp-content\/uploads\/2025\/06\/507135751_1036685078611271_385151947176146891_n.jpg 1920w\" sizes=\"auto, (max-width: 1024px) 100vw, 1024px\" \/><\/figure>\n\n\n\n<p>Al respecto el seremi de Gobierno, Carlos Carrasco, subray\u00f3 la relevancia de estas jornadas informativas para los futuros estudiantes de educaci\u00f3n superior y sus familias: \u201cpara los estudiantes es obviamente importante conocer cu\u00e1l es el cambio de financiamiento que el Gobierno del Presidente Gabriel Boric est\u00e1 promoviendo en la discusi\u00f3n en el Congreso nacional, de pasar del CAE a esta nueva f\u00f3rmula de financiamiento de educaci\u00f3n superior (FES), que es una manera de sacar desde los bancos, desde una l\u00f3gica de lucro el financiamiento de la educaci\u00f3n y avanzar a un sistema m\u00e1s solidario que permita mayor recaudaci\u00f3n, menor endeudamiento y una educaci\u00f3n de calidad para todos los estudiantes que no puedan acceder a la gratuidad\u201d.<\/p>\n\n\n\n<p>M\u00e1s sobre el proyecto en&nbsp;<a href=\"https:\/\/fes.mineduc.cl\/?fbclid=IwZXh0bgNhZW0CMTAAYnJpZBExT0RqcFZOWVUwUGtRQ3hrVQEe1sDrZhv5rG0jFS8E11OS7L7fpokZO33Nqxtc0uwD3kLazhxuZT8KGWi4EZc_aem_CkqoFIf_YldrnkY9s2G9oQ\" target=\"_blank\" rel=\"noreferrer noopener\"><strong>fes.mineduc.cl<\/strong><\/a><\/p>\n","protected":false},"excerpt":{"rendered":"Hoy m\u00e1s 1,8 millones de personas se han endeudado en instrumentos de cr\u00e9ditos estudiantiles con participaci\u00f3n del Estado.&hellip;\n","protected":false},"author":1,"featured_media":3825,"comment_status":"open","ping_status":"open","sticky":false,"template":"","format":"standard","meta":{"_monsterinsights_skip_tracking":false,"_monsterinsights_sitenote_active":false,"_monsterinsights_sitenote_note":"","_monsterinsights_sitenote_category":0,"footnotes":""},"categories":[8],"tags":[],"class_list":{"0":"post-3824","1":"post","2":"type-post","3":"status-publish","4":"format-standard","5":"has-post-thumbnail","7":"category-portada"},"aioseo_notices":[],"_links":{"self":[{"href":"https:\/\/www.rengoenlanoticia.cl\/prensa\/wp-json\/wp\/v2\/posts\/3824","targetHints":{"allow":["GET"]}}],"collection":[{"href":"https:\/\/www.rengoenlanoticia.cl\/prensa\/wp-json\/wp\/v2\/posts"}],"about":[{"href":"https:\/\/www.rengoenlanoticia.cl\/prensa\/wp-json\/wp\/v2\/types\/post"}],"author":[{"embeddable":true,"href":"https:\/\/www.rengoenlanoticia.cl\/prensa\/wp-json\/wp\/v2\/users\/1"}],"replies":[{"embeddable":true,"href":"https:\/\/www.rengoenlanoticia.cl\/prensa\/wp-json\/wp\/v2\/comments?post=3824"}],"version-history":[{"count":3,"href":"https:\/\/www.rengoenlanoticia.cl\/prensa\/wp-json\/wp\/v2\/posts\/3824\/revisions"}],"predecessor-version":[{"id":3835,"href":"https:\/\/www.rengoenlanoticia.cl\/prensa\/wp-json\/wp\/v2\/posts\/3824\/revisions\/3835"}],"wp:featuredmedia":[{"embeddable":true,"href":"https:\/\/www.rengoenlanoticia.cl\/prensa\/wp-json\/wp\/v2\/media\/3825"}],"wp:attachment":[{"href":"https:\/\/www.rengoenlanoticia.cl\/prensa\/wp-json\/wp\/v2\/media?parent=3824"}],"wp:term":[{"taxonomy":"category","embeddable":true,"href":"https:\/\/www.rengoenlanoticia.cl\/prensa\/wp-json\/wp\/v2\/categories?post=3824"},{"taxonomy":"post_tag","embeddable":true,"href":"https:\/\/www.rengoenlanoticia.cl\/prensa\/wp-json\/wp\/v2\/tags?post=3824"}],"curies":[{"name":"wp","href":"https:\/\/api.w.org\/{rel}","templated":true}]}}