{"id":3817,"date":"2025-06-17T23:09:07","date_gmt":"2025-06-17T23:09:07","guid":{"rendered":"https:\/\/www.rengoenlanoticia.cl\/prensa\/?p=3817"},"modified":"2025-06-17T23:09:17","modified_gmt":"2025-06-17T23:09:17","slug":"ecoleo-impulsa-la-cosmetica-natural-desde-rancagua-gracias-al-programa-par-ohiggins-recicla","status":"publish","type":"post","link":"https:\/\/www.rengoenlanoticia.cl\/prensa\/2025\/06\/17\/ecoleo-impulsa-la-cosmetica-natural-desde-rancagua-gracias-al-programa-par-ohiggins-recicla\/","title":{"rendered":"Ecoleo impulsa la cosm\u00e9tica natural desde Rancagua gracias al programa PAR O&#8217;Higgins Recicla"},"content":{"rendered":"\n<p><em>Gracias a los recursos entregados por Corfo, a trav\u00e9s de fondos del Gobierno Regional de O&#8217;Higgins y su Consejo, este emprendimiento de cosm\u00e9tica y cuidado personal, logr\u00f3 escalar su capacidad productiva y mejorar la presentaci\u00f3n de sus productos, abriendo nuevos nichos de mercado que valoran la sostenibilidad y la trazabilidad.<\/em><\/p>\n\n\n\n<p>En medio de un escenario global marcado por la urgencia clim\u00e1tica y la presi\u00f3n sobre las industrias para reducir sus impactos ambientales, la empresa Ecoleo, que cuenta con su laboratorio y punta de venta en Rancagua, ha logrado posicionarse como un referente local en innovaci\u00f3n sustentable y reciclaje. Gracias al programa PAR O&#8217;Higgins Recicla, financiado por Corfo, a trav\u00e9s del Gobierno Regional de O&#8217;Higgins y su Consejo, el que fue ejecutado por Gedes, con fondos de la iniciativa recibi\u00f3 un cofinanciamiento de $6.250.000 durante el a\u00f1o 2024 para avanzar en la revalorizaci\u00f3n de residuos mediante inversi\u00f3n en maquinaria especializada.<\/p>\n\n\n\n<p>El proyecto, enmarcado en la Ley de Responsabilidad Extendida del Productor (REP), que establece obligaciones de gesti\u00f3n para los residuos generados por distintos sectores productivos, busca responder a los desaf\u00edos ambientales con soluciones concretas desde el \u00e1mbito emprendedor. La empresa Ecoleo se inserta en este contexto como una propuesta que transforma aceites vegetales usados y descartes agr\u00edcolas en productos cosm\u00e9ticos s\u00f3lidos como jabones y champ\u00fas, elaborados sin envases pl\u00e1sticos y con materias primas naturales.<\/p>\n\n\n\n<p>Con la inversi\u00f3n, se adquiri\u00f3 una prensa hidr\u00e1ulica para champ\u00fa s\u00f3lido, mezcladores para champ\u00fa s\u00f3lido, cortadores y moldes para jab\u00f3n en barra. Con esto, Ec\u00f3leo&nbsp;<a>logr\u00f3 escalar su capacidad productiva y mejorar la presentaci\u00f3n de sus productos, abriendo nuevos nichos de mercado que valoran la sostenibilidad y la trazabilidad.<\/a>&nbsp;Entre estos se encuentran hoteles boutique, hostales sustentables, tiendas de productos naturales y vi\u00f1as que incorporan pr\u00e1cticas de enoturismo responsable en la Regi\u00f3n de O&#8217;Higgins.<\/p>\n\n\n\n<figure class=\"wp-block-image size-large\"><img loading=\"lazy\" decoding=\"async\" width=\"1024\" height=\"1010\" src=\"https:\/\/www.rengoenlanoticia.cl\/prensa\/wp-content\/uploads\/2025\/06\/PAZ_6485-1024x1010.jpg\" alt=\"\" class=\"wp-image-3845\" srcset=\"https:\/\/www.rengoenlanoticia.cl\/prensa\/wp-content\/uploads\/2025\/06\/PAZ_6485-1024x1010.jpg 1024w, https:\/\/www.rengoenlanoticia.cl\/prensa\/wp-content\/uploads\/2025\/06\/PAZ_6485-300x296.jpg 300w, https:\/\/www.rengoenlanoticia.cl\/prensa\/wp-content\/uploads\/2025\/06\/PAZ_6485-768x757.jpg 768w, https:\/\/www.rengoenlanoticia.cl\/prensa\/wp-content\/uploads\/2025\/06\/PAZ_6485-80x80.jpg 80w, https:\/\/www.rengoenlanoticia.cl\/prensa\/wp-content\/uploads\/2025\/06\/PAZ_6485-110x108.jpg 110w, https:\/\/www.rengoenlanoticia.cl\/prensa\/wp-content\/uploads\/2025\/06\/PAZ_6485-200x197.jpg 200w, https:\/\/www.rengoenlanoticia.cl\/prensa\/wp-content\/uploads\/2025\/06\/PAZ_6485-380x375.jpg 380w, https:\/\/www.rengoenlanoticia.cl\/prensa\/wp-content\/uploads\/2025\/06\/PAZ_6485-255x251.jpg 255w, https:\/\/www.rengoenlanoticia.cl\/prensa\/wp-content\/uploads\/2025\/06\/PAZ_6485-550x542.jpg 550w, https:\/\/www.rengoenlanoticia.cl\/prensa\/wp-content\/uploads\/2025\/06\/PAZ_6485-800x789.jpg 800w, https:\/\/www.rengoenlanoticia.cl\/prensa\/wp-content\/uploads\/2025\/06\/PAZ_6485.jpg 1080w\" sizes=\"auto, (max-width: 1024px) 100vw, 1024px\" \/><\/figure>\n\n\n\n<p>El impacto del proyecto no solo se refleja en el aumento de la producci\u00f3n, sino tambi\u00e9n en la generaci\u00f3n de empleo local y en el fortalecimiento del ecosistema emprendedor regional con enfoque circular. Adem\u00e1s, la empresa avanza en la consolidaci\u00f3n de un modelo de negocio que se alinea con est\u00e1ndares internacionales de desarrollo sostenible, contribuyendo a los Objetivos de Desarrollo Sostenible de Naciones Unidas, espec\u00edficamente al ODS 9: Industria, Innovaci\u00f3n e&nbsp;Infraestructura, ODS 12: Producci\u00f3n y Consumo Responsables, y ODS 13: Acci\u00f3n por el Clima.<\/p>\n\n\n\n<p>\u00abEn Corfo, la gran mayor\u00eda de nuestras convocatorias tienen foco sostenible, porque creemos que el crecimiento de las empresas debe ir de la mano con la sostenibilidad, ya que&nbsp;abarca aspectos ambientales, sociales y econ\u00f3micos, fundamentales para el \u00e9xito a largo plazo de cualquier empresa. Claro ejemplo de ello es Ec\u00f3leo, quienes se adjudicaron el Programa de Apoyo a la Reactivaci\u00f3n, PAR Recicla. Y que, a trav\u00e9s de su pyme de cosm\u00e9tica ecol\u00f3gica, buscan innovar en el cuidado personal. La innovaci\u00f3n sostenible es el motor clave para avanzar en la transformaci\u00f3n hacia un nuevo modelo de desarrollo\u201d, se\u00f1al\u00f3 \u00d3scar \u00c1vila, director regional de Corfo O&#8217;Higgins.<\/p>\n\n\n\n<p>La Gerenta de Gedes O&#8217;Higgins, Lorena Ortiz, destac\u00f3 el impacto positivo del programa PAR O&#8217;Higgins Recicla en el fortalecimiento de emprendimientos sustentables como Ec\u00f3leo: \u00abEste tipo de iniciativas demuestra que es posible combinar innovaci\u00f3n, econom\u00eda circular y desarrollo local. El acompa\u00f1amiento t\u00e9cnico y el cofinanciamiento entregado han sido clave para que Ec\u00f3leo escale su producci\u00f3n y acceda a nuevos mercados, aline\u00e1ndose con los objetivos de sostenibilidad que promovemos desde Gedes\u00bb, se\u00f1al\u00f3.<\/p>\n\n\n\n<p>Por su parte, el socio fundador y representante legal de Ec\u00f3leo, Manuel Fern\u00e1ndez, se\u00f1al\u00f3 que: \u00abComo emprendedor y dentro del programa PAR O\u00b4Higgins Recicla, Corfo y Gedes han puesto un aporte fundamental para el desarrollo y crecimiento de Ec\u00f3leo. Este apoyo financiero nos ha permitido acometer la inversi\u00f3n en maquinaria necesaria para poder incrementar nuestra producci\u00f3n y tener una mayor eficiencia en nuestros procesos\u00bb.<\/p>\n\n\n\n<p>Ec\u00f3leo se consolida como un ejemplo de c\u00f3mo el emprendimiento sustentable puede generar impacto positivo a nivel local, combinando innovaci\u00f3n, desarrollo econ\u00f3mico y conciencia ambiental. Su experiencia demuestra el valor de apoyar iniciativas que promueven la econom\u00eda circular y contribuyen a un modelo productivo m\u00e1s responsable y sostenible.<\/p>\n","protected":false},"excerpt":{"rendered":"Gracias a los recursos entregados por Corfo, a trav\u00e9s de fondos del Gobierno Regional de O&#8217;Higgins y su&hellip;\n","protected":false},"author":1,"featured_media":3842,"comment_status":"open","ping_status":"open","sticky":false,"template":"","format":"standard","meta":{"_monsterinsights_skip_tracking":false,"_monsterinsights_sitenote_active":false,"_monsterinsights_sitenote_note":"","_monsterinsights_sitenote_category":0,"footnotes":""},"categories":[8],"tags":[],"class_list":{"0":"post-3817","1":"post","2":"type-post","3":"status-publish","4":"format-standard","5":"has-post-thumbnail","7":"category-portada"},"aioseo_notices":[],"_links":{"self":[{"href":"https:\/\/www.rengoenlanoticia.cl\/prensa\/wp-json\/wp\/v2\/posts\/3817","targetHints":{"allow":["GET"]}}],"collection":[{"href":"https:\/\/www.rengoenlanoticia.cl\/prensa\/wp-json\/wp\/v2\/posts"}],"about":[{"href":"https:\/\/www.rengoenlanoticia.cl\/prensa\/wp-json\/wp\/v2\/types\/post"}],"author":[{"embeddable":true,"href":"https:\/\/www.rengoenlanoticia.cl\/prensa\/wp-json\/wp\/v2\/users\/1"}],"replies":[{"embeddable":true,"href":"https:\/\/www.rengoenlanoticia.cl\/prensa\/wp-json\/wp\/v2\/comments?post=3817"}],"version-history":[{"count":3,"href":"https:\/\/www.rengoenlanoticia.cl\/prensa\/wp-json\/wp\/v2\/posts\/3817\/revisions"}],"predecessor-version":[{"id":3847,"href":"https:\/\/www.rengoenlanoticia.cl\/prensa\/wp-json\/wp\/v2\/posts\/3817\/revisions\/3847"}],"wp:featuredmedia":[{"embeddable":true,"href":"https:\/\/www.rengoenlanoticia.cl\/prensa\/wp-json\/wp\/v2\/media\/3842"}],"wp:attachment":[{"href":"https:\/\/www.rengoenlanoticia.cl\/prensa\/wp-json\/wp\/v2\/media?parent=3817"}],"wp:term":[{"taxonomy":"category","embeddable":true,"href":"https:\/\/www.rengoenlanoticia.cl\/prensa\/wp-json\/wp\/v2\/categories?post=3817"},{"taxonomy":"post_tag","embeddable":true,"href":"https:\/\/www.rengoenlanoticia.cl\/prensa\/wp-json\/wp\/v2\/tags?post=3817"}],"curies":[{"name":"wp","href":"https:\/\/api.w.org\/{rel}","templated":true}]}}