{"id":3816,"date":"2025-06-17T22:52:04","date_gmt":"2025-06-17T22:52:04","guid":{"rendered":"https:\/\/www.rengoenlanoticia.cl\/prensa\/?p=3816"},"modified":"2025-06-17T22:52:28","modified_gmt":"2025-06-17T22:52:28","slug":"fiscal-judicial-de-la-corte-de-rancagua-encabeza-reuniones-de-la-junta-electoral-de-cachapoal-que-reviso-excusas-de-vocales-de-mesa","status":"publish","type":"post","link":"https:\/\/www.rengoenlanoticia.cl\/prensa\/2025\/06\/17\/fiscal-judicial-de-la-corte-de-rancagua-encabeza-reuniones-de-la-junta-electoral-de-cachapoal-que-reviso-excusas-de-vocales-de-mesa\/","title":{"rendered":"Fiscal Judicial de la Corte de Rancagua encabeza reuniones de la Junta Electoral de Cachapoal que revis\u00f3 excusas de vocales de mesa"},"content":{"rendered":"\n<p>El fiscal judicial de la Corte de Apelaciones de Rancagua, Alvaro Mart\u00ednez, en su calidad de presidente de la Junta Electoral de la Provincia de Cachapoal, encabez\u00f3 las sesiones realizadas entre el 9 y 12 de junio, instancias en que se analizaron las excusas de los vocales de mesa designados para las Elecciones Primarias Presidenciales del pr\u00f3ximo domingo 29 de junio.<\/p>\n\n\n\n<p>La Junta Electoral de la Provincia de Cachapoal est\u00e1 integrada, adem\u00e1s, por el conservador de bienes ra\u00edces de Rancagua, Mauricio Astudillo, en su calidad de secretario; y el defensor p\u00fablico V\u00edctor Beltr\u00e1n.<\/p>\n\n\n\n<figure class=\"wp-block-image size-full\"><img loading=\"lazy\" decoding=\"async\" width=\"960\" height=\"735\" src=\"https:\/\/www.rengoenlanoticia.cl\/prensa\/wp-content\/uploads\/2025\/06\/WhatsApp-Image-2025-06-16-at-11.42.34-1.jpeg\" alt=\"\" class=\"wp-image-3839\" srcset=\"https:\/\/www.rengoenlanoticia.cl\/prensa\/wp-content\/uploads\/2025\/06\/WhatsApp-Image-2025-06-16-at-11.42.34-1.jpeg 960w, https:\/\/www.rengoenlanoticia.cl\/prensa\/wp-content\/uploads\/2025\/06\/WhatsApp-Image-2025-06-16-at-11.42.34-1-300x230.jpeg 300w, https:\/\/www.rengoenlanoticia.cl\/prensa\/wp-content\/uploads\/2025\/06\/WhatsApp-Image-2025-06-16-at-11.42.34-1-768x588.jpeg 768w, https:\/\/www.rengoenlanoticia.cl\/prensa\/wp-content\/uploads\/2025\/06\/WhatsApp-Image-2025-06-16-at-11.42.34-1-110x84.jpeg 110w, https:\/\/www.rengoenlanoticia.cl\/prensa\/wp-content\/uploads\/2025\/06\/WhatsApp-Image-2025-06-16-at-11.42.34-1-200x153.jpeg 200w, https:\/\/www.rengoenlanoticia.cl\/prensa\/wp-content\/uploads\/2025\/06\/WhatsApp-Image-2025-06-16-at-11.42.34-1-380x291.jpeg 380w, https:\/\/www.rengoenlanoticia.cl\/prensa\/wp-content\/uploads\/2025\/06\/WhatsApp-Image-2025-06-16-at-11.42.34-1-255x195.jpeg 255w, https:\/\/www.rengoenlanoticia.cl\/prensa\/wp-content\/uploads\/2025\/06\/WhatsApp-Image-2025-06-16-at-11.42.34-1-550x421.jpeg 550w, https:\/\/www.rengoenlanoticia.cl\/prensa\/wp-content\/uploads\/2025\/06\/WhatsApp-Image-2025-06-16-at-11.42.34-1-800x613.jpeg 800w\" sizes=\"auto, (max-width: 960px) 100vw, 960px\" \/><\/figure>\n\n\n\n<p>El fiscal judicial \u00c1lvaro Mart\u00ednez se\u00f1al\u00f3 que este organismo \u201cfunciona al alero de la Ley 18.700 sobre votaciones populares y escrutinios y que, dentro de otras labores, le corresponde resolver las excusas que presente los vocales de mesa designados para las respectivas elecciones, todo ello seg\u00fan las causales que contempla el art\u00edculo 44 de dicha ley\u201d.<\/p>\n\n\n\n<p><\/p>\n","protected":false},"excerpt":{"rendered":"El fiscal judicial de la Corte de Apelaciones de Rancagua, Alvaro Mart\u00ednez, en su calidad de presidente de&hellip;\n","protected":false},"author":1,"featured_media":3838,"comment_status":"open","ping_status":"open","sticky":false,"template":"","format":"standard","meta":{"_monsterinsights_skip_tracking":false,"_monsterinsights_sitenote_active":false,"_monsterinsights_sitenote_note":"","_monsterinsights_sitenote_category":0,"footnotes":""},"categories":[8],"tags":[],"class_list":{"0":"post-3816","1":"post","2":"type-post","3":"status-publish","4":"format-standard","5":"has-post-thumbnail","7":"category-portada"},"aioseo_notices":[],"_links":{"self":[{"href":"https:\/\/www.rengoenlanoticia.cl\/prensa\/wp-json\/wp\/v2\/posts\/3816","targetHints":{"allow":["GET"]}}],"collection":[{"href":"https:\/\/www.rengoenlanoticia.cl\/prensa\/wp-json\/wp\/v2\/posts"}],"about":[{"href":"https:\/\/www.rengoenlanoticia.cl\/prensa\/wp-json\/wp\/v2\/types\/post"}],"author":[{"embeddable":true,"href":"https:\/\/www.rengoenlanoticia.cl\/prensa\/wp-json\/wp\/v2\/users\/1"}],"replies":[{"embeddable":true,"href":"https:\/\/www.rengoenlanoticia.cl\/prensa\/wp-json\/wp\/v2\/comments?post=3816"}],"version-history":[{"count":2,"href":"https:\/\/www.rengoenlanoticia.cl\/prensa\/wp-json\/wp\/v2\/posts\/3816\/revisions"}],"predecessor-version":[{"id":3841,"href":"https:\/\/www.rengoenlanoticia.cl\/prensa\/wp-json\/wp\/v2\/posts\/3816\/revisions\/3841"}],"wp:featuredmedia":[{"embeddable":true,"href":"https:\/\/www.rengoenlanoticia.cl\/prensa\/wp-json\/wp\/v2\/media\/3838"}],"wp:attachment":[{"href":"https:\/\/www.rengoenlanoticia.cl\/prensa\/wp-json\/wp\/v2\/media?parent=3816"}],"wp:term":[{"taxonomy":"category","embeddable":true,"href":"https:\/\/www.rengoenlanoticia.cl\/prensa\/wp-json\/wp\/v2\/categories?post=3816"},{"taxonomy":"post_tag","embeddable":true,"href":"https:\/\/www.rengoenlanoticia.cl\/prensa\/wp-json\/wp\/v2\/tags?post=3816"}],"curies":[{"name":"wp","href":"https:\/\/api.w.org\/{rel}","templated":true}]}}