{"id":3806,"date":"2025-06-17T16:27:09","date_gmt":"2025-06-17T16:27:09","guid":{"rendered":"https:\/\/www.rengoenlanoticia.cl\/prensa\/?p=3806"},"modified":"2025-06-17T16:27:32","modified_gmt":"2025-06-17T16:27:32","slug":"casi-un-ano-sin-avance-diputada-natalia-romero-llama-al-senado-a-reactivar-proyecto-de-ley-que-restringe-el-uso-de-celulares-al-interior-de-los-colegios","status":"publish","type":"post","link":"https:\/\/www.rengoenlanoticia.cl\/prensa\/2025\/06\/17\/casi-un-ano-sin-avance-diputada-natalia-romero-llama-al-senado-a-reactivar-proyecto-de-ley-que-restringe-el-uso-de-celulares-al-interior-de-los-colegios\/","title":{"rendered":"Casi un a\u00f1o sin avance: Diputada Natalia Romero llama al Senado a reactivar proyecto de ley que restringe el uso de celulares al interior de los colegios"},"content":{"rendered":"\n<p><em>La representante de O\u2019Higgins record\u00f3 que en agosto de 2024 su iniciativa fue aprobada por amplia mayor\u00eda en la Sala, pero que desde esa fecha permanece detenida en la C\u00e1mara Alta.<\/em><\/p>\n\n\n\n<p>En agosto del a\u00f1o pasado y luego de una larga tramitaci\u00f3n que se extendi\u00f3 por cerca de ocho meses, la C\u00e1mara Baja aprob\u00f3 y envi\u00f3 al Senado -por amplia mayor\u00eda- un proyecto de ley que en diciembre de 2023 hab\u00eda presentado la diputada por la Regi\u00f3n de O\u2019Higgins, Natalia Romero (Ind. UDI), en conjunto con un grupo de parlamentarios de su bancada, para regular y restringir el uso de celulares y distintos tipos de dispositivos electr\u00f3nicos al interior de los establecimientos educacionales del pa\u00eds, considerando los graves efectos que su uso est\u00e1 provocando en el aprendizaje de los alumnos.<\/p>\n\n\n\n<p>Cabe recordar que a esta iniciativa se sumaron otras propuestas elaboradas por parlamentarios, de similares caracter\u00edsticas, por lo que finalmente se decidi\u00f3 refundirlas y aprobarlas como un paquete.<\/p>\n\n\n\n<p>En ese contexto, la representante del Distrito 15 explic\u00f3 que el proyecto despachado por la C\u00e1mara de Diputados establece la prohibici\u00f3n del uso de estos dispositivos en el nivel parvulario y entre 1\u00b0 y 6\u00b0 b\u00e1sico. En tanto, a partir de 7\u00b0 b\u00e1sico se defini\u00f3 que sean los propios establecimientos los que determinen, por la v\u00eda de un reglamento interno, el tipo de regulaci\u00f3n que aplicar\u00e1n, recomendando de todas formas que al menos se restrinjan los celulares en las salas y durante los horarios de clases.<\/p>\n\n\n\n<p>Sin embargo, a m\u00e1s de diez meses de haberse aprobado y enviado la iniciativa al Senado, la diputada Natalia Romero advirti\u00f3 que en la C\u00e1mara Alta -donde ahora se debe revisar en segundo tr\u00e1mite constitucional- no ha tenido ning\u00fan avance, por lo que llam\u00f3 a dichos parlamentarios a poner en tabla el proyecto dado el amplio respaldo que, a su juicio, tiene entre las comunidades educativas.<\/p>\n\n\n\n<p>\u201cEn la C\u00e1mara de Diputados se hizo un extenso trabajo para sacar adelante una ley que tiene un amplio respaldo entre los padres y apoderados, adem\u00e1s de los docentes. Existen antecedentes m\u00e1s que suficientes que demuestran el impacto que el uso de los celulares tiene en el aprendizaje y la concentraci\u00f3n de los estudiantes. Por lo mismo, logramos sacar adelante un proyecto que establece distintos tipos de regulaciones y que tambi\u00e9n considera la opini\u00f3n de los propios establecimientos educacionales. Por eso es muy lamentable que haya transcurrido casi un a\u00f1o y en el Senado no tenga ning\u00fan avance, porque mientras m\u00e1s nos demoremos en tener aprobada esta ley mayor ser\u00e1 el impacto negativo que sufrir\u00e1n miles y quiz\u00e1s millones de alumnos del pa\u00eds\u201d, advirti\u00f3 la legisladora.<\/p>\n\n\n\n<p>En cuanto a los otros detalles del proyecto aprobado por la C\u00e1mara Baja, la diputada Romero precis\u00f3 que en todos los niveles educacionales existir\u00e1n ciertas excepciones que permitir\u00e1n el uso de celulares, como cuando una actividad en particular lo requiera; que un estudiante presente alguna necesidad especial en la que dicho dispositivo sea esencial; ante situaciones de emergencias o cuando un alumno requiera monitorearse por alguna enfermedad o condici\u00f3n de salud que tenga.<\/p>\n\n\n\n<p>Por lo mismo, la parlamentaria por O\u2019Higgins reiter\u00f3 su llamado al Senado para que puedan comenzar a tramitar dicha iniciativa, as\u00ed como al Gobierno para que le otorguen discusi\u00f3n inmediata.<\/p>\n\n\n\n<p>\u201cLas comunidades educativas est\u00e1n muy esperanzadas en que aprobemos este proyecto, tal como se ha hecho en otros pa\u00edses del mundo. As\u00ed que esperamos que tanto el Senado como el Gobierno entiendan la urgencia de esta iniciativa y pueda ser aprobada lo antes posible\u201d, insisti\u00f3 la diputada.<\/p>\n","protected":false},"excerpt":{"rendered":"La representante de O\u2019Higgins record\u00f3 que en agosto de 2024 su iniciativa fue aprobada por amplia mayor\u00eda en&hellip;\n","protected":false},"author":1,"featured_media":3807,"comment_status":"open","ping_status":"open","sticky":false,"template":"","format":"standard","meta":{"_monsterinsights_skip_tracking":false,"_monsterinsights_sitenote_active":false,"_monsterinsights_sitenote_note":"","_monsterinsights_sitenote_category":0,"footnotes":""},"categories":[11,8],"tags":[],"class_list":{"0":"post-3806","1":"post","2":"type-post","3":"status-publish","4":"format-standard","5":"has-post-thumbnail","7":"category-politica","8":"category-portada"},"aioseo_notices":[],"_links":{"self":[{"href":"https:\/\/www.rengoenlanoticia.cl\/prensa\/wp-json\/wp\/v2\/posts\/3806","targetHints":{"allow":["GET"]}}],"collection":[{"href":"https:\/\/www.rengoenlanoticia.cl\/prensa\/wp-json\/wp\/v2\/posts"}],"about":[{"href":"https:\/\/www.rengoenlanoticia.cl\/prensa\/wp-json\/wp\/v2\/types\/post"}],"author":[{"embeddable":true,"href":"https:\/\/www.rengoenlanoticia.cl\/prensa\/wp-json\/wp\/v2\/users\/1"}],"replies":[{"embeddable":true,"href":"https:\/\/www.rengoenlanoticia.cl\/prensa\/wp-json\/wp\/v2\/comments?post=3806"}],"version-history":[{"count":2,"href":"https:\/\/www.rengoenlanoticia.cl\/prensa\/wp-json\/wp\/v2\/posts\/3806\/revisions"}],"predecessor-version":[{"id":3809,"href":"https:\/\/www.rengoenlanoticia.cl\/prensa\/wp-json\/wp\/v2\/posts\/3806\/revisions\/3809"}],"wp:featuredmedia":[{"embeddable":true,"href":"https:\/\/www.rengoenlanoticia.cl\/prensa\/wp-json\/wp\/v2\/media\/3807"}],"wp:attachment":[{"href":"https:\/\/www.rengoenlanoticia.cl\/prensa\/wp-json\/wp\/v2\/media?parent=3806"}],"wp:term":[{"taxonomy":"category","embeddable":true,"href":"https:\/\/www.rengoenlanoticia.cl\/prensa\/wp-json\/wp\/v2\/categories?post=3806"},{"taxonomy":"post_tag","embeddable":true,"href":"https:\/\/www.rengoenlanoticia.cl\/prensa\/wp-json\/wp\/v2\/tags?post=3806"}],"curies":[{"name":"wp","href":"https:\/\/api.w.org\/{rel}","templated":true}]}}