{"id":3802,"date":"2025-06-17T16:14:21","date_gmt":"2025-06-17T16:14:21","guid":{"rendered":"https:\/\/www.rengoenlanoticia.cl\/prensa\/?p=3802"},"modified":"2025-06-17T16:14:46","modified_gmt":"2025-06-17T16:14:46","slug":"36-establecimientos-educacionales-recibieron-su-certificacion-ambiental-y-forman-parte-de-la-red-sncae","status":"publish","type":"post","link":"https:\/\/www.rengoenlanoticia.cl\/prensa\/2025\/06\/17\/36-establecimientos-educacionales-recibieron-su-certificacion-ambiental-y-forman-parte-de-la-red-sncae\/","title":{"rendered":"36 establecimientos educacionales recibieron su certificaci\u00f3n ambiental y forman parte de la red SNCAE"},"content":{"rendered":"\n<p><em>Iniciativa impulsada en la regi\u00f3n de O\u00b4Higgins por la Seremi del Medio Ambiente a trav\u00e9s de del Sistema Nacional de Certificaci\u00f3n Ambiental de Establecimientos Educacionales (SNCAE), en el que a la fecha,&nbsp; forman parte 169 colegios y jardines infantiles de la regi\u00f3n de O\u00b4Higgins.<\/em><\/p>\n\n\n\n<p>Un total de 36 colegios y jardines infantiles de toda la regi\u00f3n, recibieron por parte de la Seremi del Medio Ambiente O\u00b4Higgins, Giovanna Amaya, su bandera y diploma que corona el trabajo realizado al obtener su certificaci\u00f3n ambiental y avanzar en el Sistema Nacional de Certificaci\u00f3n Ambiental de Establecimientos Educacionales (SNCAE), programa desarrollado por el Ministerio del Medio Ambiente hace m\u00e1s de 20 a\u00f1os, que hoy cuenta con un total de 2.540 establecimientos certificados en todo el pa\u00eds, de los cuales, 169 pertenecen a la regi\u00f3n de O\u00b4Higgins.<\/p>\n\n\n\n<p>La jornada tambi\u00e9n ten\u00eda el prop\u00f3sito entregar educaci\u00f3n ambiental a las y los docentes, con el fin de que este conocimiento fuese traspasado a las aulas de clases. En este sentido, se realiz\u00f3 la Charla sobre \u201cGlaciares\u201d dictada por Hans Fernandez-Navarro, Investigador Postdoctoral del Instituto de Ciencias Agroalimentarias, Animales y Ambientales (ICA3) de la Universidad de O\u00b4Higgins.<\/p>\n\n\n\n<p>La Seremi del Medio Ambiente, Giovanna Amaya, sostuvo que \u201ces importante para nosotros reconocer el enorme trabajo que est\u00e1n realizando las comunidades educativas para avanzar en el programa SNCAE,&nbsp; ya que cada uno de estos jardines y colegios llevan la bandera ambiental a las aulas y transforman a toda la comunidad en una m\u00e1s sustentable. Este programa promueve la educaci\u00f3n ambiental, lo cual es uno de los pilares que como Ministerio y como Gobierno Ecol\u00f3gico del Presidente Gabriel Boric promovemos con fuerza\u201d.<\/p>\n\n\n\n<p>El SNCAE es un programa voluntario que tiene por objetivo que comunidades escolares implementen exitosamente estrategias de educaci\u00f3n ambiental, desde la educaci\u00f3n parvularia hasta la educaci\u00f3n media, tanto en jardines infantiles o colegios. Esto, para lograr la transformaci\u00f3n de la comunidad educativa y las instalaciones del establecimiento en un referente ambiental para el fortalecimiento de la gesti\u00f3n local e impulsar la creaci\u00f3n de una cultura ambiental escolar. Si quieres conocer m\u00e1s detalles de este programa, visita el sitio sncae.mma.gob.cl<\/p>\n","protected":false},"excerpt":{"rendered":"Iniciativa impulsada en la regi\u00f3n de O\u00b4Higgins por la Seremi del Medio Ambiente a trav\u00e9s de del Sistema&hellip;\n","protected":false},"author":1,"featured_media":3803,"comment_status":"open","ping_status":"open","sticky":false,"template":"","format":"standard","meta":{"_monsterinsights_skip_tracking":false,"_monsterinsights_sitenote_active":false,"_monsterinsights_sitenote_note":"","_monsterinsights_sitenote_category":0,"footnotes":""},"categories":[8],"tags":[],"class_list":{"0":"post-3802","1":"post","2":"type-post","3":"status-publish","4":"format-standard","5":"has-post-thumbnail","7":"category-portada"},"aioseo_notices":[],"_links":{"self":[{"href":"https:\/\/www.rengoenlanoticia.cl\/prensa\/wp-json\/wp\/v2\/posts\/3802","targetHints":{"allow":["GET"]}}],"collection":[{"href":"https:\/\/www.rengoenlanoticia.cl\/prensa\/wp-json\/wp\/v2\/posts"}],"about":[{"href":"https:\/\/www.rengoenlanoticia.cl\/prensa\/wp-json\/wp\/v2\/types\/post"}],"author":[{"embeddable":true,"href":"https:\/\/www.rengoenlanoticia.cl\/prensa\/wp-json\/wp\/v2\/users\/1"}],"replies":[{"embeddable":true,"href":"https:\/\/www.rengoenlanoticia.cl\/prensa\/wp-json\/wp\/v2\/comments?post=3802"}],"version-history":[{"count":2,"href":"https:\/\/www.rengoenlanoticia.cl\/prensa\/wp-json\/wp\/v2\/posts\/3802\/revisions"}],"predecessor-version":[{"id":3805,"href":"https:\/\/www.rengoenlanoticia.cl\/prensa\/wp-json\/wp\/v2\/posts\/3802\/revisions\/3805"}],"wp:featuredmedia":[{"embeddable":true,"href":"https:\/\/www.rengoenlanoticia.cl\/prensa\/wp-json\/wp\/v2\/media\/3803"}],"wp:attachment":[{"href":"https:\/\/www.rengoenlanoticia.cl\/prensa\/wp-json\/wp\/v2\/media?parent=3802"}],"wp:term":[{"taxonomy":"category","embeddable":true,"href":"https:\/\/www.rengoenlanoticia.cl\/prensa\/wp-json\/wp\/v2\/categories?post=3802"},{"taxonomy":"post_tag","embeddable":true,"href":"https:\/\/www.rengoenlanoticia.cl\/prensa\/wp-json\/wp\/v2\/tags?post=3802"}],"curies":[{"name":"wp","href":"https:\/\/api.w.org\/{rel}","templated":true}]}}