{"id":3737,"date":"2025-06-12T18:26:36","date_gmt":"2025-06-12T18:26:36","guid":{"rendered":"https:\/\/www.rengoenlanoticia.cl\/prensa\/?p=3737"},"modified":"2025-06-12T18:34:22","modified_gmt":"2025-06-12T18:34:22","slug":"las-familias-necesitan-el-apoyo-del-gobierno-diputada-romero-pide-ampliar-subsidio-electrico-ante-alzas-de-luz-de-hasta-un-66-en-ohiggins","status":"publish","type":"post","link":"https:\/\/www.rengoenlanoticia.cl\/prensa\/2025\/06\/12\/las-familias-necesitan-el-apoyo-del-gobierno-diputada-romero-pide-ampliar-subsidio-electrico-ante-alzas-de-luz-de-hasta-un-66-en-ohiggins\/","title":{"rendered":"\u00abLas familias necesitan el apoyo del Gobierno\u00bb: Diputada Romero pide ampliar subsidio el\u00e9ctrico ante alzas de luz de hasta un 66% en O\u2019Higgins"},"content":{"rendered":"\n<p><\/p>\n\n\n\n<p>La parlamentaria advirti\u00f3 que el constante aumento en las cuentas de luz est\u00e1 afectando gravemente a familias de clase media, que hoy no califican para ayudas del Estado, pese a enfrentar las mismas alzas que los sectores m\u00e1s vulnerables. Para julio est\u00e1 proyectado para la regi\u00f3n un nuevo aumento de un 8%.<\/p>\n\n\n\n<p>La diputada por la regi\u00f3n de O\u2019Higgins, Natalia Romero, solicit\u00f3 al Gobierno ampliar de forma urgente el alcance del subsidio el\u00e9ctrico, incorporando a la clase media entre los beneficiarios, ante el fuerte aumento en las tarifas registrado durante el \u00faltimo a\u00f1o en la zona.<\/p>\n\n\n\n<p>Seg\u00fan datos entregados por la Fundaci\u00f3n Energ\u00eda para Todos, en algunas comunas de la regi\u00f3n las cuentas de luz han subido hasta un 56% en los \u00faltimos 12 meses, mientras que el promedio regional es de un 53%. Incluso en las comunas menos afectadas, las alzas no bajan del 48% en comparaci\u00f3n al a\u00f1o anterior. Si sumamos las alzas, m\u00e1s la que viene en julio, en la comuna de Rancagua el aumento del costo de la luz llegar\u00eda a un 66%.<\/p>\n\n\n\n<p>\u201cEstamos hablando de un alza hist\u00f3rica en las cuentas de electricidad, que golpea no solo a los sectores m\u00e1s vulnerables, sino tambi\u00e9n a muchas familias de clase media que hoy deben decidir entre pagar la luz o costear medicamentos, arriendos o alimentaci\u00f3n. No podemos seguir dejando a la clase media fuera de este tipo de ayudas\u201d, expres\u00f3 Romero.<\/p>\n\n\n\n<p>La diputada hizo hincapi\u00e9 en que estas alzas se producen en un contexto generalizado de aumento en el costo de la vida: \u201cLos precios de los arriendos, los dividendos, los alimentos y los medicamentos han subido sin freno, y ahora se suma esta carga adicional que es imposible de absorber para miles de hogares\u201d.<\/p>\n\n\n\n<p>Romero tambi\u00e9n critic\u00f3 que zonas urbanas y rurales de la regi\u00f3n ya no pueden calefaccionarse con chimeneas ni cocinas a le\u00f1a, lo que incrementa la dependencia de la electricidad. \u201cEn lugar de facilitar el acceso a servicios b\u00e1sicos, el Gobierno est\u00e1 poniendo m\u00e1s obst\u00e1culos. Las familias ya no tienen alternativas, y necesitan una respuesta concreta y permanente\u201d.<\/p>\n\n\n\n<p>Si bien el Ministerio de Energ\u00eda anunci\u00f3 que la nueva convocatoria para postular o actualizar datos para acceder al Subsidio El\u00e9ctrico se realizar\u00e1 entre el lunes 30 de junio y el martes 15 de julio de 2025, la diputada insisti\u00f3 en que la medida debe ir mucho m\u00e1s all\u00e1.<\/p>\n\n\n\n<p>\u201cEste no puede ser un beneficio limitado. El subsidio el\u00e9ctrico debe ampliarse e incorporar criterios como el alza acumulada y la situaci\u00f3n econ\u00f3mica real de los hogares, incluyendo a la clase media, que hoy est\u00e1 completamente desprotegida\u201d, concluy\u00f3 la diputada Romero.<\/p>\n","protected":false},"excerpt":{"rendered":"La parlamentaria advirti\u00f3 que el constante aumento en las cuentas de luz est\u00e1 afectando gravemente a familias de&hellip;\n","protected":false},"author":1,"featured_media":3738,"comment_status":"open","ping_status":"open","sticky":false,"template":"","format":"standard","meta":{"_monsterinsights_skip_tracking":false,"_monsterinsights_sitenote_active":false,"_monsterinsights_sitenote_note":"","_monsterinsights_sitenote_category":0,"footnotes":""},"categories":[11,8],"tags":[],"class_list":{"0":"post-3737","1":"post","2":"type-post","3":"status-publish","4":"format-standard","5":"has-post-thumbnail","7":"category-politica","8":"category-portada"},"aioseo_notices":[],"_links":{"self":[{"href":"https:\/\/www.rengoenlanoticia.cl\/prensa\/wp-json\/wp\/v2\/posts\/3737","targetHints":{"allow":["GET"]}}],"collection":[{"href":"https:\/\/www.rengoenlanoticia.cl\/prensa\/wp-json\/wp\/v2\/posts"}],"about":[{"href":"https:\/\/www.rengoenlanoticia.cl\/prensa\/wp-json\/wp\/v2\/types\/post"}],"author":[{"embeddable":true,"href":"https:\/\/www.rengoenlanoticia.cl\/prensa\/wp-json\/wp\/v2\/users\/1"}],"replies":[{"embeddable":true,"href":"https:\/\/www.rengoenlanoticia.cl\/prensa\/wp-json\/wp\/v2\/comments?post=3737"}],"version-history":[{"count":2,"href":"https:\/\/www.rengoenlanoticia.cl\/prensa\/wp-json\/wp\/v2\/posts\/3737\/revisions"}],"predecessor-version":[{"id":3741,"href":"https:\/\/www.rengoenlanoticia.cl\/prensa\/wp-json\/wp\/v2\/posts\/3737\/revisions\/3741"}],"wp:featuredmedia":[{"embeddable":true,"href":"https:\/\/www.rengoenlanoticia.cl\/prensa\/wp-json\/wp\/v2\/media\/3738"}],"wp:attachment":[{"href":"https:\/\/www.rengoenlanoticia.cl\/prensa\/wp-json\/wp\/v2\/media?parent=3737"}],"wp:term":[{"taxonomy":"category","embeddable":true,"href":"https:\/\/www.rengoenlanoticia.cl\/prensa\/wp-json\/wp\/v2\/categories?post=3737"},{"taxonomy":"post_tag","embeddable":true,"href":"https:\/\/www.rengoenlanoticia.cl\/prensa\/wp-json\/wp\/v2\/tags?post=3737"}],"curies":[{"name":"wp","href":"https:\/\/api.w.org\/{rel}","templated":true}]}}