{"id":3699,"date":"2025-06-11T23:53:14","date_gmt":"2025-06-11T23:53:14","guid":{"rendered":"https:\/\/www.rengoenlanoticia.cl\/prensa\/?p=3699"},"modified":"2025-06-11T23:53:16","modified_gmt":"2025-06-11T23:53:16","slug":"superintendente-de-salud-entrega-certificado-de-acreditacion-a-hospital-clinico-fusat","status":"publish","type":"post","link":"https:\/\/www.rengoenlanoticia.cl\/prensa\/2025\/06\/11\/superintendente-de-salud-entrega-certificado-de-acreditacion-a-hospital-clinico-fusat\/","title":{"rendered":"Superintendente de salud entrega certificado de acreditaci\u00f3n a hospital Cl\u00ednico FUSAT"},"content":{"rendered":"\n<p><em>La Instituci\u00f3n demostr\u00f3 una vez m\u00e1s el cumplimiento de los est\u00e1ndares que garantizan la calidad de la atenci\u00f3n, siendo el primer prestador en certificarse por cuarta vez en la Regi\u00f3n de O\u00b4Higgins.<\/em><\/p>\n\n\n\n<p>El resultado obtenido en esta nueva evaluaci\u00f3n fue un 100% de cumplimiento en las caracter\u00edsticas obligatorias y un 95% de sus caracter\u00edsticas totales, aprobando \u00edntegramente cada una de las constataciones efectuadas en los diferentes servicios, lo que destaca el compromiso contante con la mejora continua y el profesionalismo de sus equipos m\u00e9dicos, cl\u00ednicos y administrativos.<\/p>\n\n\n\n<p>Esta certificaci\u00f3n tiene una vigencia de tres a\u00f1os y sit\u00faa a FUSAT como el \u00fanico prestador de atenci\u00f3n cerrada de alta complejidad que logra su cuarta acreditaci\u00f3n de calidad en salud en la regi\u00f3n.<\/p>\n\n\n\n<p>Durante la ceremonia de entrega del certificado oficial, el Superintendente de Salud, Dr. V\u00edctor Torres, destac\u00f3 este hito por lo significativo que es para la comunidad \u201ces muy importante para quienes se atienden y utilizan este hospital porque estamos hablando de una certificaci\u00f3n que asegura prestaciones en el marco de la calidad y de la seguridad, lo que se traduce en mejores resultados en la atenci\u00f3n misma de las personas, por lo tanto, impacta directamente a los usuarios\u201d.<\/p>\n\n\n\n<p>Por su parte, el Dr. Carlos Arroyo, Director Ejecutivo de FUSAT, abri\u00f3 el evento se\u00f1alando que \u201ceste logro sin duda es fruto de un esfuerzo mancomunado, donde todos y cada uno de nuestros colaboradores lleva a la pr\u00e1ctica la cultura del mejoramiento continuo en su quehacer, lo que permite dar a nuestros pacientes la tranquilidad de recibir prestaciones que cumplen con altos est\u00e1ndares\u201d.&nbsp;<\/p>\n\n\n\n<p>Esta distinci\u00f3n llega a respaldar otras iniciativas que se han puesto en marcha en el Hospital Cl\u00ednico, entre ellas la adjudicaci\u00f3n como segundo prestador FONASA que permite brindar atenci\u00f3n oportuna a personas que permanecen en listas de espera en el sistema p\u00fablico de salud.<\/p>\n\n\n\n<figure class=\"wp-block-image size-large\"><img loading=\"lazy\" decoding=\"async\" width=\"1024\" height=\"576\" src=\"https:\/\/www.rengoenlanoticia.cl\/prensa\/wp-content\/uploads\/2025\/06\/foto1-2-1024x576.jpg\" alt=\"\" class=\"wp-image-3704\" srcset=\"https:\/\/www.rengoenlanoticia.cl\/prensa\/wp-content\/uploads\/2025\/06\/foto1-2-1024x576.jpg 1024w, https:\/\/www.rengoenlanoticia.cl\/prensa\/wp-content\/uploads\/2025\/06\/foto1-2-300x169.jpg 300w, https:\/\/www.rengoenlanoticia.cl\/prensa\/wp-content\/uploads\/2025\/06\/foto1-2-768x432.jpg 768w, https:\/\/www.rengoenlanoticia.cl\/prensa\/wp-content\/uploads\/2025\/06\/foto1-2-1536x864.jpg 1536w, https:\/\/www.rengoenlanoticia.cl\/prensa\/wp-content\/uploads\/2025\/06\/foto1-2-110x62.jpg 110w, https:\/\/www.rengoenlanoticia.cl\/prensa\/wp-content\/uploads\/2025\/06\/foto1-2-200x113.jpg 200w, https:\/\/www.rengoenlanoticia.cl\/prensa\/wp-content\/uploads\/2025\/06\/foto1-2-380x214.jpg 380w, https:\/\/www.rengoenlanoticia.cl\/prensa\/wp-content\/uploads\/2025\/06\/foto1-2-255x143.jpg 255w, https:\/\/www.rengoenlanoticia.cl\/prensa\/wp-content\/uploads\/2025\/06\/foto1-2-550x309.jpg 550w, https:\/\/www.rengoenlanoticia.cl\/prensa\/wp-content\/uploads\/2025\/06\/foto1-2-800x450.jpg 800w, https:\/\/www.rengoenlanoticia.cl\/prensa\/wp-content\/uploads\/2025\/06\/foto1-2-1160x653.jpg 1160w, https:\/\/www.rengoenlanoticia.cl\/prensa\/wp-content\/uploads\/2025\/06\/foto1-2.jpg 2048w\" sizes=\"auto, (max-width: 1024px) 100vw, 1024px\" \/><\/figure>\n\n\n\n<p>Dr. Pablo Moscoso, Director M\u00e9dico FUSAT; Dra. Rosa Madrid, Seremi de Salud (s); Dr. V\u00edctor Torres, Superintendente de Salud; Dr. Carlos Arroyo, Director Ejecutivo FUSAT; Pamela Paz, Jefa de Calidad FUSAT y Sr. Didier R\u00edos, Presidente Consejo de Administraci\u00f3n FUSAT.<\/p>\n\n\n\n<figure class=\"wp-block-image size-full\"><img loading=\"lazy\" decoding=\"async\" width=\"1024\" height=\"683\" src=\"https:\/\/www.rengoenlanoticia.cl\/prensa\/wp-content\/uploads\/2025\/06\/DSC_0258.jpg\" alt=\"\" class=\"wp-image-3703\" srcset=\"https:\/\/www.rengoenlanoticia.cl\/prensa\/wp-content\/uploads\/2025\/06\/DSC_0258.jpg 1024w, https:\/\/www.rengoenlanoticia.cl\/prensa\/wp-content\/uploads\/2025\/06\/DSC_0258-300x200.jpg 300w, https:\/\/www.rengoenlanoticia.cl\/prensa\/wp-content\/uploads\/2025\/06\/DSC_0258-768x512.jpg 768w, https:\/\/www.rengoenlanoticia.cl\/prensa\/wp-content\/uploads\/2025\/06\/DSC_0258-110x73.jpg 110w, https:\/\/www.rengoenlanoticia.cl\/prensa\/wp-content\/uploads\/2025\/06\/DSC_0258-200x133.jpg 200w, https:\/\/www.rengoenlanoticia.cl\/prensa\/wp-content\/uploads\/2025\/06\/DSC_0258-380x253.jpg 380w, https:\/\/www.rengoenlanoticia.cl\/prensa\/wp-content\/uploads\/2025\/06\/DSC_0258-255x170.jpg 255w, https:\/\/www.rengoenlanoticia.cl\/prensa\/wp-content\/uploads\/2025\/06\/DSC_0258-550x367.jpg 550w, https:\/\/www.rengoenlanoticia.cl\/prensa\/wp-content\/uploads\/2025\/06\/DSC_0258-800x534.jpg 800w\" sizes=\"auto, (max-width: 1024px) 100vw, 1024px\" \/><\/figure>\n","protected":false},"excerpt":{"rendered":"La Instituci\u00f3n demostr\u00f3 una vez m\u00e1s el cumplimiento de los est\u00e1ndares que garantizan la calidad de la atenci\u00f3n,&hellip;\n","protected":false},"author":1,"featured_media":3705,"comment_status":"open","ping_status":"open","sticky":false,"template":"","format":"standard","meta":{"_monsterinsights_skip_tracking":false,"_monsterinsights_sitenote_active":false,"_monsterinsights_sitenote_note":"","_monsterinsights_sitenote_category":0,"footnotes":""},"categories":[8],"tags":[],"class_list":{"0":"post-3699","1":"post","2":"type-post","3":"status-publish","4":"format-standard","5":"has-post-thumbnail","7":"category-portada"},"aioseo_notices":[],"_links":{"self":[{"href":"https:\/\/www.rengoenlanoticia.cl\/prensa\/wp-json\/wp\/v2\/posts\/3699","targetHints":{"allow":["GET"]}}],"collection":[{"href":"https:\/\/www.rengoenlanoticia.cl\/prensa\/wp-json\/wp\/v2\/posts"}],"about":[{"href":"https:\/\/www.rengoenlanoticia.cl\/prensa\/wp-json\/wp\/v2\/types\/post"}],"author":[{"embeddable":true,"href":"https:\/\/www.rengoenlanoticia.cl\/prensa\/wp-json\/wp\/v2\/users\/1"}],"replies":[{"embeddable":true,"href":"https:\/\/www.rengoenlanoticia.cl\/prensa\/wp-json\/wp\/v2\/comments?post=3699"}],"version-history":[{"count":3,"href":"https:\/\/www.rengoenlanoticia.cl\/prensa\/wp-json\/wp\/v2\/posts\/3699\/revisions"}],"predecessor-version":[{"id":3721,"href":"https:\/\/www.rengoenlanoticia.cl\/prensa\/wp-json\/wp\/v2\/posts\/3699\/revisions\/3721"}],"wp:featuredmedia":[{"embeddable":true,"href":"https:\/\/www.rengoenlanoticia.cl\/prensa\/wp-json\/wp\/v2\/media\/3705"}],"wp:attachment":[{"href":"https:\/\/www.rengoenlanoticia.cl\/prensa\/wp-json\/wp\/v2\/media?parent=3699"}],"wp:term":[{"taxonomy":"category","embeddable":true,"href":"https:\/\/www.rengoenlanoticia.cl\/prensa\/wp-json\/wp\/v2\/categories?post=3699"},{"taxonomy":"post_tag","embeddable":true,"href":"https:\/\/www.rengoenlanoticia.cl\/prensa\/wp-json\/wp\/v2\/tags?post=3699"}],"curies":[{"name":"wp","href":"https:\/\/api.w.org\/{rel}","templated":true}]}}