{"id":3671,"date":"2025-06-11T18:16:43","date_gmt":"2025-06-11T18:16:43","guid":{"rendered":"https:\/\/www.rengoenlanoticia.cl\/prensa\/?p=3671"},"modified":"2025-06-11T18:18:32","modified_gmt":"2025-06-11T18:18:32","slug":"segundo-encuentro-exportador-de-ohiggins-proyecta-negocios-por-us-15-millones","status":"publish","type":"post","link":"https:\/\/www.rengoenlanoticia.cl\/prensa\/2025\/06\/11\/segundo-encuentro-exportador-de-ohiggins-proyecta-negocios-por-us-15-millones\/","title":{"rendered":"Segundo Encuentro Exportador de O&#8217;Higgins proyecta negocios por US$ 1,5 millones"},"content":{"rendered":"\n<figure class=\"wp-block-table\"><table class=\"has-fixed-layout\"><tbody><tr><td><\/td><\/tr><tr><td><strong><em>La actividad, organizada por ProChile, cont\u00f3 con la participaci\u00f3n de 85 empresas regionales y 24 importadores de 12 mercados. Tambi\u00e9n se presentaron otras acciones de promoci\u00f3n como visitas al terreno y talleres especializados.<\/em><\/strong><\/td><\/tr><tr><td>\u00a0Con mucho \u00e9xito se desarroll\u00f3 el segundo Encuentro Exportador de O&#8217;Higgins 2025, actividad de promoci\u00f3n comercial que realiz\u00f3 ProChile en la ciudad de Santa Cruz y que cont\u00f3 con el financiamiento del Gobierno Regional del Libertador Bernardo O&#8217;Higgins a trav\u00e9s del Fondo de Innovaci\u00f3n para la Competitividad Regional (FlC-R).El programa de actividades comenz\u00f3 el lunes 2 de junio con una serie de talleres especializados para la internacionalizaci\u00f3n de empresas locales enfocadas en los mercados de M\u00e9xico, Centroam\u00e9rica y el Caribe. La inauguraci\u00f3n a cargo del director general de ProChile, Ignacio Fern\u00e1ndez, expuso en detalle el aporte a las exportaciones nacionales de la Regi\u00f3n de O&#8217;Higgins y tambi\u00e9n present\u00f3 las oportunidades comerciales que tienen las empresas regionales en los distintos mercados internacionales presentes en el Encuentro Exportador como M\u00e9xico, Costa Rica, Guatemala, Reino Unido y Per\u00fa, entre otros.Para el Gobernador Regional de O&#8217;Higgins, Pablo Silva Amaya, este tipo de instancias \u00abnos parecen tremendamente necesarias. Son grandes oportunidades que permiten exponer productos trabajados o cultivados en nuestra regi\u00f3n y, por lo tanto, sabemos y tenemos la seguridad que se trata de bienes de calidad, totalmente garantizados\u00bb, agregando que \u00abpor esta convicci\u00f3n y porque conocemos a las pymes de la regi\u00f3n es que usamos impulsar este proyecto, financiando la totalidad de sus etapas y con ello apoyando a nuestra gente\u00bb.\u00bbCon este segundo Encuentro Exportador, reafirmamos el trabajo que cada d\u00eda hacemos para lograr el crecimiento exportador de las empresas y pymes locales. Un objetivo central es el impulsar la diversificaci\u00f3n de la matriz exportadora, ampliando la oferta de bienes y servicios, que son de muy buena calidad aqu\u00ed en O&#8217;Higgins. <br>He visto en terreno los productos y servicios que componen esta oferta regional y reitero el llamado a que nos busquen, nos contacten, porque en ProChile tenemos los programas y herramientas necesarias para guiar su camino e impulsar su llegada a m\u00e1s y nuevos mercados\u201d, destac\u00f3 Ignacio Fern\u00e1ndez.La Rueda de Negocios Internacional logr\u00f3 generar una serie de encuentros m\u00e1s all\u00e1 de lo comercial y sirvi\u00f3 tambi\u00e9n para el intercambio de experiencias y prospecci\u00f3n de nuevos mercados.En total, a partir de la informaci\u00f3n entregada por los propios importadores a trav\u00e9s de una encuesta, se realizaron 336 reuniones, las que proyectan negocios por US$1,5 millones, lo que representa un gran \u00e9xito para las empresas y pymes participantes, adem\u00e1s de una muy buena oportunidad para los productores y productoras locales, que tuvieron el espacio de dar a conocer su oferta a importadores de Europa, Am\u00e9rica del Norte, Am\u00e9rica del Sur, Centroam\u00e9rica y Caribe.Leonor D\u00edaz, jefa de Divisi\u00f3n de Fomento e Industria del Gobierno Regional de O&#8217;Higgins, dice que la realizaci\u00f3n de este encuentro \u201cnos confirma que vamos por buen camino, que cuando el Gobierno Regional acompa\u00f1a a peque\u00f1os empresarios en estos procesos, logran cumplir su sue\u00f1o de exportar desde la regi\u00f3n hacia distintos mercados internacionales, as\u00ed que estamos trabajando en conjunto y creemos que este el camino para que la oportunidad sea para muchos y muchas m\u00e1s empresas de la regi\u00f3n\u201d.Adem\u00e1s de las reuniones de negocios, el Encuentro Exportador de O&#8217;Higgins 2025 desarroll\u00f3 varias actividades de vinculaci\u00f3n empresarial y visitas a terreno que permitieron a los importadores de 12 mercados, establecer contactos valiosos con las contrapartes y fortalecer sus redes de negocio.Bony Sue Avell\u00e1n, de Comercializadora Salom\u00f3n, de Costa Rica, se\u00f1al\u00f3 que ellos como importadores de fruta valoran mucho este Encuentro porque \u00abChile es uno de nuestros mejores pa\u00edses, de hecho, es nuestro pa\u00eds predilecto por tema de calidad y la fruta que maneja. Es mi primera vez aqu\u00ed y estoy content\u00edsima. Queremos conocer y ampliar nuestros horizontes porque somos una empresa en crecimiento. ProChile para nosotros ha sido una maravilla desde que nos contactaron y nos invitaron. Nos dan respaldo con los proveedores en Costa Rica y en Chile, eso es una ventaja enorme para cualquier importador\u201d.Lucy Zapata, gerenta general de InGlobo, destaca el Encuentro Exportador y el hecho de que se realiza en la regi\u00f3n donde reside su empresa: \u00abHa sido espectacular, como siempre lo digo. En la ceremonia inicial dijeron algo muy importante, cuando est\u00e1s con ProChile sumas, a lo mejor solo puedes acceder a uno o dos mercados, pero estando con ProChile se te ampl\u00eda a cinco, seis o incluso m\u00e1s. Este Encuentro Exportador es muy positivo, hay m\u00e1s gente de afuera y las conversaciones que se generan son muy ricas, conocer otras mentalidades, otras culturas otra forma de enfrentar los negocios\u201d.Rosel Cante de la importadora Naturasol, proveniente de M\u00e9xico, se\u00f1al\u00f3 que \u201ces de gran valor porque podemos conectarnos con empresas exportadoras que buscan hacer negocios con M\u00e9xico y nosotros como procesadores de alimentos tenemos esa opci\u00f3n de productos directos del campo entonces es importante este tipo de eventos para conectarnos. El trabajo junto a ProChile ha sido excelente y estoy muy agradecido\u201d.<\/td><\/tr><\/tbody><\/table><\/figure>\n","protected":false},"excerpt":{"rendered":"La actividad, organizada por ProChile, cont\u00f3 con la participaci\u00f3n de 85 empresas regionales y 24 importadores de 12&hellip;\n","protected":false},"author":1,"featured_media":3676,"comment_status":"open","ping_status":"open","sticky":false,"template":"","format":"standard","meta":{"_monsterinsights_skip_tracking":false,"_monsterinsights_sitenote_active":false,"_monsterinsights_sitenote_note":"","_monsterinsights_sitenote_category":0,"footnotes":""},"categories":[8],"tags":[],"class_list":{"0":"post-3671","1":"post","2":"type-post","3":"status-publish","4":"format-standard","5":"has-post-thumbnail","7":"category-portada"},"aioseo_notices":[],"_links":{"self":[{"href":"https:\/\/www.rengoenlanoticia.cl\/prensa\/wp-json\/wp\/v2\/posts\/3671","targetHints":{"allow":["GET"]}}],"collection":[{"href":"https:\/\/www.rengoenlanoticia.cl\/prensa\/wp-json\/wp\/v2\/posts"}],"about":[{"href":"https:\/\/www.rengoenlanoticia.cl\/prensa\/wp-json\/wp\/v2\/types\/post"}],"author":[{"embeddable":true,"href":"https:\/\/www.rengoenlanoticia.cl\/prensa\/wp-json\/wp\/v2\/users\/1"}],"replies":[{"embeddable":true,"href":"https:\/\/www.rengoenlanoticia.cl\/prensa\/wp-json\/wp\/v2\/comments?post=3671"}],"version-history":[{"count":4,"href":"https:\/\/www.rengoenlanoticia.cl\/prensa\/wp-json\/wp\/v2\/posts\/3671\/revisions"}],"predecessor-version":[{"id":3690,"href":"https:\/\/www.rengoenlanoticia.cl\/prensa\/wp-json\/wp\/v2\/posts\/3671\/revisions\/3690"}],"wp:featuredmedia":[{"embeddable":true,"href":"https:\/\/www.rengoenlanoticia.cl\/prensa\/wp-json\/wp\/v2\/media\/3676"}],"wp:attachment":[{"href":"https:\/\/www.rengoenlanoticia.cl\/prensa\/wp-json\/wp\/v2\/media?parent=3671"}],"wp:term":[{"taxonomy":"category","embeddable":true,"href":"https:\/\/www.rengoenlanoticia.cl\/prensa\/wp-json\/wp\/v2\/categories?post=3671"},{"taxonomy":"post_tag","embeddable":true,"href":"https:\/\/www.rengoenlanoticia.cl\/prensa\/wp-json\/wp\/v2\/tags?post=3671"}],"curies":[{"name":"wp","href":"https:\/\/api.w.org\/{rel}","templated":true}]}}