{"id":3670,"date":"2025-06-11T18:20:13","date_gmt":"2025-06-11T18:20:13","guid":{"rendered":"https:\/\/www.rengoenlanoticia.cl\/prensa\/?p=3670"},"modified":"2025-06-11T18:20:16","modified_gmt":"2025-06-11T18:20:16","slug":"senador-juan-luis-castro-por-informe-de-contraloria-lo-natural-es-que-quien-dirige-la-suseso-de-un-paso-al-costado","status":"publish","type":"post","link":"https:\/\/www.rengoenlanoticia.cl\/prensa\/2025\/06\/11\/senador-juan-luis-castro-por-informe-de-contraloria-lo-natural-es-que-quien-dirige-la-suseso-de-un-paso-al-costado\/","title":{"rendered":"Senador Juan Luis Castro por informe de Contralor\u00eda: \u201cLo natural es que quien dirige la SUSESO d\u00e9 un paso al costado\u201d"},"content":{"rendered":"\n<p><em>El parlamentario por la regi\u00f3n de O&#8217;Higgins, cuestion\u00f3 la continuidad de la superintendenta de Seguridad Social tras el informe de Contralor\u00eda que evidenci\u00f3 fallas graves, incluyendo m\u00e1s de 5 mil registros de personas fallecidas activas.<\/em><\/p>\n\n\n\n<p><br>El senador por la regi\u00f3n de O&#8217;Higgins e integrante de la comisi\u00f3n de Salud de la C\u00e1mara Alta, Juan Luis Castro, reaccion\u00f3 con dureza ante el reciente informe N.\u00ba 180-2025 de la Contralor\u00eda General de la Rep\u00fablica, que revela graves fallas administrativas y de control en la Superintendencia de Seguridad Social (SUSESO), particularmente en la gesti\u00f3n del sistema PAE, encargado de tramitar y recursos por licencias m\u00e9dicas irregulares.<\/p>\n\n\n\n<p>Entre los hallazgos m\u00e1s preocupantes del informe se cuentan: La existencia de m\u00e1s de 5.100 cuentas activas asociadas a personas fallecidas, sin controles autom\u00e1ticos para desactivarlas y accesos masivos no autorizados a datos sensibles, superando el mill\u00f3n y medio de ingresos desde cuentas irregulares, entre otras situaciones.<\/p>\n\n\n\n<p>Ante esta situaci\u00f3n, el senador Castro manifest\u00f3 que el informe \u201cllega a un punto francamente inaceptable\u201d y cuestion\u00f3 la continuidad de la actual jefa del organismo: \u201cNo es posible que la Superintendencia de Seguridad Social, el organismo que fiscaliza a FONASA ya las COMPIN en materia de licencias m\u00e9dicas, tenga m\u00e1s de 5 mil registros de personas fallecidas como si estuvieran vivas. No es posible que haya m\u00e1s de un mill\u00f3n y medio de accesos de gente no registrados entrando a datos sensibles. No se ha cumplido tampoco el convenio con FONASA, ni con la PDI. \u00bfQu\u00e9 hace entonces la SUSESO? Esto le pone una l\u00e1pida a una mala gesti\u00f3n, donde lo natural es que dirige la Superintendencia d\u00e9 un paso al costado para tener, de una vez por todas, una instituci\u00f3n eficiente, como el pa\u00eds requiere\u201d, afirm\u00f3 el parlamentario.<\/p>\n\n\n\n<p>El informe exige a la SUSESO adoptar medidas correctivas en un plazo de 60 d\u00edas h\u00e1biles y abrir procedimientos disciplinarios en un m\u00e1ximo de 15 d\u00edas. Para el senador Castro, estos pasos deben ir acompa\u00f1ados de una decisi\u00f3n pol\u00edtica clara: \u00abLa ciudadan\u00eda merece instituciones que funcionen, que cuiden los recursos p\u00fablicos y protejan datos sensibles. Hoy la SUSESO ha fallado gravemente en esa tarea\u00bb.<\/p>\n","protected":false},"excerpt":{"rendered":"El parlamentario por la regi\u00f3n de O&#8217;Higgins, cuestion\u00f3 la continuidad de la superintendenta de Seguridad Social tras el&hellip;\n","protected":false},"author":1,"featured_media":3677,"comment_status":"open","ping_status":"open","sticky":false,"template":"","format":"standard","meta":{"_monsterinsights_skip_tracking":false,"_monsterinsights_sitenote_active":false,"_monsterinsights_sitenote_note":"","_monsterinsights_sitenote_category":0,"footnotes":""},"categories":[11,8],"tags":[],"class_list":{"0":"post-3670","1":"post","2":"type-post","3":"status-publish","4":"format-standard","5":"has-post-thumbnail","7":"category-politica","8":"category-portada"},"aioseo_notices":[],"_links":{"self":[{"href":"https:\/\/www.rengoenlanoticia.cl\/prensa\/wp-json\/wp\/v2\/posts\/3670","targetHints":{"allow":["GET"]}}],"collection":[{"href":"https:\/\/www.rengoenlanoticia.cl\/prensa\/wp-json\/wp\/v2\/posts"}],"about":[{"href":"https:\/\/www.rengoenlanoticia.cl\/prensa\/wp-json\/wp\/v2\/types\/post"}],"author":[{"embeddable":true,"href":"https:\/\/www.rengoenlanoticia.cl\/prensa\/wp-json\/wp\/v2\/users\/1"}],"replies":[{"embeddable":true,"href":"https:\/\/www.rengoenlanoticia.cl\/prensa\/wp-json\/wp\/v2\/comments?post=3670"}],"version-history":[{"count":3,"href":"https:\/\/www.rengoenlanoticia.cl\/prensa\/wp-json\/wp\/v2\/posts\/3670\/revisions"}],"predecessor-version":[{"id":3692,"href":"https:\/\/www.rengoenlanoticia.cl\/prensa\/wp-json\/wp\/v2\/posts\/3670\/revisions\/3692"}],"wp:featuredmedia":[{"embeddable":true,"href":"https:\/\/www.rengoenlanoticia.cl\/prensa\/wp-json\/wp\/v2\/media\/3677"}],"wp:attachment":[{"href":"https:\/\/www.rengoenlanoticia.cl\/prensa\/wp-json\/wp\/v2\/media?parent=3670"}],"wp:term":[{"taxonomy":"category","embeddable":true,"href":"https:\/\/www.rengoenlanoticia.cl\/prensa\/wp-json\/wp\/v2\/categories?post=3670"},{"taxonomy":"post_tag","embeddable":true,"href":"https:\/\/www.rengoenlanoticia.cl\/prensa\/wp-json\/wp\/v2\/tags?post=3670"}],"curies":[{"name":"wp","href":"https:\/\/api.w.org\/{rel}","templated":true}]}}