{"id":3663,"date":"2025-06-11T13:44:47","date_gmt":"2025-06-11T13:44:47","guid":{"rendered":"https:\/\/www.rengoenlanoticia.cl\/prensa\/?p=3663"},"modified":"2025-06-11T13:44:49","modified_gmt":"2025-06-11T13:44:49","slug":"el-invierno-ya-esta-encima-y-hay-que-vacunarse-ahora-senador-castro-llama-a-no-postergar-inmunizacion-contra-la-influenza","status":"publish","type":"post","link":"https:\/\/www.rengoenlanoticia.cl\/prensa\/2025\/06\/11\/el-invierno-ya-esta-encima-y-hay-que-vacunarse-ahora-senador-castro-llama-a-no-postergar-inmunizacion-contra-la-influenza\/","title":{"rendered":"\u201cEl invierno ya est\u00e1 encima y hay que vacunarse ahora\u201d: Senador Castro llama a no postergar inmunizaci\u00f3n contra la Influenza"},"content":{"rendered":"\n<p><em>El parlamentario advirti\u00f3 que la campa\u00f1a de vacunaci\u00f3n en la regi\u00f3n de O&#8217;Higgins a\u00fan no alcanza el nivel necesario de cobertura, especialmente ni\u00f1os en peque\u00f1os, adultos mayores y embarazadas.<\/em><br>El senador por la regi\u00f3n de O&#8217;Higgins y m\u00e9dico de profesi\u00f3n, Juan Luis Castro, expres\u00f3 su preocupaci\u00f3n por el avance de la campa\u00f1a de vacunaci\u00f3n contra la influenza en la regi\u00f3n, que actualmente alcanza un 73,3% de cobertura, cuando ya deber\u00eda bordear el 85%.<\/p>\n\n\n\n<p>El parlamentario advirti\u00f3 que los grupos de mayor riesgo siguen rezagados:&nbsp;\u00abTodav\u00eda estamos al debe. En la campa\u00f1a de vacunaci\u00f3n contra la influenza hay tres grupos prioritarios que no han alcanzado la cobertura necesaria, los ni\u00f1os peque\u00f1os entre 6 meses y 5 a\u00f1os, las embarazadas en cualquier etapa de gestaci\u00f3n y los adultos mayores de 60 a\u00f1os. Ah\u00ed tenemos un problema serio, porque cada caso no vacunado puede terminar en bronconeumon\u00eda o incluso en la muerte\u00bb.<\/p>\n\n\n\n<p>Castro recalc\u00f3 la urgencia de tomar medidas ahora, cuando las temperaturas ya han comenzado a descender. \u201cEs urgente y preventorio actuar ahora, no esperar m\u00e1s porque el invierno ya est\u00e1 encima\u201d.<\/p>\n\n\n\n<p>Asimismo, el senador hizo un llamado especial a las familias con reci\u00e9n nacidos para que se informen y accedan a la vacunaci\u00f3n gratuita contra el Virus Respiratorio Sincicial (VRS), que tambi\u00e9n forma parte del programa nacional. \u00abEl mismo virus que por fines de junio o julio azota a nuestro pa\u00eds, causando neumon\u00edas graves e incluso fallecimientos. Por eso la vacunaci\u00f3n precoz es tan importante\u00bb.<\/p>\n\n\n\n<p>El legislador llam\u00f3 a las autoridades locales y al Ministerio de Salud a redoblar los esfuerzos comunicacionales y territoriales, especialmente en las comunas con menor cobertura, para evitar cuadros respiratorios graves y hospitalizaciones que puedan tensar la red asistencial regional.<\/p>\n","protected":false},"excerpt":{"rendered":"El parlamentario advirti\u00f3 que la campa\u00f1a de vacunaci\u00f3n en la regi\u00f3n de O&#8217;Higgins a\u00fan no alcanza el nivel&hellip;\n","protected":false},"author":1,"featured_media":3664,"comment_status":"open","ping_status":"open","sticky":false,"template":"","format":"standard","meta":{"_monsterinsights_skip_tracking":false,"_monsterinsights_sitenote_active":false,"_monsterinsights_sitenote_note":"","_monsterinsights_sitenote_category":0,"footnotes":""},"categories":[11,8],"tags":[],"class_list":{"0":"post-3663","1":"post","2":"type-post","3":"status-publish","4":"format-standard","5":"has-post-thumbnail","7":"category-politica","8":"category-portada"},"aioseo_notices":[],"_links":{"self":[{"href":"https:\/\/www.rengoenlanoticia.cl\/prensa\/wp-json\/wp\/v2\/posts\/3663","targetHints":{"allow":["GET"]}}],"collection":[{"href":"https:\/\/www.rengoenlanoticia.cl\/prensa\/wp-json\/wp\/v2\/posts"}],"about":[{"href":"https:\/\/www.rengoenlanoticia.cl\/prensa\/wp-json\/wp\/v2\/types\/post"}],"author":[{"embeddable":true,"href":"https:\/\/www.rengoenlanoticia.cl\/prensa\/wp-json\/wp\/v2\/users\/1"}],"replies":[{"embeddable":true,"href":"https:\/\/www.rengoenlanoticia.cl\/prensa\/wp-json\/wp\/v2\/comments?post=3663"}],"version-history":[{"count":3,"href":"https:\/\/www.rengoenlanoticia.cl\/prensa\/wp-json\/wp\/v2\/posts\/3663\/revisions"}],"predecessor-version":[{"id":3667,"href":"https:\/\/www.rengoenlanoticia.cl\/prensa\/wp-json\/wp\/v2\/posts\/3663\/revisions\/3667"}],"wp:featuredmedia":[{"embeddable":true,"href":"https:\/\/www.rengoenlanoticia.cl\/prensa\/wp-json\/wp\/v2\/media\/3664"}],"wp:attachment":[{"href":"https:\/\/www.rengoenlanoticia.cl\/prensa\/wp-json\/wp\/v2\/media?parent=3663"}],"wp:term":[{"taxonomy":"category","embeddable":true,"href":"https:\/\/www.rengoenlanoticia.cl\/prensa\/wp-json\/wp\/v2\/categories?post=3663"},{"taxonomy":"post_tag","embeddable":true,"href":"https:\/\/www.rengoenlanoticia.cl\/prensa\/wp-json\/wp\/v2\/tags?post=3663"}],"curies":[{"name":"wp","href":"https:\/\/api.w.org\/{rel}","templated":true}]}}