{"id":3646,"date":"2025-06-10T23:24:57","date_gmt":"2025-06-10T23:24:57","guid":{"rendered":"https:\/\/www.rengoenlanoticia.cl\/prensa\/?p=3646"},"modified":"2025-06-10T23:25:30","modified_gmt":"2025-06-10T23:25:30","slug":"corte-de-rancagua-y-fiscalia-regional-de-ohiggins-realizan-seminario-sobre-la-situacion-del-crimen-organizado-en-chile","status":"publish","type":"post","link":"https:\/\/www.rengoenlanoticia.cl\/prensa\/2025\/06\/10\/corte-de-rancagua-y-fiscalia-regional-de-ohiggins-realizan-seminario-sobre-la-situacion-del-crimen-organizado-en-chile\/","title":{"rendered":"Corte de Rancagua y Fiscal\u00eda Regional de O\u2019Higgins realizan seminario sobre la situaci\u00f3n del crimen organizado en Chile"},"content":{"rendered":"\n<p>Con la participaci\u00f3n de cerca de un centenar de personas se realiz\u00f3 el seminario \u201cSituaci\u00f3n del crimen organizado en Chile y modificaciones legales en delitos de organizaci\u00f3n\u201d, organizado en conjunto por la Corte de Apelaciones de Rancagua y la Fiscal\u00eda Regional de O\u2019Higgins.<\/p>\n\n\n\n<p>Esta actividad acad\u00e9mica se efectu\u00f3 -el pasado viernes 6 de junio- en el auditorio del Centro de Justicia de la ciudad y cont\u00f3 con la participaci\u00f3n del ministro de la Corte Suprema Manuel Antonio Valderrama, del presidente del tribunal de alzada, ministro Pedro Caro; los ministros y fiscales de la Corte de Rancagua; el fiscal regional de O\u2019Higgins, Aquiles Cubillos; el subsecretario de Seguridad P\u00fablica, Rafael Collado; y autoridades regionales del sector justicia, seguridad p\u00fablica y las polic\u00edas, junto a jueces, fiscales y defensores.<\/p>\n\n\n\n<figure class=\"wp-block-image size-large\"><img loading=\"lazy\" decoding=\"async\" width=\"1024\" height=\"682\" src=\"https:\/\/www.rengoenlanoticia.cl\/prensa\/wp-content\/uploads\/2025\/06\/WhatsApp-Image-2025-06-10-at-10.00.18-1024x682.jpeg\" alt=\"\" class=\"wp-image-3647\" srcset=\"https:\/\/www.rengoenlanoticia.cl\/prensa\/wp-content\/uploads\/2025\/06\/WhatsApp-Image-2025-06-10-at-10.00.18-1024x682.jpeg 1024w, https:\/\/www.rengoenlanoticia.cl\/prensa\/wp-content\/uploads\/2025\/06\/WhatsApp-Image-2025-06-10-at-10.00.18-300x200.jpeg 300w, https:\/\/www.rengoenlanoticia.cl\/prensa\/wp-content\/uploads\/2025\/06\/WhatsApp-Image-2025-06-10-at-10.00.18-768x512.jpeg 768w, https:\/\/www.rengoenlanoticia.cl\/prensa\/wp-content\/uploads\/2025\/06\/WhatsApp-Image-2025-06-10-at-10.00.18-1536x1023.jpeg 1536w, https:\/\/www.rengoenlanoticia.cl\/prensa\/wp-content\/uploads\/2025\/06\/WhatsApp-Image-2025-06-10-at-10.00.18-110x73.jpeg 110w, https:\/\/www.rengoenlanoticia.cl\/prensa\/wp-content\/uploads\/2025\/06\/WhatsApp-Image-2025-06-10-at-10.00.18-200x133.jpeg 200w, https:\/\/www.rengoenlanoticia.cl\/prensa\/wp-content\/uploads\/2025\/06\/WhatsApp-Image-2025-06-10-at-10.00.18-380x253.jpeg 380w, https:\/\/www.rengoenlanoticia.cl\/prensa\/wp-content\/uploads\/2025\/06\/WhatsApp-Image-2025-06-10-at-10.00.18-255x170.jpeg 255w, https:\/\/www.rengoenlanoticia.cl\/prensa\/wp-content\/uploads\/2025\/06\/WhatsApp-Image-2025-06-10-at-10.00.18-550x366.jpeg 550w, https:\/\/www.rengoenlanoticia.cl\/prensa\/wp-content\/uploads\/2025\/06\/WhatsApp-Image-2025-06-10-at-10.00.18-800x533.jpeg 800w, https:\/\/www.rengoenlanoticia.cl\/prensa\/wp-content\/uploads\/2025\/06\/WhatsApp-Image-2025-06-10-at-10.00.18-1160x773.jpeg 1160w, https:\/\/www.rengoenlanoticia.cl\/prensa\/wp-content\/uploads\/2025\/06\/WhatsApp-Image-2025-06-10-at-10.00.18.jpeg 1600w\" sizes=\"auto, (max-width: 1024px) 100vw, 1024px\" \/><\/figure>\n\n\n\n<p>Al inicio del seminario, el presidente de la Corte de Apelaciones de Rancagua, Pedro Caro, y el fiscal regional Aquiles Cubillos, entregaron palabras de bienvenida en que abordaron el impacto de este fen\u00f3meno criminal en la sociedad, en la administraci\u00f3n de justicia y la persecuci\u00f3n penal.<\/p>\n\n\n\n<figure class=\"wp-block-image size-large\"><img loading=\"lazy\" decoding=\"async\" width=\"1024\" height=\"682\" src=\"https:\/\/www.rengoenlanoticia.cl\/prensa\/wp-content\/uploads\/2025\/06\/WhatsApp-Image-2025-06-10-at-10.01.19-1024x682.jpeg\" alt=\"\" class=\"wp-image-3649\" srcset=\"https:\/\/www.rengoenlanoticia.cl\/prensa\/wp-content\/uploads\/2025\/06\/WhatsApp-Image-2025-06-10-at-10.01.19-1024x682.jpeg 1024w, https:\/\/www.rengoenlanoticia.cl\/prensa\/wp-content\/uploads\/2025\/06\/WhatsApp-Image-2025-06-10-at-10.01.19-300x200.jpeg 300w, https:\/\/www.rengoenlanoticia.cl\/prensa\/wp-content\/uploads\/2025\/06\/WhatsApp-Image-2025-06-10-at-10.01.19-768x512.jpeg 768w, https:\/\/www.rengoenlanoticia.cl\/prensa\/wp-content\/uploads\/2025\/06\/WhatsApp-Image-2025-06-10-at-10.01.19-1536x1023.jpeg 1536w, https:\/\/www.rengoenlanoticia.cl\/prensa\/wp-content\/uploads\/2025\/06\/WhatsApp-Image-2025-06-10-at-10.01.19-110x73.jpeg 110w, https:\/\/www.rengoenlanoticia.cl\/prensa\/wp-content\/uploads\/2025\/06\/WhatsApp-Image-2025-06-10-at-10.01.19-200x133.jpeg 200w, https:\/\/www.rengoenlanoticia.cl\/prensa\/wp-content\/uploads\/2025\/06\/WhatsApp-Image-2025-06-10-at-10.01.19-380x253.jpeg 380w, https:\/\/www.rengoenlanoticia.cl\/prensa\/wp-content\/uploads\/2025\/06\/WhatsApp-Image-2025-06-10-at-10.01.19-255x170.jpeg 255w, https:\/\/www.rengoenlanoticia.cl\/prensa\/wp-content\/uploads\/2025\/06\/WhatsApp-Image-2025-06-10-at-10.01.19-550x366.jpeg 550w, https:\/\/www.rengoenlanoticia.cl\/prensa\/wp-content\/uploads\/2025\/06\/WhatsApp-Image-2025-06-10-at-10.01.19-800x533.jpeg 800w, https:\/\/www.rengoenlanoticia.cl\/prensa\/wp-content\/uploads\/2025\/06\/WhatsApp-Image-2025-06-10-at-10.01.19-1160x773.jpeg 1160w, https:\/\/www.rengoenlanoticia.cl\/prensa\/wp-content\/uploads\/2025\/06\/WhatsApp-Image-2025-06-10-at-10.01.19.jpeg 1600w\" sizes=\"auto, (max-width: 1024px) 100vw, 1024px\" \/><\/figure>\n\n\n\n<p>El ministro Caro manifest\u00f3 que \u201cla realizaci\u00f3n de este seminario cumple un importante objetivo que es lograr una mejor comprensi\u00f3n de este fen\u00f3meno, que si bien no es nuevo, ha tenido una evoluci\u00f3n mucha m\u00e1s compleja en el \u00faltimo periodo. La estructura cl\u00e1sica del proceso penal se ha visto superada por esta nueva realidad delictual, pues ya no estamos en presencia de la comisi\u00f3n de hechos il\u00edcitos, aislados y desconectados entre s\u00ed, cometidos por individuos, sino que, ante un conjunto de acciones desplegadas por organizaciones criminales y que abarcan una gama muy diversa de \u00e1mbitos<br>delictuales\u201d.<\/p>\n\n\n\n<p>Agreg\u00f3 que lo anterior \u201cconlleva desaf\u00edos relevantes tanto para la persecuci\u00f3n penal como para el correcto ejercicio del derecho a defensa, pero tambi\u00e9n en el an\u00e1lisis del rol que llevan a cabo los tribunales de justicia y de los riesgos que el crimen organizado puede generar en la independencia e imparcialidad judicial\u201d.<\/p>\n\n\n\n<figure class=\"wp-block-image size-large\"><img loading=\"lazy\" decoding=\"async\" width=\"1024\" height=\"682\" src=\"https:\/\/www.rengoenlanoticia.cl\/prensa\/wp-content\/uploads\/2025\/06\/WhatsApp-Image-2025-06-10-at-10.01.41-1024x682.jpeg\" alt=\"\" class=\"wp-image-3650\" srcset=\"https:\/\/www.rengoenlanoticia.cl\/prensa\/wp-content\/uploads\/2025\/06\/WhatsApp-Image-2025-06-10-at-10.01.41-1024x682.jpeg 1024w, https:\/\/www.rengoenlanoticia.cl\/prensa\/wp-content\/uploads\/2025\/06\/WhatsApp-Image-2025-06-10-at-10.01.41-300x200.jpeg 300w, https:\/\/www.rengoenlanoticia.cl\/prensa\/wp-content\/uploads\/2025\/06\/WhatsApp-Image-2025-06-10-at-10.01.41-768x512.jpeg 768w, https:\/\/www.rengoenlanoticia.cl\/prensa\/wp-content\/uploads\/2025\/06\/WhatsApp-Image-2025-06-10-at-10.01.41-1536x1023.jpeg 1536w, https:\/\/www.rengoenlanoticia.cl\/prensa\/wp-content\/uploads\/2025\/06\/WhatsApp-Image-2025-06-10-at-10.01.41-110x73.jpeg 110w, https:\/\/www.rengoenlanoticia.cl\/prensa\/wp-content\/uploads\/2025\/06\/WhatsApp-Image-2025-06-10-at-10.01.41-200x133.jpeg 200w, https:\/\/www.rengoenlanoticia.cl\/prensa\/wp-content\/uploads\/2025\/06\/WhatsApp-Image-2025-06-10-at-10.01.41-380x253.jpeg 380w, https:\/\/www.rengoenlanoticia.cl\/prensa\/wp-content\/uploads\/2025\/06\/WhatsApp-Image-2025-06-10-at-10.01.41-255x170.jpeg 255w, https:\/\/www.rengoenlanoticia.cl\/prensa\/wp-content\/uploads\/2025\/06\/WhatsApp-Image-2025-06-10-at-10.01.41-550x366.jpeg 550w, https:\/\/www.rengoenlanoticia.cl\/prensa\/wp-content\/uploads\/2025\/06\/WhatsApp-Image-2025-06-10-at-10.01.41-800x533.jpeg 800w, https:\/\/www.rengoenlanoticia.cl\/prensa\/wp-content\/uploads\/2025\/06\/WhatsApp-Image-2025-06-10-at-10.01.41-1160x773.jpeg 1160w, https:\/\/www.rengoenlanoticia.cl\/prensa\/wp-content\/uploads\/2025\/06\/WhatsApp-Image-2025-06-10-at-10.01.41.jpeg 1600w\" sizes=\"auto, (max-width: 1024px) 100vw, 1024px\" \/><\/figure>\n\n\n\n<p>En tanto, el fiscal regional Cubillos indic\u00f3 que \u201cesta es una materia muy importante, que ata\u00f1e a todos los organismos del Estado. El tema del crimen organizado es sumamente complejo, un fen\u00f3meno criminal reciente, pero que est\u00e1 presente en nuestra sociedad y, especialmente en nuestra regi\u00f3n. Todas las modificaciones legales que se han suscitado en los \u00faltimos dos a\u00f1os son normas que debemos manejar y difundir. Esclarecer todas las dudas y tener la posibilidad de interactuar con profesores y operadores del sistema es tremendamente importante para nosotros\u201d.<\/p>\n\n\n\n<p>\u201cEn primer lugar quiero extender mis felicitaciones por la organizaci\u00f3n de este seminario respecto de una materia tan importante como el crimen organizado. Las y los acad\u00e9micos que expusieron son de un nivel excelente, as\u00ed tambi\u00e9n el subsecretario de Seguridad P\u00fablica, quien nos deja una gran labor a nosotros en cuanto a la interpretaci\u00f3n de las disposiciones del C\u00f3digo Penal. Las estad\u00edsticas que se mostraron y ver c\u00f3mo ha cambiado la criminalidad en Chile es muy importante\u201d, se\u00f1al\u00f3 el ministro del m\u00e1ximo tribunal Manuel Antonio Valderrama.<\/p>\n\n\n\n<p>Exposiciones<\/p>\n\n\n\n<figure class=\"wp-block-image size-large\"><img loading=\"lazy\" decoding=\"async\" width=\"1024\" height=\"682\" src=\"https:\/\/www.rengoenlanoticia.cl\/prensa\/wp-content\/uploads\/2025\/06\/WhatsApp-Image-2025-06-10-at-10.03.19-1024x682.jpeg\" alt=\"\" class=\"wp-image-3651\" srcset=\"https:\/\/www.rengoenlanoticia.cl\/prensa\/wp-content\/uploads\/2025\/06\/WhatsApp-Image-2025-06-10-at-10.03.19-1024x682.jpeg 1024w, https:\/\/www.rengoenlanoticia.cl\/prensa\/wp-content\/uploads\/2025\/06\/WhatsApp-Image-2025-06-10-at-10.03.19-300x200.jpeg 300w, https:\/\/www.rengoenlanoticia.cl\/prensa\/wp-content\/uploads\/2025\/06\/WhatsApp-Image-2025-06-10-at-10.03.19-768x512.jpeg 768w, https:\/\/www.rengoenlanoticia.cl\/prensa\/wp-content\/uploads\/2025\/06\/WhatsApp-Image-2025-06-10-at-10.03.19-1536x1023.jpeg 1536w, https:\/\/www.rengoenlanoticia.cl\/prensa\/wp-content\/uploads\/2025\/06\/WhatsApp-Image-2025-06-10-at-10.03.19-110x73.jpeg 110w, https:\/\/www.rengoenlanoticia.cl\/prensa\/wp-content\/uploads\/2025\/06\/WhatsApp-Image-2025-06-10-at-10.03.19-200x133.jpeg 200w, https:\/\/www.rengoenlanoticia.cl\/prensa\/wp-content\/uploads\/2025\/06\/WhatsApp-Image-2025-06-10-at-10.03.19-380x253.jpeg 380w, https:\/\/www.rengoenlanoticia.cl\/prensa\/wp-content\/uploads\/2025\/06\/WhatsApp-Image-2025-06-10-at-10.03.19-255x170.jpeg 255w, https:\/\/www.rengoenlanoticia.cl\/prensa\/wp-content\/uploads\/2025\/06\/WhatsApp-Image-2025-06-10-at-10.03.19-550x366.jpeg 550w, https:\/\/www.rengoenlanoticia.cl\/prensa\/wp-content\/uploads\/2025\/06\/WhatsApp-Image-2025-06-10-at-10.03.19-800x533.jpeg 800w, https:\/\/www.rengoenlanoticia.cl\/prensa\/wp-content\/uploads\/2025\/06\/WhatsApp-Image-2025-06-10-at-10.03.19-1160x773.jpeg 1160w, https:\/\/www.rengoenlanoticia.cl\/prensa\/wp-content\/uploads\/2025\/06\/WhatsApp-Image-2025-06-10-at-10.03.19.jpeg 1600w\" sizes=\"auto, (max-width: 1024px) 100vw, 1024px\" \/><\/figure>\n\n\n\n<p><br>La moderaci\u00f3n de las presentaciones estuvo a cargo del fiscal judicial del tribunal de alzada, Joaqu\u00edn Nilo Valdebenito, y la primera exposici\u00f3n fue realizada por el director y la subdirectora de la Unidad Especializada en Crimen Organizado y Drogas de la Fiscal\u00eda Nacional, Ignacio Castillo Val y Tania Gajardo Orellana, quienes abordaron los hallazgos y desaf\u00edos que da cuenta el Primer Informe de caracterizaci\u00f3n del Crimen Organizado.<\/p>\n\n\n\n<p>Posteriormente el subsecretario de Seguridad P\u00fablica, Rafael Collado, abord\u00f3 la Pol\u00edtica Nacional contra el Crimen Organizado y su implementaci\u00f3n, y luego la profesora de Derecho Penal de la Universidad de los Andes y consejera del Colegio de Abogados de Chile, Tatiana Vargas Pinto, expuso sobre las modificaciones legales en delitos de organizaci\u00f3n.<\/p>\n\n\n\n<figure class=\"wp-block-image size-large\"><img loading=\"lazy\" decoding=\"async\" width=\"1024\" height=\"682\" src=\"https:\/\/www.rengoenlanoticia.cl\/prensa\/wp-content\/uploads\/2025\/06\/WhatsApp-Image-2025-06-10-at-10.00.50-1024x682.jpeg\" alt=\"\" class=\"wp-image-3648\" srcset=\"https:\/\/www.rengoenlanoticia.cl\/prensa\/wp-content\/uploads\/2025\/06\/WhatsApp-Image-2025-06-10-at-10.00.50-1024x682.jpeg 1024w, https:\/\/www.rengoenlanoticia.cl\/prensa\/wp-content\/uploads\/2025\/06\/WhatsApp-Image-2025-06-10-at-10.00.50-300x200.jpeg 300w, https:\/\/www.rengoenlanoticia.cl\/prensa\/wp-content\/uploads\/2025\/06\/WhatsApp-Image-2025-06-10-at-10.00.50-768x512.jpeg 768w, https:\/\/www.rengoenlanoticia.cl\/prensa\/wp-content\/uploads\/2025\/06\/WhatsApp-Image-2025-06-10-at-10.00.50-1536x1023.jpeg 1536w, https:\/\/www.rengoenlanoticia.cl\/prensa\/wp-content\/uploads\/2025\/06\/WhatsApp-Image-2025-06-10-at-10.00.50-110x73.jpeg 110w, https:\/\/www.rengoenlanoticia.cl\/prensa\/wp-content\/uploads\/2025\/06\/WhatsApp-Image-2025-06-10-at-10.00.50-200x133.jpeg 200w, https:\/\/www.rengoenlanoticia.cl\/prensa\/wp-content\/uploads\/2025\/06\/WhatsApp-Image-2025-06-10-at-10.00.50-380x253.jpeg 380w, https:\/\/www.rengoenlanoticia.cl\/prensa\/wp-content\/uploads\/2025\/06\/WhatsApp-Image-2025-06-10-at-10.00.50-255x170.jpeg 255w, https:\/\/www.rengoenlanoticia.cl\/prensa\/wp-content\/uploads\/2025\/06\/WhatsApp-Image-2025-06-10-at-10.00.50-550x366.jpeg 550w, https:\/\/www.rengoenlanoticia.cl\/prensa\/wp-content\/uploads\/2025\/06\/WhatsApp-Image-2025-06-10-at-10.00.50-800x533.jpeg 800w, https:\/\/www.rengoenlanoticia.cl\/prensa\/wp-content\/uploads\/2025\/06\/WhatsApp-Image-2025-06-10-at-10.00.50-1160x773.jpeg 1160w, https:\/\/www.rengoenlanoticia.cl\/prensa\/wp-content\/uploads\/2025\/06\/WhatsApp-Image-2025-06-10-at-10.00.50.jpeg 1600w\" sizes=\"auto, (max-width: 1024px) 100vw, 1024px\" \/><\/figure>\n\n\n\n<p>Finalmente, el ministro Valderrama entreg\u00f3 unas palabras al cierre de la actividad, valorando este espacio de di\u00e1logo y deliberaci\u00f3n e invitando a todos los actores del sistema penal a continuar profundizando en el estudio de esta problem\u00e1tica.<\/p>\n","protected":false},"excerpt":{"rendered":"Con la participaci\u00f3n de cerca de un centenar de personas se realiz\u00f3 el seminario \u201cSituaci\u00f3n del crimen organizado&hellip;\n","protected":false},"author":1,"featured_media":3652,"comment_status":"open","ping_status":"open","sticky":false,"template":"","format":"standard","meta":{"_monsterinsights_skip_tracking":false,"_monsterinsights_sitenote_active":false,"_monsterinsights_sitenote_note":"","_monsterinsights_sitenote_category":0,"footnotes":""},"categories":[8],"tags":[],"class_list":{"0":"post-3646","1":"post","2":"type-post","3":"status-publish","4":"format-standard","5":"has-post-thumbnail","7":"category-portada"},"aioseo_notices":[],"_links":{"self":[{"href":"https:\/\/www.rengoenlanoticia.cl\/prensa\/wp-json\/wp\/v2\/posts\/3646","targetHints":{"allow":["GET"]}}],"collection":[{"href":"https:\/\/www.rengoenlanoticia.cl\/prensa\/wp-json\/wp\/v2\/posts"}],"about":[{"href":"https:\/\/www.rengoenlanoticia.cl\/prensa\/wp-json\/wp\/v2\/types\/post"}],"author":[{"embeddable":true,"href":"https:\/\/www.rengoenlanoticia.cl\/prensa\/wp-json\/wp\/v2\/users\/1"}],"replies":[{"embeddable":true,"href":"https:\/\/www.rengoenlanoticia.cl\/prensa\/wp-json\/wp\/v2\/comments?post=3646"}],"version-history":[{"count":2,"href":"https:\/\/www.rengoenlanoticia.cl\/prensa\/wp-json\/wp\/v2\/posts\/3646\/revisions"}],"predecessor-version":[{"id":3654,"href":"https:\/\/www.rengoenlanoticia.cl\/prensa\/wp-json\/wp\/v2\/posts\/3646\/revisions\/3654"}],"wp:featuredmedia":[{"embeddable":true,"href":"https:\/\/www.rengoenlanoticia.cl\/prensa\/wp-json\/wp\/v2\/media\/3652"}],"wp:attachment":[{"href":"https:\/\/www.rengoenlanoticia.cl\/prensa\/wp-json\/wp\/v2\/media?parent=3646"}],"wp:term":[{"taxonomy":"category","embeddable":true,"href":"https:\/\/www.rengoenlanoticia.cl\/prensa\/wp-json\/wp\/v2\/categories?post=3646"},{"taxonomy":"post_tag","embeddable":true,"href":"https:\/\/www.rengoenlanoticia.cl\/prensa\/wp-json\/wp\/v2\/tags?post=3646"}],"curies":[{"name":"wp","href":"https:\/\/api.w.org\/{rel}","templated":true}]}}