{"id":3642,"date":"2025-06-10T23:45:48","date_gmt":"2025-06-10T23:45:48","guid":{"rendered":"https:\/\/www.rengoenlanoticia.cl\/prensa\/?p=3642"},"modified":"2025-06-10T23:46:06","modified_gmt":"2025-06-10T23:46:06","slug":"masiva-participacion-de-dirigentes-vecinales-en-el-primer-congreso-de-juntas-de-vecinos-organizado-por-carabineros","status":"publish","type":"post","link":"https:\/\/www.rengoenlanoticia.cl\/prensa\/2025\/06\/10\/masiva-participacion-de-dirigentes-vecinales-en-el-primer-congreso-de-juntas-de-vecinos-organizado-por-carabineros\/","title":{"rendered":"Masiva participaci\u00f3n de dirigentes vecinales en el Primer Congreso de Juntas de Vecinos organizado por Carabineros"},"content":{"rendered":"\n<p>Representantes de las 33 comunas de la Regi\u00f3n de O\u2019Higgins llegaron hasta el Teatro Lucho Gatica para ser parte de la actividad.<\/p>\n\n\n\n<p>M\u00e1s de 800 dirigentes vecinales representantes de las 33 comunas de la Regi\u00f3n de O\u2019Higgins participaron en el Primer Congreso de Juntas de Vecinos, organizado por Carabineros de la Zona O\u2019Higgins, en el Teatro Lucho Gatica de Rancagua, en el marco del permanente acercamiento y comunicaci\u00f3n con la comunidad.<br>Una jornada que estuvo marcada por la masiva participaci\u00f3n de los vecinos, quienes atentos siguieron las exposiciones, cuyo objetivo era entregarles herramientas de prevenci\u00f3n de delitos, comunicaci\u00f3n con Carabineros y medidas de seguridad en el hogar, que permitan construir entre todos, comunidades m\u00e1s seguras.<\/p>\n\n\n\n<figure class=\"wp-block-image size-large\"><img loading=\"lazy\" decoding=\"async\" width=\"1024\" height=\"682\" src=\"https:\/\/www.rengoenlanoticia.cl\/prensa\/wp-content\/uploads\/2025\/06\/WhatsApp-Image-2025-06-10-at-13.48.52-1024x682.jpeg\" alt=\"\" class=\"wp-image-3656\" srcset=\"https:\/\/www.rengoenlanoticia.cl\/prensa\/wp-content\/uploads\/2025\/06\/WhatsApp-Image-2025-06-10-at-13.48.52-1024x682.jpeg 1024w, https:\/\/www.rengoenlanoticia.cl\/prensa\/wp-content\/uploads\/2025\/06\/WhatsApp-Image-2025-06-10-at-13.48.52-300x200.jpeg 300w, https:\/\/www.rengoenlanoticia.cl\/prensa\/wp-content\/uploads\/2025\/06\/WhatsApp-Image-2025-06-10-at-13.48.52-768x511.jpeg 768w, https:\/\/www.rengoenlanoticia.cl\/prensa\/wp-content\/uploads\/2025\/06\/WhatsApp-Image-2025-06-10-at-13.48.52-110x73.jpeg 110w, https:\/\/www.rengoenlanoticia.cl\/prensa\/wp-content\/uploads\/2025\/06\/WhatsApp-Image-2025-06-10-at-13.48.52-200x133.jpeg 200w, https:\/\/www.rengoenlanoticia.cl\/prensa\/wp-content\/uploads\/2025\/06\/WhatsApp-Image-2025-06-10-at-13.48.52-380x253.jpeg 380w, https:\/\/www.rengoenlanoticia.cl\/prensa\/wp-content\/uploads\/2025\/06\/WhatsApp-Image-2025-06-10-at-13.48.52-255x170.jpeg 255w, https:\/\/www.rengoenlanoticia.cl\/prensa\/wp-content\/uploads\/2025\/06\/WhatsApp-Image-2025-06-10-at-13.48.52-550x366.jpeg 550w, https:\/\/www.rengoenlanoticia.cl\/prensa\/wp-content\/uploads\/2025\/06\/WhatsApp-Image-2025-06-10-at-13.48.52-800x533.jpeg 800w, https:\/\/www.rengoenlanoticia.cl\/prensa\/wp-content\/uploads\/2025\/06\/WhatsApp-Image-2025-06-10-at-13.48.52-1160x772.jpeg 1160w, https:\/\/www.rengoenlanoticia.cl\/prensa\/wp-content\/uploads\/2025\/06\/WhatsApp-Image-2025-06-10-at-13.48.52.jpeg 1280w\" sizes=\"auto, (max-width: 1024px) 100vw, 1024px\" \/><\/figure>\n\n\n\n<p><br>En ese sentido, el Jefe Zona, General Max Jim\u00e9nez Fleming, explic\u00f3 que \u201cesta es una iniciativa que surge desde Carabineros para las juntas de vecinos y la hemos organizado con mucho cari\u00f1o. Para nosotros es fundamental la comunicaci\u00f3n permanente con los vecinos y en esta jornada junto con exposiciones de prevenci\u00f3n de delitos, tambi\u00e9n hemos entregado algunos tips sobre medidas de seguridad en hogar y relativos a c\u00f3mo realizar las denuncias, que es tan relevante para focalizar nuestros servicios y seguir l\u00edneas de intervenci\u00f3n e investigaci\u00f3n\u201d.<br>Durante el Congreso, Carabineros especializados de Labocar entreg\u00f3 a los dirigentes vecinales consejos pr\u00e1cticos de \u201cSeguridad y Prevenci\u00f3n del delito en el domicilio\u201d, abordando en esta \u00e1rea herramientas para evitar la ocurrencia de incendios estructurales.<\/p>\n\n\n\n<figure class=\"wp-block-image size-large\"><img loading=\"lazy\" decoding=\"async\" width=\"1024\" height=\"682\" src=\"https:\/\/www.rengoenlanoticia.cl\/prensa\/wp-content\/uploads\/2025\/06\/WhatsApp-Image-2025-06-10-at-13.49.08-1024x682.jpeg\" alt=\"\" class=\"wp-image-3657\" srcset=\"https:\/\/www.rengoenlanoticia.cl\/prensa\/wp-content\/uploads\/2025\/06\/WhatsApp-Image-2025-06-10-at-13.49.08-1024x682.jpeg 1024w, https:\/\/www.rengoenlanoticia.cl\/prensa\/wp-content\/uploads\/2025\/06\/WhatsApp-Image-2025-06-10-at-13.49.08-300x200.jpeg 300w, https:\/\/www.rengoenlanoticia.cl\/prensa\/wp-content\/uploads\/2025\/06\/WhatsApp-Image-2025-06-10-at-13.49.08-768x511.jpeg 768w, https:\/\/www.rengoenlanoticia.cl\/prensa\/wp-content\/uploads\/2025\/06\/WhatsApp-Image-2025-06-10-at-13.49.08-110x73.jpeg 110w, https:\/\/www.rengoenlanoticia.cl\/prensa\/wp-content\/uploads\/2025\/06\/WhatsApp-Image-2025-06-10-at-13.49.08-200x133.jpeg 200w, https:\/\/www.rengoenlanoticia.cl\/prensa\/wp-content\/uploads\/2025\/06\/WhatsApp-Image-2025-06-10-at-13.49.08-380x253.jpeg 380w, https:\/\/www.rengoenlanoticia.cl\/prensa\/wp-content\/uploads\/2025\/06\/WhatsApp-Image-2025-06-10-at-13.49.08-255x170.jpeg 255w, https:\/\/www.rengoenlanoticia.cl\/prensa\/wp-content\/uploads\/2025\/06\/WhatsApp-Image-2025-06-10-at-13.49.08-550x366.jpeg 550w, https:\/\/www.rengoenlanoticia.cl\/prensa\/wp-content\/uploads\/2025\/06\/WhatsApp-Image-2025-06-10-at-13.49.08-800x533.jpeg 800w, https:\/\/www.rengoenlanoticia.cl\/prensa\/wp-content\/uploads\/2025\/06\/WhatsApp-Image-2025-06-10-at-13.49.08-1160x772.jpeg 1160w, https:\/\/www.rengoenlanoticia.cl\/prensa\/wp-content\/uploads\/2025\/06\/WhatsApp-Image-2025-06-10-at-13.49.08.jpeg 1280w\" sizes=\"auto, (max-width: 1024px) 100vw, 1024px\" \/><\/figure>\n\n\n\n<p>Mientras que el OS-7 Cachapoal se enfoc\u00f3 en la \u201cDenuncia Segura de Microtr\u00e1fico en los Barrios\u201d, exponiendo los diferentes canales que existen para ello. En el caso de denuncias an\u00f3nimas relacionadas con drogas se puede utilizar Denuncia Segura 4242, Fono Droga 135 o bien a trav\u00e9s de www.Comisar\u00eda Virtual.cl. En relaci\u00f3n a otros tipos de denuncia \u00e9stas se pueden realizar de forma presencial en cualquier comisar\u00eda de Carabineros.<br>Tambi\u00e9n se expusieron detalles de la importancia del trabajo permanente del Modelo de Integraci\u00f3n Carabineros- Comunidad, MICC, que permite establecer una comunicaci\u00f3n fluida con los vecinos para tener una comunidad m\u00e1s segura.<br>Finalmente los vecinos pudieron disfrutar de dos grandes espect\u00e1culos: el \u201cGran Mago Balbontini\u201d y de la presentaci\u00f3n de la \u201cSmall Band\u201d del Orfe\u00f3n de Carabineros, que los hizo cantar y bailar.<\/p>\n\n\n\n<figure class=\"wp-block-image size-large\"><img loading=\"lazy\" decoding=\"async\" width=\"1024\" height=\"682\" src=\"https:\/\/www.rengoenlanoticia.cl\/prensa\/wp-content\/uploads\/2025\/06\/WhatsApp-Image-2025-06-10-at-13.49.26-1024x682.jpeg\" alt=\"\" class=\"wp-image-3658\" srcset=\"https:\/\/www.rengoenlanoticia.cl\/prensa\/wp-content\/uploads\/2025\/06\/WhatsApp-Image-2025-06-10-at-13.49.26-1024x682.jpeg 1024w, https:\/\/www.rengoenlanoticia.cl\/prensa\/wp-content\/uploads\/2025\/06\/WhatsApp-Image-2025-06-10-at-13.49.26-300x200.jpeg 300w, https:\/\/www.rengoenlanoticia.cl\/prensa\/wp-content\/uploads\/2025\/06\/WhatsApp-Image-2025-06-10-at-13.49.26-768x511.jpeg 768w, https:\/\/www.rengoenlanoticia.cl\/prensa\/wp-content\/uploads\/2025\/06\/WhatsApp-Image-2025-06-10-at-13.49.26-110x73.jpeg 110w, https:\/\/www.rengoenlanoticia.cl\/prensa\/wp-content\/uploads\/2025\/06\/WhatsApp-Image-2025-06-10-at-13.49.26-200x133.jpeg 200w, https:\/\/www.rengoenlanoticia.cl\/prensa\/wp-content\/uploads\/2025\/06\/WhatsApp-Image-2025-06-10-at-13.49.26-380x253.jpeg 380w, https:\/\/www.rengoenlanoticia.cl\/prensa\/wp-content\/uploads\/2025\/06\/WhatsApp-Image-2025-06-10-at-13.49.26-255x170.jpeg 255w, https:\/\/www.rengoenlanoticia.cl\/prensa\/wp-content\/uploads\/2025\/06\/WhatsApp-Image-2025-06-10-at-13.49.26-550x366.jpeg 550w, https:\/\/www.rengoenlanoticia.cl\/prensa\/wp-content\/uploads\/2025\/06\/WhatsApp-Image-2025-06-10-at-13.49.26-800x533.jpeg 800w, https:\/\/www.rengoenlanoticia.cl\/prensa\/wp-content\/uploads\/2025\/06\/WhatsApp-Image-2025-06-10-at-13.49.26-1160x772.jpeg 1160w, https:\/\/www.rengoenlanoticia.cl\/prensa\/wp-content\/uploads\/2025\/06\/WhatsApp-Image-2025-06-10-at-13.49.26.jpeg 1280w\" sizes=\"auto, (max-width: 1024px) 100vw, 1024px\" \/><\/figure>\n\n\n\n<p>Gobernador Regional O\u2019Higgins, Pablo Silva Amaya:<br>\u201cAgradecer esta iniciativa de Carabineros, porque es muy importante la relaci\u00f3n que tienen con la comunidad. Nos parece espectacular este Congreso con los dirigentes vecinales, ellos son la primera l\u00ednea directa con la comunidad. Esto es parte del trabajo normal que tiene Carabineros con los vecinos y sus juntas de vecinos\u201d.<\/p>\n\n\n\n<figure class=\"wp-block-image size-large\"><img loading=\"lazy\" decoding=\"async\" width=\"1024\" height=\"576\" src=\"https:\/\/www.rengoenlanoticia.cl\/prensa\/wp-content\/uploads\/2025\/06\/WhatsApp-Image-2025-06-10-at-13.55.43-1024x576.jpeg\" alt=\"\" class=\"wp-image-3660\" srcset=\"https:\/\/www.rengoenlanoticia.cl\/prensa\/wp-content\/uploads\/2025\/06\/WhatsApp-Image-2025-06-10-at-13.55.43-1024x576.jpeg 1024w, https:\/\/www.rengoenlanoticia.cl\/prensa\/wp-content\/uploads\/2025\/06\/WhatsApp-Image-2025-06-10-at-13.55.43-300x169.jpeg 300w, https:\/\/www.rengoenlanoticia.cl\/prensa\/wp-content\/uploads\/2025\/06\/WhatsApp-Image-2025-06-10-at-13.55.43-768x432.jpeg 768w, https:\/\/www.rengoenlanoticia.cl\/prensa\/wp-content\/uploads\/2025\/06\/WhatsApp-Image-2025-06-10-at-13.55.43-110x62.jpeg 110w, https:\/\/www.rengoenlanoticia.cl\/prensa\/wp-content\/uploads\/2025\/06\/WhatsApp-Image-2025-06-10-at-13.55.43-200x113.jpeg 200w, https:\/\/www.rengoenlanoticia.cl\/prensa\/wp-content\/uploads\/2025\/06\/WhatsApp-Image-2025-06-10-at-13.55.43-380x214.jpeg 380w, https:\/\/www.rengoenlanoticia.cl\/prensa\/wp-content\/uploads\/2025\/06\/WhatsApp-Image-2025-06-10-at-13.55.43-255x143.jpeg 255w, https:\/\/www.rengoenlanoticia.cl\/prensa\/wp-content\/uploads\/2025\/06\/WhatsApp-Image-2025-06-10-at-13.55.43-550x309.jpeg 550w, https:\/\/www.rengoenlanoticia.cl\/prensa\/wp-content\/uploads\/2025\/06\/WhatsApp-Image-2025-06-10-at-13.55.43-800x450.jpeg 800w, https:\/\/www.rengoenlanoticia.cl\/prensa\/wp-content\/uploads\/2025\/06\/WhatsApp-Image-2025-06-10-at-13.55.43-1160x653.jpeg 1160w, https:\/\/www.rengoenlanoticia.cl\/prensa\/wp-content\/uploads\/2025\/06\/WhatsApp-Image-2025-06-10-at-13.55.43.jpeg 1280w\" sizes=\"auto, (max-width: 1024px) 100vw, 1024px\" \/><\/figure>\n\n\n\n<p>Delegado Presidencial O\u2019Higgins, Fabio L\u00f3pez Aguilera:<br>\u201cCarabineros ha organizado esta jornada para entregar conocimiento a la comunidad, en aspectos como la denuncia, porque est\u00e1 comprobado el poder de la denuncia para combatir la delincuencia. Por ello, esta iniciativa es muy importante y la labor que est\u00e1n las realizando MICC que tiene un rol fundamental en la relaci\u00f3n con Carabineros.<\/p>\n\n\n\n<p>Sonja Ahumada Evans, presidenta JJVV Villa Nueva Cordillera:<br>\u201cMuy bueno este congreso y muy importante para nosotros como vecinos que trabajamos directamente con las MICC. Estoy muy agradecida por esta iniciativa, porque es muy relevante la comunicaci\u00f3n que mantenemos con ellos y quiero aprovechar de agradecer al General Jim\u00e9nez, al Coronel S\u00e1nchez y a cada Carabineros de la Regi\u00f3n y del pa\u00eds por todo el trabajo que realizan en el d\u00eda a d\u00eda por nuestra seguridad. Ojal\u00e1 esta iniciativa se repitiera en otras regiones\u201d.<\/p>\n\n\n\n<p>Carmen Oliva, presidenta de la Uni\u00f3n Comunal de Pichilemu:<br>\u201cEsta es la primera vez que se realiza este Congreso y encuentro genial que Carabineros haya tenido esta iniciativa que beneficia a la comunidad en el \u00e1mbito de la seguridad. Es esencial que como vecinos conozcamos todo el trabajo que se est\u00e1 realizando. Con Carabineros siempre hemos estado bien comunicados y trabajado de forma conjunta\u201d.<\/p>\n\n\n\n<p>Jessica Fredes, presidenta Uni\u00f3n Comunal Junta de Vecinos Santa Cruz:<br>\u201cPrimero agradecer esta instancia que da Carabineros a nivel regional, es muy importante porque cada dirigente vecinal est\u00e1 comprometido en el tema de seguridad trabajando junto con los delegados de las MICC de Carabineros. En este momento a nivel pa\u00eds hay inseguridad, nosotros trabajamos en nuestros cuadrantes con Carabineros\u201d.<\/p>\n\n\n\n<p>Carolina Ram\u00edrez, presidenta JJVV El Molino, Rengo:<br>\u201cEstamos s\u00faper contentos con este Primer Congreso realizado por Carabineros. Nosotros mantenemos una muy buena relaci\u00f3n, estamos siempre comunicados con ellos a trav\u00e9s de los encargados de las MICC, adem\u00e1s nos realizan capacitaciones en diferentes \u00e1reas de prevenci\u00f3n\u201d.<\/p>\n\n\n\n<figure class=\"wp-block-image size-large\"><img loading=\"lazy\" decoding=\"async\" width=\"1024\" height=\"682\" src=\"https:\/\/www.rengoenlanoticia.cl\/prensa\/wp-content\/uploads\/2025\/06\/WhatsApp-Image-2025-06-10-at-13.49.38-1024x682.jpeg\" alt=\"\" class=\"wp-image-3659\" srcset=\"https:\/\/www.rengoenlanoticia.cl\/prensa\/wp-content\/uploads\/2025\/06\/WhatsApp-Image-2025-06-10-at-13.49.38-1024x682.jpeg 1024w, https:\/\/www.rengoenlanoticia.cl\/prensa\/wp-content\/uploads\/2025\/06\/WhatsApp-Image-2025-06-10-at-13.49.38-300x200.jpeg 300w, https:\/\/www.rengoenlanoticia.cl\/prensa\/wp-content\/uploads\/2025\/06\/WhatsApp-Image-2025-06-10-at-13.49.38-768x511.jpeg 768w, https:\/\/www.rengoenlanoticia.cl\/prensa\/wp-content\/uploads\/2025\/06\/WhatsApp-Image-2025-06-10-at-13.49.38-110x73.jpeg 110w, https:\/\/www.rengoenlanoticia.cl\/prensa\/wp-content\/uploads\/2025\/06\/WhatsApp-Image-2025-06-10-at-13.49.38-200x133.jpeg 200w, https:\/\/www.rengoenlanoticia.cl\/prensa\/wp-content\/uploads\/2025\/06\/WhatsApp-Image-2025-06-10-at-13.49.38-380x253.jpeg 380w, https:\/\/www.rengoenlanoticia.cl\/prensa\/wp-content\/uploads\/2025\/06\/WhatsApp-Image-2025-06-10-at-13.49.38-255x170.jpeg 255w, https:\/\/www.rengoenlanoticia.cl\/prensa\/wp-content\/uploads\/2025\/06\/WhatsApp-Image-2025-06-10-at-13.49.38-550x366.jpeg 550w, https:\/\/www.rengoenlanoticia.cl\/prensa\/wp-content\/uploads\/2025\/06\/WhatsApp-Image-2025-06-10-at-13.49.38-800x533.jpeg 800w, https:\/\/www.rengoenlanoticia.cl\/prensa\/wp-content\/uploads\/2025\/06\/WhatsApp-Image-2025-06-10-at-13.49.38-1160x772.jpeg 1160w, https:\/\/www.rengoenlanoticia.cl\/prensa\/wp-content\/uploads\/2025\/06\/WhatsApp-Image-2025-06-10-at-13.49.38.jpeg 1280w\" sizes=\"auto, (max-width: 1024px) 100vw, 1024px\" \/><\/figure>\n","protected":false},"excerpt":{"rendered":"Representantes de las 33 comunas de la Regi\u00f3n de O\u2019Higgins llegaron hasta el Teatro Lucho Gatica para ser&hellip;\n","protected":false},"author":1,"featured_media":3655,"comment_status":"open","ping_status":"open","sticky":false,"template":"","format":"standard","meta":{"_monsterinsights_skip_tracking":false,"_monsterinsights_sitenote_active":false,"_monsterinsights_sitenote_note":"","_monsterinsights_sitenote_category":0,"footnotes":""},"categories":[8],"tags":[],"class_list":{"0":"post-3642","1":"post","2":"type-post","3":"status-publish","4":"format-standard","5":"has-post-thumbnail","7":"category-portada"},"aioseo_notices":[],"_links":{"self":[{"href":"https:\/\/www.rengoenlanoticia.cl\/prensa\/wp-json\/wp\/v2\/posts\/3642","targetHints":{"allow":["GET"]}}],"collection":[{"href":"https:\/\/www.rengoenlanoticia.cl\/prensa\/wp-json\/wp\/v2\/posts"}],"about":[{"href":"https:\/\/www.rengoenlanoticia.cl\/prensa\/wp-json\/wp\/v2\/types\/post"}],"author":[{"embeddable":true,"href":"https:\/\/www.rengoenlanoticia.cl\/prensa\/wp-json\/wp\/v2\/users\/1"}],"replies":[{"embeddable":true,"href":"https:\/\/www.rengoenlanoticia.cl\/prensa\/wp-json\/wp\/v2\/comments?post=3642"}],"version-history":[{"count":2,"href":"https:\/\/www.rengoenlanoticia.cl\/prensa\/wp-json\/wp\/v2\/posts\/3642\/revisions"}],"predecessor-version":[{"id":3662,"href":"https:\/\/www.rengoenlanoticia.cl\/prensa\/wp-json\/wp\/v2\/posts\/3642\/revisions\/3662"}],"wp:featuredmedia":[{"embeddable":true,"href":"https:\/\/www.rengoenlanoticia.cl\/prensa\/wp-json\/wp\/v2\/media\/3655"}],"wp:attachment":[{"href":"https:\/\/www.rengoenlanoticia.cl\/prensa\/wp-json\/wp\/v2\/media?parent=3642"}],"wp:term":[{"taxonomy":"category","embeddable":true,"href":"https:\/\/www.rengoenlanoticia.cl\/prensa\/wp-json\/wp\/v2\/categories?post=3642"},{"taxonomy":"post_tag","embeddable":true,"href":"https:\/\/www.rengoenlanoticia.cl\/prensa\/wp-json\/wp\/v2\/tags?post=3642"}],"curies":[{"name":"wp","href":"https:\/\/api.w.org\/{rel}","templated":true}]}}