{"id":3628,"date":"2025-06-10T23:04:11","date_gmt":"2025-06-10T23:04:11","guid":{"rendered":"https:\/\/www.rengoenlanoticia.cl\/prensa\/?p=3628"},"modified":"2025-06-10T23:05:35","modified_gmt":"2025-06-10T23:05:35","slug":"comision-de-salud-del-core-inspeccion-moderna-cesfam-de-requinoa","status":"publish","type":"post","link":"https:\/\/www.rengoenlanoticia.cl\/prensa\/2025\/06\/10\/comision-de-salud-del-core-inspeccion-moderna-cesfam-de-requinoa\/","title":{"rendered":"Comisi\u00f3n de Salud del CORE inspecci\u00f3n moderna Cesfam de Requ\u00ednoa"},"content":{"rendered":"\n<p><strong>\u2022<\/strong>&nbsp;El proyecto alcanza los 8 mil 570 millones de pesos financiados por el Gobierno Regional a trav\u00e9s del FNDR, que considera obras, equipos, equipamiento y otros gastos, lo que beneficiar\u00e1 a una poblaci\u00f3n de 20 mil personas.<\/p>\n\n\n\n<p> La Comisi\u00f3n de Salud del Consejo Regional (CORE) realiz\u00f3 una visita inspeccionativa a las nuevas y modernas instalaciones del Centro de Salud Familiar (Cesfam) Dr. Joaqu\u00edn Contreras Silva, ubicado en la comuna de Requ\u00ednoa. Esta importante obra representa una inversi\u00f3n de 8,570 millones de pesos, financiada en su totalidad por el Gobierno Regional, con el respaldo t\u00e9cnico del Servicio de Salud O&#8217;Higgins (SSO).<\/p>\n\n\n\n<figure class=\"wp-block-image size-large\"><img loading=\"lazy\" decoding=\"async\" width=\"1024\" height=\"682\" src=\"https:\/\/www.rengoenlanoticia.cl\/prensa\/wp-content\/uploads\/2025\/06\/Requinoa-1-1-1024x682.jpeg\" alt=\"\" class=\"wp-image-3640\" srcset=\"https:\/\/www.rengoenlanoticia.cl\/prensa\/wp-content\/uploads\/2025\/06\/Requinoa-1-1-1024x682.jpeg 1024w, https:\/\/www.rengoenlanoticia.cl\/prensa\/wp-content\/uploads\/2025\/06\/Requinoa-1-1-300x200.jpeg 300w, https:\/\/www.rengoenlanoticia.cl\/prensa\/wp-content\/uploads\/2025\/06\/Requinoa-1-1-768x512.jpeg 768w, https:\/\/www.rengoenlanoticia.cl\/prensa\/wp-content\/uploads\/2025\/06\/Requinoa-1-1-1536x1023.jpeg 1536w, https:\/\/www.rengoenlanoticia.cl\/prensa\/wp-content\/uploads\/2025\/06\/Requinoa-1-1-110x73.jpeg 110w, https:\/\/www.rengoenlanoticia.cl\/prensa\/wp-content\/uploads\/2025\/06\/Requinoa-1-1-200x133.jpeg 200w, https:\/\/www.rengoenlanoticia.cl\/prensa\/wp-content\/uploads\/2025\/06\/Requinoa-1-1-380x253.jpeg 380w, https:\/\/www.rengoenlanoticia.cl\/prensa\/wp-content\/uploads\/2025\/06\/Requinoa-1-1-255x170.jpeg 255w, https:\/\/www.rengoenlanoticia.cl\/prensa\/wp-content\/uploads\/2025\/06\/Requinoa-1-1-550x366.jpeg 550w, https:\/\/www.rengoenlanoticia.cl\/prensa\/wp-content\/uploads\/2025\/06\/Requinoa-1-1-800x533.jpeg 800w, https:\/\/www.rengoenlanoticia.cl\/prensa\/wp-content\/uploads\/2025\/06\/Requinoa-1-1-1160x773.jpeg 1160w, https:\/\/www.rengoenlanoticia.cl\/prensa\/wp-content\/uploads\/2025\/06\/Requinoa-1-1.jpeg 1600w\" sizes=\"auto, (max-width: 1024px) 100vw, 1024px\" \/><\/figure>\n\n\n\n<p>Durante la actividad, la consejera regional y presidenta de la Comisi\u00f3n de Salud del CORE, Rosita Zacconi, se\u00f1al\u00f3 que \u00abse trata de un edificio precioso, que incluso algunos consejeros regionales compararon con una cl\u00ednica privada. Para m\u00ed, que conozco el tema de salud, es un verdadero orgullo. Est\u00e1 hermoso y debe ser entregado cuanto antes a los vecinos de Requ\u00ednoa\u00bb.<\/p>\n\n\n\n<p>\u00abSabemos que la comunidad lo espera con gran expectaci\u00f3n. Por eso decidimos venir a constatar en terreno el estado del proyecto y definir acciones qu\u00e9 son necesarias para agilizar su entrega\u00bb, profundiz\u00f3 Zacconi, agradeciendo especialmente al Servicio de Salud \u00abpor su disposici\u00f3n y constante apoyo en este proceso\u00bb.<\/p>\n\n\n\n<figure class=\"wp-block-image size-large\"><img loading=\"lazy\" decoding=\"async\" width=\"1024\" height=\"682\" src=\"https:\/\/www.rengoenlanoticia.cl\/prensa\/wp-content\/uploads\/2025\/06\/Requinoa-4-1-1024x682.jpeg\" alt=\"\" class=\"wp-image-3641\" srcset=\"https:\/\/www.rengoenlanoticia.cl\/prensa\/wp-content\/uploads\/2025\/06\/Requinoa-4-1-1024x682.jpeg 1024w, https:\/\/www.rengoenlanoticia.cl\/prensa\/wp-content\/uploads\/2025\/06\/Requinoa-4-1-300x200.jpeg 300w, https:\/\/www.rengoenlanoticia.cl\/prensa\/wp-content\/uploads\/2025\/06\/Requinoa-4-1-768x512.jpeg 768w, https:\/\/www.rengoenlanoticia.cl\/prensa\/wp-content\/uploads\/2025\/06\/Requinoa-4-1-1536x1023.jpeg 1536w, https:\/\/www.rengoenlanoticia.cl\/prensa\/wp-content\/uploads\/2025\/06\/Requinoa-4-1-110x73.jpeg 110w, https:\/\/www.rengoenlanoticia.cl\/prensa\/wp-content\/uploads\/2025\/06\/Requinoa-4-1-200x133.jpeg 200w, https:\/\/www.rengoenlanoticia.cl\/prensa\/wp-content\/uploads\/2025\/06\/Requinoa-4-1-380x253.jpeg 380w, https:\/\/www.rengoenlanoticia.cl\/prensa\/wp-content\/uploads\/2025\/06\/Requinoa-4-1-255x170.jpeg 255w, https:\/\/www.rengoenlanoticia.cl\/prensa\/wp-content\/uploads\/2025\/06\/Requinoa-4-1-550x366.jpeg 550w, https:\/\/www.rengoenlanoticia.cl\/prensa\/wp-content\/uploads\/2025\/06\/Requinoa-4-1-800x533.jpeg 800w, https:\/\/www.rengoenlanoticia.cl\/prensa\/wp-content\/uploads\/2025\/06\/Requinoa-4-1-1160x773.jpeg 1160w, https:\/\/www.rengoenlanoticia.cl\/prensa\/wp-content\/uploads\/2025\/06\/Requinoa-4-1.jpeg 1600w\" sizes=\"auto, (max-width: 1024px) 100vw, 1024px\" \/><\/figure>\n\n\n\n<p>En la jornada participaron tambi\u00e9n el concejal y vicepresidente de la comisi\u00f3n de salud de Requ\u00ednoa, Jos\u00e9 Ram\u00f3n Parraguez; el jefe Departamento Salud Municipal de Requ\u00ednoa, Gerardo Villanueva, y representantes del equipo t\u00e9cnico del Servicio de Salud O&#8217;Higgins, encabezados por el jefe del Departamento de Recursos F\u00edsicos, Renato Puebla. Las autoridades entregaron detalles del estado de la obra, que se encuentra pr\u00e1cticamente finalizada, restando solo algunos avances vinculados al equipamiento y los permisos correspondientes, los cuales se proyectan concretar en los pr\u00f3ximos meses para su pr\u00f3xima puesta en marcha durante este a\u00f1o.<\/p>\n\n\n\n<p>Con m\u00e1s de 2.500 metros cuadrados de infraestructura, este moderno Cesfam se beneficiar\u00e1 directamente a cerca de 20 mil usuarios de Requ\u00ednoa y sectores aleda\u00f1os, constituy\u00e9ndose en un hito clave para el fortalecimiento de la red de salud p\u00fablica en la Regi\u00f3n de O&#8217;Higgins.<\/p>\n","protected":false},"excerpt":{"rendered":"\u2022&nbsp;El proyecto alcanza los 8 mil 570 millones de pesos financiados por el Gobierno Regional a trav\u00e9s del&hellip;\n","protected":false},"author":1,"featured_media":3638,"comment_status":"open","ping_status":"open","sticky":false,"template":"","format":"standard","meta":{"_monsterinsights_skip_tracking":false,"_monsterinsights_sitenote_active":false,"_monsterinsights_sitenote_note":"","_monsterinsights_sitenote_category":0,"footnotes":""},"categories":[8],"tags":[],"class_list":{"0":"post-3628","1":"post","2":"type-post","3":"status-publish","4":"format-standard","5":"has-post-thumbnail","7":"category-portada"},"aioseo_notices":[],"_links":{"self":[{"href":"https:\/\/www.rengoenlanoticia.cl\/prensa\/wp-json\/wp\/v2\/posts\/3628","targetHints":{"allow":["GET"]}}],"collection":[{"href":"https:\/\/www.rengoenlanoticia.cl\/prensa\/wp-json\/wp\/v2\/posts"}],"about":[{"href":"https:\/\/www.rengoenlanoticia.cl\/prensa\/wp-json\/wp\/v2\/types\/post"}],"author":[{"embeddable":true,"href":"https:\/\/www.rengoenlanoticia.cl\/prensa\/wp-json\/wp\/v2\/users\/1"}],"replies":[{"embeddable":true,"href":"https:\/\/www.rengoenlanoticia.cl\/prensa\/wp-json\/wp\/v2\/comments?post=3628"}],"version-history":[{"count":3,"href":"https:\/\/www.rengoenlanoticia.cl\/prensa\/wp-json\/wp\/v2\/posts\/3628\/revisions"}],"predecessor-version":[{"id":3645,"href":"https:\/\/www.rengoenlanoticia.cl\/prensa\/wp-json\/wp\/v2\/posts\/3628\/revisions\/3645"}],"wp:featuredmedia":[{"embeddable":true,"href":"https:\/\/www.rengoenlanoticia.cl\/prensa\/wp-json\/wp\/v2\/media\/3638"}],"wp:attachment":[{"href":"https:\/\/www.rengoenlanoticia.cl\/prensa\/wp-json\/wp\/v2\/media?parent=3628"}],"wp:term":[{"taxonomy":"category","embeddable":true,"href":"https:\/\/www.rengoenlanoticia.cl\/prensa\/wp-json\/wp\/v2\/categories?post=3628"},{"taxonomy":"post_tag","embeddable":true,"href":"https:\/\/www.rengoenlanoticia.cl\/prensa\/wp-json\/wp\/v2\/tags?post=3628"}],"curies":[{"name":"wp","href":"https:\/\/api.w.org\/{rel}","templated":true}]}}