{"id":3616,"date":"2025-06-10T22:47:37","date_gmt":"2025-06-10T22:47:37","guid":{"rendered":"https:\/\/www.rengoenlanoticia.cl\/prensa\/?p=3616"},"modified":"2025-06-10T22:53:53","modified_gmt":"2025-06-10T22:53:53","slug":"mop-ohiggins-mejora-conectividad-en-navidad-con-nuevo-asfalto-en-sector-fullingue","status":"publish","type":"post","link":"https:\/\/www.rengoenlanoticia.cl\/prensa\/2025\/06\/10\/mop-ohiggins-mejora-conectividad-en-navidad-con-nuevo-asfalto-en-sector-fullingue\/","title":{"rendered":"MOP O\u2019HIGGINS MEJORA CONECTIVIDAD EN NAVIDAD CON NUEVO ASFALTO EN SECTOR FULLINGUE"},"content":{"rendered":"\n<p><strong><em>Obras son parte de plan integral de pavimentaci\u00f3n de m\u00e1s de 30 km y consideran una inversi\u00f3n superior a los $12 mil millones para mejorar la conectividad y seguridad vial de la comuna costera.<\/em><\/strong><\/p>\n\n\n\n<p>Felices se encuentran los habitantes de la comunidad de Fullingue, sector sur de la comuna de Navidad, tras la entrega oficial de las obras de asfalto en el camino rural I-106, ejecutadas por la Direcci\u00f3n de Vialidad del MOP O\u2019Higgins. El proyecto, que abarc\u00f3 5,5 kil\u00f3metros entre los cruces con las rutas I-112 e I-190 y una inversi\u00f3n cercana a los $1.500 millones, permitir\u00e1 una mejor conexi\u00f3n vial entre las localidades de Pupuya con Valle Hidango y la comuna de Litueche, lo que sin duda aporta a mejorar la calidad de vida de las cientos de familias que viven y transitan por el sector.<\/p>\n\n\n\n<figure class=\"wp-block-image size-large\"><img loading=\"lazy\" decoding=\"async\" width=\"1024\" height=\"460\" src=\"https:\/\/www.rengoenlanoticia.cl\/prensa\/wp-content\/uploads\/2025\/06\/Foto-1-Camino-I-106-Fullingue-Navidad-1024x460.jpg\" alt=\"\" class=\"wp-image-3618\" srcset=\"https:\/\/www.rengoenlanoticia.cl\/prensa\/wp-content\/uploads\/2025\/06\/Foto-1-Camino-I-106-Fullingue-Navidad-1024x460.jpg 1024w, https:\/\/www.rengoenlanoticia.cl\/prensa\/wp-content\/uploads\/2025\/06\/Foto-1-Camino-I-106-Fullingue-Navidad-300x135.jpg 300w, https:\/\/www.rengoenlanoticia.cl\/prensa\/wp-content\/uploads\/2025\/06\/Foto-1-Camino-I-106-Fullingue-Navidad-768x345.jpg 768w, https:\/\/www.rengoenlanoticia.cl\/prensa\/wp-content\/uploads\/2025\/06\/Foto-1-Camino-I-106-Fullingue-Navidad-1536x690.jpg 1536w, https:\/\/www.rengoenlanoticia.cl\/prensa\/wp-content\/uploads\/2025\/06\/Foto-1-Camino-I-106-Fullingue-Navidad-2048x920.jpg 2048w, https:\/\/www.rengoenlanoticia.cl\/prensa\/wp-content\/uploads\/2025\/06\/Foto-1-Camino-I-106-Fullingue-Navidad-110x49.jpg 110w, https:\/\/www.rengoenlanoticia.cl\/prensa\/wp-content\/uploads\/2025\/06\/Foto-1-Camino-I-106-Fullingue-Navidad-200x90.jpg 200w, https:\/\/www.rengoenlanoticia.cl\/prensa\/wp-content\/uploads\/2025\/06\/Foto-1-Camino-I-106-Fullingue-Navidad-380x171.jpg 380w, https:\/\/www.rengoenlanoticia.cl\/prensa\/wp-content\/uploads\/2025\/06\/Foto-1-Camino-I-106-Fullingue-Navidad-255x115.jpg 255w, https:\/\/www.rengoenlanoticia.cl\/prensa\/wp-content\/uploads\/2025\/06\/Foto-1-Camino-I-106-Fullingue-Navidad-550x247.jpg 550w, https:\/\/www.rengoenlanoticia.cl\/prensa\/wp-content\/uploads\/2025\/06\/Foto-1-Camino-I-106-Fullingue-Navidad-800x359.jpg 800w, https:\/\/www.rengoenlanoticia.cl\/prensa\/wp-content\/uploads\/2025\/06\/Foto-1-Camino-I-106-Fullingue-Navidad-1160x521.jpg 1160w, https:\/\/www.rengoenlanoticia.cl\/prensa\/wp-content\/uploads\/2025\/06\/Foto-1-Camino-I-106-Fullingue-Navidad-scaled.jpg 2560w\" sizes=\"auto, (max-width: 1024px) 100vw, 1024px\" \/><\/figure>\n\n\n\n<p>La seremi de Obras P\u00fablicas, Mar\u00eda de los \u00c1ngeles Latorre, valor\u00f3 la entrega de este camino como parte de la inversi\u00f3n del Gobierno en sectores rurales. <strong>\u201cEsta obra refleja el compromiso del Presidente Boric y nuestra ministra, por llegar con inversi\u00f3n p\u00fablica a los territorios m\u00e1s aislados de nuestra regi\u00f3n. Hoy compartimos la alegr\u00eda de las familias de Fullingue, que por a\u00f1os enfrentaron dificultades de conectividad. Adem\u00e1s, seguimos avanzando con 30 kil\u00f3metros m\u00e1s en distintas localidades de Navidad, con una inversi\u00f3n cercana a los 40 mil millones de pesos, en obras viales y proyectos relacionados con agua potable y obras portuarias\u201d.<\/strong><\/p>\n\n\n\n<p>Del mismo modo, el Director Nacional de Vialidad, Horacio Pfeiffer, destac\u00f3 que <strong>\u201ccon estos 5,5 km asfaltados superamos el 50% de la red pavimentada de Navidad. Este trabajo es fruto de un esfuerzo conjunto entre la seremi del MOP, los equipos regionales de Vialidad y la comunidad. Hemos priorizado caminos que perduren en el tiempo y respondan a las condiciones rurales de este sector. Nuestro desaf\u00edo ahora es alcanzar el 60%, y seguiremos trabajando con ese objetivo\u201d<\/strong>.<\/p>\n\n\n\n<figure class=\"wp-block-image size-large\"><img loading=\"lazy\" decoding=\"async\" width=\"1024\" height=\"460\" src=\"https:\/\/www.rengoenlanoticia.cl\/prensa\/wp-content\/uploads\/2025\/06\/Foto-5-Camino-I-106-Fullingue-Navidad-1024x460.jpg\" alt=\"\" class=\"wp-image-3619\" srcset=\"https:\/\/www.rengoenlanoticia.cl\/prensa\/wp-content\/uploads\/2025\/06\/Foto-5-Camino-I-106-Fullingue-Navidad-1024x460.jpg 1024w, https:\/\/www.rengoenlanoticia.cl\/prensa\/wp-content\/uploads\/2025\/06\/Foto-5-Camino-I-106-Fullingue-Navidad-300x135.jpg 300w, https:\/\/www.rengoenlanoticia.cl\/prensa\/wp-content\/uploads\/2025\/06\/Foto-5-Camino-I-106-Fullingue-Navidad-768x345.jpg 768w, https:\/\/www.rengoenlanoticia.cl\/prensa\/wp-content\/uploads\/2025\/06\/Foto-5-Camino-I-106-Fullingue-Navidad-1536x690.jpg 1536w, https:\/\/www.rengoenlanoticia.cl\/prensa\/wp-content\/uploads\/2025\/06\/Foto-5-Camino-I-106-Fullingue-Navidad-2048x920.jpg 2048w, https:\/\/www.rengoenlanoticia.cl\/prensa\/wp-content\/uploads\/2025\/06\/Foto-5-Camino-I-106-Fullingue-Navidad-110x49.jpg 110w, https:\/\/www.rengoenlanoticia.cl\/prensa\/wp-content\/uploads\/2025\/06\/Foto-5-Camino-I-106-Fullingue-Navidad-200x90.jpg 200w, https:\/\/www.rengoenlanoticia.cl\/prensa\/wp-content\/uploads\/2025\/06\/Foto-5-Camino-I-106-Fullingue-Navidad-380x171.jpg 380w, https:\/\/www.rengoenlanoticia.cl\/prensa\/wp-content\/uploads\/2025\/06\/Foto-5-Camino-I-106-Fullingue-Navidad-255x115.jpg 255w, https:\/\/www.rengoenlanoticia.cl\/prensa\/wp-content\/uploads\/2025\/06\/Foto-5-Camino-I-106-Fullingue-Navidad-550x247.jpg 550w, https:\/\/www.rengoenlanoticia.cl\/prensa\/wp-content\/uploads\/2025\/06\/Foto-5-Camino-I-106-Fullingue-Navidad-800x359.jpg 800w, https:\/\/www.rengoenlanoticia.cl\/prensa\/wp-content\/uploads\/2025\/06\/Foto-5-Camino-I-106-Fullingue-Navidad-1160x521.jpg 1160w, https:\/\/www.rengoenlanoticia.cl\/prensa\/wp-content\/uploads\/2025\/06\/Foto-5-Camino-I-106-Fullingue-Navidad-scaled.jpg 2560w\" sizes=\"auto, (max-width: 1024px) 100vw, 1024px\" \/><\/figure>\n\n\n\n<p>La nueva obra contempl\u00f3 en su ejecuci\u00f3n, una base granular, tratamiento superficial con lechada asf\u00e1ltica, pavimento de concreto asf\u00e1ltico en tramos definidos, se\u00f1alizaci\u00f3n, demarcaci\u00f3n, obras de saneamiento y medidas de seguridad vial, entre otras medidas.<\/p>\n\n\n\n<p>El alcalde de Navidad, Yanko Blumen, valor\u00f3 el impacto de las obras en la comuna se\u00f1alando que <strong>\u201cestamos felices. Pasamos de vivir en el barro y el polvo a tener conectividad real. Los vecinos ahora pueden trasladarse con seguridad a otros sectores de la comuna, incluso a comunas aleda\u00f1as. En tres a\u00f1os se han pavimentados cerca de 55 km, subiendo la cobertura del 30% al 55% de pavimentos dentro de las v\u00edas rurales de Navidad. Es un avance hist\u00f3rico y agradecemos el compromiso del MOP con nuestra comuna\u201d<\/strong>.<\/p>\n\n\n\n<p>Cabe destacar que dichas obras forman parte de un plan mayor que contempla la pavimentaci\u00f3n de m\u00e1s de 30 kil\u00f3metros en distintos sectores de Navidad, con una inversi\u00f3n hist\u00f3rica de m\u00e1s de $12 mil millones, a trav\u00e9s de la ejecuci\u00f3n de contratos de conservaci\u00f3n vial y trabajos de los equipos de administraci\u00f3n directa de Direcci\u00f3n de Vialidad, beneficiando directamente a m\u00e1s de 15 mil personas del secano costero.<\/p>\n\n\n\n<figure class=\"wp-block-image size-large\"><img loading=\"lazy\" decoding=\"async\" width=\"1024\" height=\"460\" src=\"https:\/\/www.rengoenlanoticia.cl\/prensa\/wp-content\/uploads\/2025\/06\/Foto-4-Camino-I-106-Fullingue-Navidad-1024x460.jpg\" alt=\"\" class=\"wp-image-3620\" srcset=\"https:\/\/www.rengoenlanoticia.cl\/prensa\/wp-content\/uploads\/2025\/06\/Foto-4-Camino-I-106-Fullingue-Navidad-1024x460.jpg 1024w, https:\/\/www.rengoenlanoticia.cl\/prensa\/wp-content\/uploads\/2025\/06\/Foto-4-Camino-I-106-Fullingue-Navidad-300x135.jpg 300w, https:\/\/www.rengoenlanoticia.cl\/prensa\/wp-content\/uploads\/2025\/06\/Foto-4-Camino-I-106-Fullingue-Navidad-768x345.jpg 768w, https:\/\/www.rengoenlanoticia.cl\/prensa\/wp-content\/uploads\/2025\/06\/Foto-4-Camino-I-106-Fullingue-Navidad-1536x690.jpg 1536w, https:\/\/www.rengoenlanoticia.cl\/prensa\/wp-content\/uploads\/2025\/06\/Foto-4-Camino-I-106-Fullingue-Navidad-2048x920.jpg 2048w, https:\/\/www.rengoenlanoticia.cl\/prensa\/wp-content\/uploads\/2025\/06\/Foto-4-Camino-I-106-Fullingue-Navidad-110x49.jpg 110w, https:\/\/www.rengoenlanoticia.cl\/prensa\/wp-content\/uploads\/2025\/06\/Foto-4-Camino-I-106-Fullingue-Navidad-200x90.jpg 200w, https:\/\/www.rengoenlanoticia.cl\/prensa\/wp-content\/uploads\/2025\/06\/Foto-4-Camino-I-106-Fullingue-Navidad-380x171.jpg 380w, https:\/\/www.rengoenlanoticia.cl\/prensa\/wp-content\/uploads\/2025\/06\/Foto-4-Camino-I-106-Fullingue-Navidad-255x115.jpg 255w, https:\/\/www.rengoenlanoticia.cl\/prensa\/wp-content\/uploads\/2025\/06\/Foto-4-Camino-I-106-Fullingue-Navidad-550x247.jpg 550w, https:\/\/www.rengoenlanoticia.cl\/prensa\/wp-content\/uploads\/2025\/06\/Foto-4-Camino-I-106-Fullingue-Navidad-800x359.jpg 800w, https:\/\/www.rengoenlanoticia.cl\/prensa\/wp-content\/uploads\/2025\/06\/Foto-4-Camino-I-106-Fullingue-Navidad-1160x521.jpg 1160w, https:\/\/www.rengoenlanoticia.cl\/prensa\/wp-content\/uploads\/2025\/06\/Foto-4-Camino-I-106-Fullingue-Navidad-scaled.jpg 2560w\" sizes=\"auto, (max-width: 1024px) 100vw, 1024px\" \/><\/figure>\n\n\n\n<p>Azucena Cand\u00eda, presidenta de la Junta de Vecinos de Pupuya Sur, se\u00f1al\u00f3 su satisfacci\u00f3n con las obras se\u00f1alando que <strong>\u201cestoy feliz, porque ahora podemos llegar m\u00e1s r\u00e1pido a distintos puntos de la comuna. Este es un sector con una poblaci\u00f3n mayor, por lo que era fundamental que ambulancias o bomberos pudieran acceder sin demoras en caso de emergencia. Agradecida profundamente, porque hoy contamos con conectividad y seguridad, algo que so\u00f1amos durante a\u00f1os\u201d<\/strong>.<\/p>\n\n\n\n<p>Juan Palomino, residente de Fullingue, indic\u00f3 al finalizar el acto que <strong>\u201cmuy feliz por este pavimento, un lujo. Antes el viaje a Litueche tomaba medio d\u00eda, hoy son 20 minutos. El barro en invierno era terrible, y ahora la locomoci\u00f3n funciona d\u00eda y noche. Es un cambio radical para todos. Estamos agradecidos por este regalo que mejora nuestra calidad de vida\u201d.<\/strong><\/p>\n\n\n\n<p>Con esta entrega, el MOP O\u2019Higgins reafirma su compromiso con el desarrollo equitativo de los territorios, priorizando la inversi\u00f3n en infraestructura para las comunidades rurales m\u00e1s necesitadas, con el objetivo de mejorar la conectividad, las condiciones de tr\u00e1nsito y potenciar el turismo local.<\/p>\n","protected":false},"excerpt":{"rendered":"Obras son parte de plan integral de pavimentaci\u00f3n de m\u00e1s de 30 km y consideran una inversi\u00f3n superior&hellip;\n","protected":false},"author":2,"featured_media":3617,"comment_status":"open","ping_status":"open","sticky":false,"template":"","format":"standard","meta":{"_monsterinsights_skip_tracking":false,"_monsterinsights_sitenote_active":false,"_monsterinsights_sitenote_note":"","_monsterinsights_sitenote_category":0,"footnotes":""},"categories":[8],"tags":[],"class_list":{"0":"post-3616","1":"post","2":"type-post","3":"status-publish","4":"format-standard","5":"has-post-thumbnail","7":"category-portada"},"aioseo_notices":[],"_links":{"self":[{"href":"https:\/\/www.rengoenlanoticia.cl\/prensa\/wp-json\/wp\/v2\/posts\/3616","targetHints":{"allow":["GET"]}}],"collection":[{"href":"https:\/\/www.rengoenlanoticia.cl\/prensa\/wp-json\/wp\/v2\/posts"}],"about":[{"href":"https:\/\/www.rengoenlanoticia.cl\/prensa\/wp-json\/wp\/v2\/types\/post"}],"author":[{"embeddable":true,"href":"https:\/\/www.rengoenlanoticia.cl\/prensa\/wp-json\/wp\/v2\/users\/2"}],"replies":[{"embeddable":true,"href":"https:\/\/www.rengoenlanoticia.cl\/prensa\/wp-json\/wp\/v2\/comments?post=3616"}],"version-history":[{"count":3,"href":"https:\/\/www.rengoenlanoticia.cl\/prensa\/wp-json\/wp\/v2\/posts\/3616\/revisions"}],"predecessor-version":[{"id":3632,"href":"https:\/\/www.rengoenlanoticia.cl\/prensa\/wp-json\/wp\/v2\/posts\/3616\/revisions\/3632"}],"wp:featuredmedia":[{"embeddable":true,"href":"https:\/\/www.rengoenlanoticia.cl\/prensa\/wp-json\/wp\/v2\/media\/3617"}],"wp:attachment":[{"href":"https:\/\/www.rengoenlanoticia.cl\/prensa\/wp-json\/wp\/v2\/media?parent=3616"}],"wp:term":[{"taxonomy":"category","embeddable":true,"href":"https:\/\/www.rengoenlanoticia.cl\/prensa\/wp-json\/wp\/v2\/categories?post=3616"},{"taxonomy":"post_tag","embeddable":true,"href":"https:\/\/www.rengoenlanoticia.cl\/prensa\/wp-json\/wp\/v2\/tags?post=3616"}],"curies":[{"name":"wp","href":"https:\/\/api.w.org\/{rel}","templated":true}]}}