{"id":3610,"date":"2025-06-10T22:49:18","date_gmt":"2025-06-10T22:49:18","guid":{"rendered":"https:\/\/www.rengoenlanoticia.cl\/prensa\/?p=3610"},"modified":"2025-06-10T22:49:49","modified_gmt":"2025-06-10T22:49:49","slug":"un-invierno-que-enfrentamos-entre-todos","status":"publish","type":"post","link":"https:\/\/www.rengoenlanoticia.cl\/prensa\/2025\/06\/10\/un-invierno-que-enfrentamos-entre-todos\/","title":{"rendered":"Un invierno que enfrentamos entre todos"},"content":{"rendered":"\n<p><br><em>Por Jaime Guti\u00e9rrez, Director del Servicio de Salud O\u2019Higgins<\/em><\/p>\n\n\n\n<p>Este invierno no ha dado tregua. Si bien las cifras epidemiol\u00f3gicas comienzan a mostrar una leve disminuci\u00f3n en los casos de influenza tipo A, la presi\u00f3n sobre nuestro sistema de salud sigue siendo alta. En la Regi\u00f3n de O\u2019Higgins, la ocupaci\u00f3n de camas UCI y las consultas respiratorias en adultos han aumentado en comparaci\u00f3n con el mismo per\u00edodo del a\u00f1o pasado. Nos enfrentamos a un desaf\u00edo considerable, pero tambi\u00e9n a una oportunidad para reforzar el compromiso colectivo que ya hemos demostrado durante esta Campa\u00f1a de Invierno.<\/p>\n\n\n\n<p>Desde el Servicio de Salud O\u2019Higgins hemos desplegado una estrategia integral para enfrentar este momento cr\u00edtico. Hemos habilitado nuevas camas, fortalecido la red de derivaci\u00f3n entre hospitales y redistribuido recursos humanos y log\u00edsticos para responder de manera efectiva a la alta demanda. Asimismo, implementamos un acompa\u00f1amiento activo a los servicios de urgencia y hospitalizaci\u00f3n, con el objetivo de optimizar la gesti\u00f3n de camas y asegurar que cada paciente reciba atenci\u00f3n oportuna y adecuada.<\/p>\n\n\n\n<p>Sabemos, sin embargo, que el esfuerzo institucional no es suficiente. Esta campa\u00f1a no se gana \u00fanicamente con m\u00e1s camas ni con m\u00e1s turnos m\u00e9dicos. Se gana tambi\u00e9n en los hogares, en las escuelas, en los lugares de trabajo, a trav\u00e9s de decisiones cotidianas que pueden salvar vidas.<\/p>\n\n\n\n<p>En este contexto, la prevenci\u00f3n juega un rol fundamental. Y no se trata solo de vacunarse \u2014aunque la vacunaci\u00f3n sigue siendo nuestra mejor herramienta para evitar cuadros graves\u2014 sino tambi\u00e9n de adoptar medidas simples pero efectivas: el lavado frecuente de manos, el uso responsable de mascarillas en espacios cerrados o con aglomeraciones, la ventilaci\u00f3n de los ambientes, quedarse en casa si se presentan s\u00edntomas y, sobre todo, consultar a tiempo utilizando canales como&nbsp;<em>Salud Responde<\/em>&nbsp;o los centros de atenci\u00f3n primaria. Cada una de estas acciones contribuye a descongestionar la red, prevenir contagios y proteger a los m\u00e1s vulnerables.<\/p>\n\n\n\n<p>Hoy m\u00e1s que nunca, debemos cuidar especialmente a nuestros adultos mayores, a los ni\u00f1os peque\u00f1os y a las personas con enfermedades cr\u00f3nicas. Ya hemos lamentado fallecimientos en la regi\u00f3n, y en varios de estos casos, las personas no contaban con su esquema de vacunaci\u00f3n al d\u00eda. Por eso, insistimos: si a\u00fan no lo ha hecho, vac\u00fanese. Si tiene dudas, ac\u00e9rquese a su Cesfam, converse con su equipo de salud e inf\u00f3rmese. Vacunarse es un acto de amor, de responsabilidad y de confianza en nuestra red de salud.<\/p>\n\n\n\n<p>Desde el Comit\u00e9 de Campa\u00f1a de Invierno del sector salud, continuamos monitoreando la evoluci\u00f3n del virus respiratorio sincicial, cuya circulaci\u00f3n aumentar\u00e1 en las pr\u00f3ximas semanas. Nos estamos preparando para ello, pero tambi\u00e9n necesitamos que la comunidad haga lo propio: que refuerce el autocuidado en casa, evite la exposici\u00f3n innecesaria al fr\u00edo y est\u00e9 atenta a los signos de alarma, especialmente en menores de edad y adultos mayores.<\/p>\n\n\n\n<p>En tiempos dif\u00edciles, la salud se cuida entre todos. Este invierno nos recuerda que cada decisi\u00f3n cuenta, desde una vacuna hasta una mascarilla bien puesta. El llamado sigue siendo claro y urgente: prevengamos juntos, cuid\u00e9monos entre todos y respondamos como regi\u00f3n. Contamos con una red de salud s\u00f3lida, un equipo humano comprometido y una comunidad que ha demostrado estar a la altura.<\/p>\n\n\n\n<p>Con responsabilidad, solidaridad y prevenci\u00f3n, saldremos adelante.<\/p>\n\n\n\n<p>Porque cuidarnos es una tarea compartida. Y el momento de actuar es ahora.<\/p>\n","protected":false},"excerpt":{"rendered":"Por Jaime Guti\u00e9rrez, Director del Servicio de Salud O\u2019Higgins Este invierno no ha dado tregua. Si bien las&hellip;\n","protected":false},"author":1,"featured_media":3615,"comment_status":"open","ping_status":"open","sticky":false,"template":"","format":"standard","meta":{"_monsterinsights_skip_tracking":false,"_monsterinsights_sitenote_active":false,"_monsterinsights_sitenote_note":"","_monsterinsights_sitenote_category":0,"footnotes":""},"categories":[8],"tags":[],"class_list":{"0":"post-3610","1":"post","2":"type-post","3":"status-publish","4":"format-standard","5":"has-post-thumbnail","7":"category-portada"},"aioseo_notices":[],"_links":{"self":[{"href":"https:\/\/www.rengoenlanoticia.cl\/prensa\/wp-json\/wp\/v2\/posts\/3610","targetHints":{"allow":["GET"]}}],"collection":[{"href":"https:\/\/www.rengoenlanoticia.cl\/prensa\/wp-json\/wp\/v2\/posts"}],"about":[{"href":"https:\/\/www.rengoenlanoticia.cl\/prensa\/wp-json\/wp\/v2\/types\/post"}],"author":[{"embeddable":true,"href":"https:\/\/www.rengoenlanoticia.cl\/prensa\/wp-json\/wp\/v2\/users\/1"}],"replies":[{"embeddable":true,"href":"https:\/\/www.rengoenlanoticia.cl\/prensa\/wp-json\/wp\/v2\/comments?post=3610"}],"version-history":[{"count":2,"href":"https:\/\/www.rengoenlanoticia.cl\/prensa\/wp-json\/wp\/v2\/posts\/3610\/revisions"}],"predecessor-version":[{"id":3629,"href":"https:\/\/www.rengoenlanoticia.cl\/prensa\/wp-json\/wp\/v2\/posts\/3610\/revisions\/3629"}],"wp:featuredmedia":[{"embeddable":true,"href":"https:\/\/www.rengoenlanoticia.cl\/prensa\/wp-json\/wp\/v2\/media\/3615"}],"wp:attachment":[{"href":"https:\/\/www.rengoenlanoticia.cl\/prensa\/wp-json\/wp\/v2\/media?parent=3610"}],"wp:term":[{"taxonomy":"category","embeddable":true,"href":"https:\/\/www.rengoenlanoticia.cl\/prensa\/wp-json\/wp\/v2\/categories?post=3610"},{"taxonomy":"post_tag","embeddable":true,"href":"https:\/\/www.rengoenlanoticia.cl\/prensa\/wp-json\/wp\/v2\/tags?post=3610"}],"curies":[{"name":"wp","href":"https:\/\/api.w.org\/{rel}","templated":true}]}}