{"id":3604,"date":"2025-06-10T22:42:36","date_gmt":"2025-06-10T22:42:36","guid":{"rendered":"https:\/\/www.rengoenlanoticia.cl\/prensa\/?p=3604"},"modified":"2025-06-10T22:50:36","modified_gmt":"2025-06-10T22:50:36","slug":"nueva-psicologa-viene-a-fortalecer-unidad-de-salud-mental-en-hospital-de-litueche","status":"publish","type":"post","link":"https:\/\/www.rengoenlanoticia.cl\/prensa\/2025\/06\/10\/nueva-psicologa-viene-a-fortalecer-unidad-de-salud-mental-en-hospital-de-litueche\/","title":{"rendered":"Nueva psic\u00f3loga viene a fortalecer Unidad de Salud Mental en Hospital de Litueche"},"content":{"rendered":"\n<ul class=\"wp-block-list\">\n<li>\u00a0Romina Calder\u00f3n llega con el compromiso de aportar a la reducci\u00f3n de la lista de espera y brindar una atenci\u00f3n cercana y humana a los pacientes de la comuna.<\/li>\n<\/ul>\n\n\n\n<p><em>Litueche, 10 de junio de 2025<\/em>.- Con el objetivo de reforzar el equipo cl\u00ednico de la Unidad de Salud Mental del Hospital de Litueche y as\u00ed mejorar la calidad y oportunidad de la atenci\u00f3n a los usuarios, se integr\u00f3 recientemente la psic\u00f3loga Romina Calder\u00f3n. Su incorporaci\u00f3n busca dar respuesta a la creciente demanda en salud mental, especialmente ante la extensa lista de espera que afecta al recinto asistencial.<\/p>\n\n\n\n<p>\u201cEstoy profundamente emocionada y feliz de formar parte de este equipo de salud mental en el hospital de Litueche. Es para m\u00ed un gran honor y una oportunidad que asumo con respeto, cari\u00f1o y compromiso. Llego con la intenci\u00f3n de aportar desde mi experiencia y sensibilidad, y de seguir construyendo junto a este equipo espacios donde la salud mental y emocional de las personas sea realmente valorada\u201d, expres\u00f3 la profesional.<\/p>\n\n\n\n<p><br>Calder\u00f3n destac\u00f3 tambi\u00e9n su convicci\u00f3n en \u201cel poder transformador de la escucha, la palabra y el lazo humano\u201d, y manifest\u00f3 su deseo de que cada persona que se atienda en el hospital sea reconocida \u201ccomo un sujeto \u00fanico, digno de cuidado y atenci\u00f3n\u201d.<\/p>\n\n\n\n<p>Desde el Programa de Salud Mental, su encargada Nataly C\u00e9spedes valor\u00f3 la llegada de la nueva profesional, se\u00f1alando que \u201cesto es un gran logro, fruto de diversas gestiones para aumentar las prestaciones y la dotaci\u00f3n profesional. En los \u00faltimos a\u00f1os hemos visto un alza sostenida en las patolog\u00edas de salud mental, lo que, sumado al crecimiento de la poblaci\u00f3n en Litueche, ha dificultado una atenci\u00f3n oportuna. Con esta incorporaci\u00f3n esperamos reducir significativamente la lista de espera\u201d.<\/p>\n\n\n\n<p>Por su parte, el director del Hospital de Litueche, Dr. Edson Vivanco, reafirm\u00f3 el compromiso de la instituci\u00f3n con el fortalecimiento de este \u00e1mbito, destacando que \u201cdesde esta direcci\u00f3n asumimos con responsabilidad y convicci\u00f3n el desaf\u00edo de ampliar las oportunidades de acceso a la salud mental. Sabemos que el bienestar psicol\u00f3gico es tan relevante como el f\u00edsico, y que s\u00f3lo fortaleciendo esta \u00e1rea podemos responder de manera integral a las necesidades reales de nuestra comunidad. Por eso, uno de nuestros ejes de gesti\u00f3n ser\u00e1 impulsar acciones concretas para aumentar la cobertura, continuidad y calidad de las atenciones en salud mental\u201d.<\/p>\n","protected":false},"excerpt":{"rendered":"Litueche, 10 de junio de 2025.- Con el objetivo de reforzar el equipo cl\u00ednico de la Unidad de&hellip;\n","protected":false},"author":2,"featured_media":3613,"comment_status":"open","ping_status":"open","sticky":false,"template":"","format":"standard","meta":{"_monsterinsights_skip_tracking":false,"_monsterinsights_sitenote_active":false,"_monsterinsights_sitenote_note":"","_monsterinsights_sitenote_category":0,"footnotes":""},"categories":[11,8],"tags":[],"class_list":{"0":"post-3604","1":"post","2":"type-post","3":"status-publish","4":"format-standard","5":"has-post-thumbnail","7":"category-politica","8":"category-portada"},"aioseo_notices":[],"_links":{"self":[{"href":"https:\/\/www.rengoenlanoticia.cl\/prensa\/wp-json\/wp\/v2\/posts\/3604","targetHints":{"allow":["GET"]}}],"collection":[{"href":"https:\/\/www.rengoenlanoticia.cl\/prensa\/wp-json\/wp\/v2\/posts"}],"about":[{"href":"https:\/\/www.rengoenlanoticia.cl\/prensa\/wp-json\/wp\/v2\/types\/post"}],"author":[{"embeddable":true,"href":"https:\/\/www.rengoenlanoticia.cl\/prensa\/wp-json\/wp\/v2\/users\/2"}],"replies":[{"embeddable":true,"href":"https:\/\/www.rengoenlanoticia.cl\/prensa\/wp-json\/wp\/v2\/comments?post=3604"}],"version-history":[{"count":3,"href":"https:\/\/www.rengoenlanoticia.cl\/prensa\/wp-json\/wp\/v2\/posts\/3604\/revisions"}],"predecessor-version":[{"id":3623,"href":"https:\/\/www.rengoenlanoticia.cl\/prensa\/wp-json\/wp\/v2\/posts\/3604\/revisions\/3623"}],"wp:featuredmedia":[{"embeddable":true,"href":"https:\/\/www.rengoenlanoticia.cl\/prensa\/wp-json\/wp\/v2\/media\/3613"}],"wp:attachment":[{"href":"https:\/\/www.rengoenlanoticia.cl\/prensa\/wp-json\/wp\/v2\/media?parent=3604"}],"wp:term":[{"taxonomy":"category","embeddable":true,"href":"https:\/\/www.rengoenlanoticia.cl\/prensa\/wp-json\/wp\/v2\/categories?post=3604"},{"taxonomy":"post_tag","embeddable":true,"href":"https:\/\/www.rengoenlanoticia.cl\/prensa\/wp-json\/wp\/v2\/tags?post=3604"}],"curies":[{"name":"wp","href":"https:\/\/api.w.org\/{rel}","templated":true}]}}