{"id":3582,"date":"2025-06-10T22:25:36","date_gmt":"2025-06-10T22:25:36","guid":{"rendered":"https:\/\/www.rengoenlanoticia.cl\/prensa\/?p=3582"},"modified":"2025-06-10T22:31:00","modified_gmt":"2025-06-10T22:31:00","slug":"daria-mi-vida-porque-mi-hijo-estuviera-bien-marco-el-padre-que-lo-dejo-todo-por-cuidar-a-kevin","status":"publish","type":"post","link":"https:\/\/www.rengoenlanoticia.cl\/prensa\/2025\/06\/10\/daria-mi-vida-porque-mi-hijo-estuviera-bien-marco-el-padre-que-lo-dejo-todo-por-cuidar-a-kevin\/","title":{"rendered":"\u201cDar\u00eda mi vida porque mi hijo estuviera bien\u201d: Marco, el padre que lo dej\u00f3 todo por cuidar a Kevin"},"content":{"rendered":"\n<p>Cuando a Marco Antonio Acevedo le dijeron que su hijo Kevin ten\u00eda una grave enfermedad, sinti\u00f3 que el mundo se deten\u00eda. \u201cFue muy duro, muy doloroso. Uno nunca est\u00e1 preparado para algo as\u00ed, se te pasan mil cosas por la cabeza\u201d, comenta. Lo que vino despu\u00e9s fue una decisi\u00f3n que cambi\u00f3 su vida: dejarlo todo para estar junto a su hijo.<\/p>\n\n\n\n<p>Habitante de la Quinta de Tilcoco, en la Regi\u00f3n de O\u2019Higgins, donde compart\u00eda casa con su pareja y sus dos hijos, tuvo un cambio radical cuando uno de ellos fue diagnosticado de c\u00e1ncer, momento en que Marco tom\u00f3 sus cosas, dej\u00f3 su trabajo y viaj\u00f3 a Santiago. \u201cNo conoc\u00edamos a nadie, fue un cambio brusco, muy dif\u00edcil. Tuvimos que separarnos de nuestra hija, dejar nuestra casa. Todo por estar con \u00e9l\u201d.<\/p>\n\n\n\n<p>Hoy, Marco y su pareja viven en la Casa de Acogida de Fundaci\u00f3n Nuestros Hijos, acompa\u00f1ando d\u00eda a d\u00eda a Kevin en su tratamiento. Duermen poco, se turnan para estar con \u00e9l, y a\u00fan as\u00ed, cada jornada es una batalla. \u201cHay d\u00edas dif\u00edciles, pero mi hijo nos da la fuerza, \u00e9l quiere seguir viviendo y eso nos empuja a seguir\u201d.<\/p>\n\n\n\n<figure class=\"wp-block-image size-large\"><img loading=\"lazy\" decoding=\"async\" width=\"1024\" height=\"514\" src=\"https:\/\/www.rengoenlanoticia.cl\/prensa\/wp-content\/uploads\/2025\/06\/IMG-20250604-WA0030-1024x514.jpg\" alt=\"\" class=\"wp-image-3591\" srcset=\"https:\/\/www.rengoenlanoticia.cl\/prensa\/wp-content\/uploads\/2025\/06\/IMG-20250604-WA0030-1024x514.jpg 1024w, https:\/\/www.rengoenlanoticia.cl\/prensa\/wp-content\/uploads\/2025\/06\/IMG-20250604-WA0030-300x151.jpg 300w, https:\/\/www.rengoenlanoticia.cl\/prensa\/wp-content\/uploads\/2025\/06\/IMG-20250604-WA0030-768x385.jpg 768w, https:\/\/www.rengoenlanoticia.cl\/prensa\/wp-content\/uploads\/2025\/06\/IMG-20250604-WA0030-1536x771.jpg 1536w, https:\/\/www.rengoenlanoticia.cl\/prensa\/wp-content\/uploads\/2025\/06\/IMG-20250604-WA0030-110x55.jpg 110w, https:\/\/www.rengoenlanoticia.cl\/prensa\/wp-content\/uploads\/2025\/06\/IMG-20250604-WA0030-200x100.jpg 200w, https:\/\/www.rengoenlanoticia.cl\/prensa\/wp-content\/uploads\/2025\/06\/IMG-20250604-WA0030-380x191.jpg 380w, https:\/\/www.rengoenlanoticia.cl\/prensa\/wp-content\/uploads\/2025\/06\/IMG-20250604-WA0030-255x128.jpg 255w, https:\/\/www.rengoenlanoticia.cl\/prensa\/wp-content\/uploads\/2025\/06\/IMG-20250604-WA0030-550x276.jpg 550w, https:\/\/www.rengoenlanoticia.cl\/prensa\/wp-content\/uploads\/2025\/06\/IMG-20250604-WA0030-800x402.jpg 800w, https:\/\/www.rengoenlanoticia.cl\/prensa\/wp-content\/uploads\/2025\/06\/IMG-20250604-WA0030-1160x582.jpg 1160w, https:\/\/www.rengoenlanoticia.cl\/prensa\/wp-content\/uploads\/2025\/06\/IMG-20250604-WA0030.jpg 1600w\" sizes=\"auto, (max-width: 1024px) 100vw, 1024px\" \/><\/figure>\n\n\n\n<p>De todo este proceso, dice que ha recibido una lecci\u00f3n que nunca olvidar\u00e1: \u201cMi hijo me ha ense\u00f1ado lo valiente que es, me ha hecho m\u00e1s fuerte como pap\u00e1 y como persona, es un ni\u00f1o incre\u00edble. Lo que m\u00e1s me gusta de esta experiencia, a pesar del dolor, es que me ha unido m\u00e1s a \u00e9l\u201d.<\/p>\n\n\n\n<p>En este D\u00eda del Padre, Marco no pide regalos ni celebraciones. Solo tiene un deseo: salud para su hijo. \u201cYo dar\u00eda mi vida porque Kevin estuviera bien. Y si tengo que dormir en la calle o en un pasillo, lo har\u00eda. Porque mi hijo y mi familia lo son todo\u201d.<\/p>\n\n\n\n<figure class=\"wp-block-image size-large\"><img loading=\"lazy\" decoding=\"async\" width=\"1024\" height=\"758\" src=\"https:\/\/www.rengoenlanoticia.cl\/prensa\/wp-content\/uploads\/2025\/06\/IMG-20250604-WA0033-1024x758.jpg\" alt=\"\" class=\"wp-image-3593\" srcset=\"https:\/\/www.rengoenlanoticia.cl\/prensa\/wp-content\/uploads\/2025\/06\/IMG-20250604-WA0033-1024x758.jpg 1024w, https:\/\/www.rengoenlanoticia.cl\/prensa\/wp-content\/uploads\/2025\/06\/IMG-20250604-WA0033-300x222.jpg 300w, https:\/\/www.rengoenlanoticia.cl\/prensa\/wp-content\/uploads\/2025\/06\/IMG-20250604-WA0033-768x568.jpg 768w, https:\/\/www.rengoenlanoticia.cl\/prensa\/wp-content\/uploads\/2025\/06\/IMG-20250604-WA0033-110x81.jpg 110w, https:\/\/www.rengoenlanoticia.cl\/prensa\/wp-content\/uploads\/2025\/06\/IMG-20250604-WA0033-200x148.jpg 200w, https:\/\/www.rengoenlanoticia.cl\/prensa\/wp-content\/uploads\/2025\/06\/IMG-20250604-WA0033-380x281.jpg 380w, https:\/\/www.rengoenlanoticia.cl\/prensa\/wp-content\/uploads\/2025\/06\/IMG-20250604-WA0033-255x189.jpg 255w, https:\/\/www.rengoenlanoticia.cl\/prensa\/wp-content\/uploads\/2025\/06\/IMG-20250604-WA0033-550x407.jpg 550w, https:\/\/www.rengoenlanoticia.cl\/prensa\/wp-content\/uploads\/2025\/06\/IMG-20250604-WA0033-800x592.jpg 800w, https:\/\/www.rengoenlanoticia.cl\/prensa\/wp-content\/uploads\/2025\/06\/IMG-20250604-WA0033-1160x859.jpg 1160w, https:\/\/www.rengoenlanoticia.cl\/prensa\/wp-content\/uploads\/2025\/06\/IMG-20250604-WA0033.jpg 1170w\" sizes=\"auto, (max-width: 1024px) 100vw, 1024px\" \/><\/figure>\n\n\n\n<p>Y deja un mensaje para otros padres: \u201cCuando uno tiene un hijo enfermo, lo \u00fanico que importa es estar. Ojal\u00e1 todos los ni\u00f1os pudieran contar con su pap\u00e1 y su mam\u00e1 en este proceso. Juntos, se puede hacer frente de mejor manera\u201d.<\/p>\n\n\n\n<p>Para m\u00e1s informaci\u00f3n sobre Fundaci\u00f3n Nuestros Hijos y su Casa de Acogida, visitar su p\u00e1gina web&nbsp;<a href=\"http:\/\/www.fnh.cl\/\" target=\"_blank\" rel=\"noreferrer noopener\">www.fnh.cl<\/a><\/p>\n","protected":false},"excerpt":{"rendered":"Cuando a Marco Antonio Acevedo le dijeron que su hijo Kevin ten\u00eda una grave enfermedad, sinti\u00f3 que el&hellip;\n","protected":false},"author":1,"featured_media":3590,"comment_status":"open","ping_status":"open","sticky":false,"template":"","format":"standard","meta":{"_monsterinsights_skip_tracking":false,"_monsterinsights_sitenote_active":false,"_monsterinsights_sitenote_note":"","_monsterinsights_sitenote_category":0,"footnotes":""},"categories":[11,8],"tags":[],"class_list":{"0":"post-3582","1":"post","2":"type-post","3":"status-publish","4":"format-standard","5":"has-post-thumbnail","7":"category-politica","8":"category-portada"},"aioseo_notices":[],"_links":{"self":[{"href":"https:\/\/www.rengoenlanoticia.cl\/prensa\/wp-json\/wp\/v2\/posts\/3582","targetHints":{"allow":["GET"]}}],"collection":[{"href":"https:\/\/www.rengoenlanoticia.cl\/prensa\/wp-json\/wp\/v2\/posts"}],"about":[{"href":"https:\/\/www.rengoenlanoticia.cl\/prensa\/wp-json\/wp\/v2\/types\/post"}],"author":[{"embeddable":true,"href":"https:\/\/www.rengoenlanoticia.cl\/prensa\/wp-json\/wp\/v2\/users\/1"}],"replies":[{"embeddable":true,"href":"https:\/\/www.rengoenlanoticia.cl\/prensa\/wp-json\/wp\/v2\/comments?post=3582"}],"version-history":[{"count":3,"href":"https:\/\/www.rengoenlanoticia.cl\/prensa\/wp-json\/wp\/v2\/posts\/3582\/revisions"}],"predecessor-version":[{"id":3612,"href":"https:\/\/www.rengoenlanoticia.cl\/prensa\/wp-json\/wp\/v2\/posts\/3582\/revisions\/3612"}],"wp:featuredmedia":[{"embeddable":true,"href":"https:\/\/www.rengoenlanoticia.cl\/prensa\/wp-json\/wp\/v2\/media\/3590"}],"wp:attachment":[{"href":"https:\/\/www.rengoenlanoticia.cl\/prensa\/wp-json\/wp\/v2\/media?parent=3582"}],"wp:term":[{"taxonomy":"category","embeddable":true,"href":"https:\/\/www.rengoenlanoticia.cl\/prensa\/wp-json\/wp\/v2\/categories?post=3582"},{"taxonomy":"post_tag","embeddable":true,"href":"https:\/\/www.rengoenlanoticia.cl\/prensa\/wp-json\/wp\/v2\/tags?post=3582"}],"curies":[{"name":"wp","href":"https:\/\/api.w.org\/{rel}","templated":true}]}}